{"id":8213,"date":"2025-03-08T21:33:12","date_gmt":"2025-03-09T00:33:12","guid":{"rendered":"http:\/\/www.ccsa.ufpb.br\/pesquisarquivistica\/?p=8213"},"modified":"2025-03-08T21:33:12","modified_gmt":"2025-03-09T00:33:12","slug":"satisfacao-com-a-formacao-academica-e-a-insercao-no-mercado-de-trabalho-a-percepcao-dos-egressos-do-curso-de-arquivologia-em-uma-universidade-publica-2024-atual","status":"publish","type":"post","link":"https:\/\/www.ccsa.ufpb.br\/pesquisarquivistica\/satisfacao-com-a-formacao-academica-e-a-insercao-no-mercado-de-trabalho-a-percepcao-dos-egressos-do-curso-de-arquivologia-em-uma-universidade-publica-2024-atual\/","title":{"rendered":"SATISFA\u00c7\u00c3O COM A FORMA\u00c7\u00c3O ACAD\u00caMICA E A INSER\u00c7\u00c3O NO MERCADO DE TRABALHO: a Percep\u00e7\u00e3o dos Egressos do Curso de Arquivologia em uma Universidade P\u00fablica (2024-Atual)"},"content":{"rendered":"\n<p>Integrantes: <a href=\"http:\/\/lattes.cnpq.br\/8080177160310323\">Jacqueline Echeverr\u00eda Barrancos <\/a>&#8211; Coordenador \/ Manuela Eug\u00eanio Maia &#8211; Integrante \/ Gabriel Vitor Rocha Gomes de Melo &#8211; Integrante.<\/p>\n\n\n\n<p>Este projeto tem como principal objetivo analisar a percep\u00e7\u00e3o dos egressos do curso de Bacharelado em Arquivologia da Universidade Estadual da Para\u00edba p\u00fablica em rela\u00e7\u00e3o \u00e0 sua forma\u00e7\u00e3o acad\u00eamica e \u00e0 inser\u00e7\u00e3o no mercado de trabalho. O conjunto de crit\u00e9rios de satisfa\u00e7\u00e3o \u00e9 formado basicamente pelas vari\u00e1veis relativas \u00e0 gest\u00e3o do curso \u00e0 empregabilidade frente ao mercado de trabalho, perfil dos docentes, estrutura curricular, est\u00e1gio, extens\u00e3o, pesquisa, e estrutura f\u00edsica da universidade. Pressup\u00f5e-se que h\u00e1 necessidade de investigar este tema na atualidade e saber da adequa\u00e7\u00e3o na forma\u00e7\u00e3o deste profissional de forma a atender as atuais exig\u00eancias no mercado de trabalho. O universo amostral para obten\u00e7\u00e3o de resultados compreender\u00e1 aos egressos dos anos de 2010 a 2024 do curso de Arquivologia.<\/p>\n","protected":false},"excerpt":{"rendered":"<p>Integrantes: Jacqueline Echeverr\u00eda Barrancos &#8211; Coordenador \/ Manuela Eug\u00eanio Maia &#8211; Integrante \/ Gabriel Vitor Rocha Gomes de Melo &#8211; Integrante. Este projeto tem como principal objetivo analisar a percep\u00e7\u00e3o dos egressos do curso de Bacharelado em Arquivologia da Universidade Estadual da Para\u00edba p\u00fablica em rela\u00e7\u00e3o \u00e0 sua forma\u00e7\u00e3o acad\u00eamica e \u00e0 inser\u00e7\u00e3o no mercado [&hellip;]<\/p>\n","protected":false},"author":4,"featured_media":0,"comment_status":"open","ping_status":"open","sticky":false,"template":"","format":"standard","meta":{"ocean_post_layout":"","ocean_both_sidebars_style":"","ocean_both_sidebars_content_width":0,"ocean_both_sidebars_sidebars_width":0,"ocean_sidebar":"","ocean_second_sidebar":"","ocean_disable_margins":"enable","ocean_add_body_class":"","ocean_shortcode_before_top_bar":"","ocean_shortcode_after_top_bar":"","ocean_shortcode_before_header":"","ocean_shortcode_after_header":"","ocean_has_shortcode":"","ocean_shortcode_after_title":"","ocean_shortcode_before_footer_widgets":"","ocean_shortcode_after_footer_widgets":"","ocean_shortcode_before_footer_bottom":"","ocean_shortcode_after_footer_bottom":"","ocean_display_top_bar":"default","ocean_display_header":"default","ocean_header_style":"","ocean_center_header_left_menu":"","ocean_custom_header_template":"","ocean_custom_logo":0,"ocean_custom_retina_logo":0,"ocean_custom_logo_max_width":0,"ocean_custom_logo_tablet_max_width":0,"ocean_custom_logo_mobile_max_width":0,"ocean_custom_logo_max_height":0,"ocean_custom_logo_tablet_max_height":0,"ocean_custom_logo_mobile_max_height":0,"ocean_header_custom_menu":"","ocean_menu_typo_font_family":"","ocean_menu_typo_font_subset":"","ocean_menu_typo_font_size":0,"ocean_menu_typo_font_size_tablet":0,"ocean_menu_typo_font_size_mobile":0,"ocean_menu_typo_font_size_unit":"px","ocean_menu_typo_font_weight":"","ocean_menu_typo_font_weight_tablet":"","ocean_menu_typo_font_weight_mobile":"","ocean_menu_typo_transform":"","ocean_menu_typo_transform_tablet":"","ocean_menu_typo_transform_mobile":"","ocean_menu_typo_line_height":0,"ocean_menu_typo_line_height_tablet":0,"ocean_menu_typo_line_height_mobile":0,"ocean_menu_typo_line_height_unit":"","ocean_menu_typo_spacing":0,"ocean_menu_typo_spacing_tablet":0,"ocean_menu_typo_spacing_mobile":0,"ocean_menu_typo_spacing_unit":"","ocean_menu_link_color":"","ocean_menu_link_color_hover":"","ocean_menu_link_color_active":"","ocean_menu_link_background":"","ocean_menu_link_hover_background":"","ocean_menu_link_active_background":"","ocean_menu_social_links_bg":"","ocean_menu_social_hover_links_bg":"","ocean_menu_social_links_color":"","ocean_menu_social_hover_links_color":"","ocean_disable_title":"default","ocean_disable_heading":"default","ocean_post_title":"","ocean_post_subheading":"","ocean_post_title_style":"","ocean_post_title_background_color":"","ocean_post_title_background":0,"ocean_post_title_bg_image_position":"","ocean_post_title_bg_image_attachment":"","ocean_post_title_bg_image_repeat":"","ocean_post_title_bg_image_size":"","ocean_post_title_height":0,"ocean_post_title_bg_overlay":0.5,"ocean_post_title_bg_overlay_color":"","ocean_disable_breadcrumbs":"default","ocean_breadcrumbs_color":"","ocean_breadcrumbs_separator_color":"","ocean_breadcrumbs_links_color":"","ocean_breadcrumbs_links_hover_color":"","ocean_display_footer_widgets":"default","ocean_display_footer_bottom":"default","ocean_custom_footer_template":"","ocean_post_oembed":"","ocean_post_self_hosted_media":"","ocean_post_video_embed":"","ocean_link_format":"","ocean_link_format_target":"self","ocean_quote_format":"","ocean_quote_format_link":"post","ocean_gallery_link_images":"on","ocean_gallery_id":[],"footnotes":""},"categories":[596,9],"tags":[431,218,635],"class_list":["post-8213","post","type-post","status-publish","format-standard","hentry","category-docente","category-projetos-de-pesquisa","tag-curso-de-arquivologia","tag-mercado-de-trabalho","tag-universidade-estadual-da-paraiba-uepb","entry"],"_links":{"self":[{"href":"https:\/\/www.ccsa.ufpb.br\/pesquisarquivistica\/wp-json\/wp\/v2\/posts\/8213","targetHints":{"allow":["GET"]}}],"collection":[{"href":"https:\/\/www.ccsa.ufpb.br\/pesquisarquivistica\/wp-json\/wp\/v2\/posts"}],"about":[{"href":"https:\/\/www.ccsa.ufpb.br\/pesquisarquivistica\/wp-json\/wp\/v2\/types\/post"}],"author":[{"embeddable":true,"href":"https:\/\/www.ccsa.ufpb.br\/pesquisarquivistica\/wp-json\/wp\/v2\/users\/4"}],"replies":[{"embeddable":true,"href":"https:\/\/www.ccsa.ufpb.br\/pesquisarquivistica\/wp-json\/wp\/v2\/comments?post=8213"}],"version-history":[{"count":1,"href":"https:\/\/www.ccsa.ufpb.br\/pesquisarquivistica\/wp-json\/wp\/v2\/posts\/8213\/revisions"}],"predecessor-version":[{"id":8214,"href":"https:\/\/www.ccsa.ufpb.br\/pesquisarquivistica\/wp-json\/wp\/v2\/posts\/8213\/revisions\/8214"}],"wp:attachment":[{"href":"https:\/\/www.ccsa.ufpb.br\/pesquisarquivistica\/wp-json\/wp\/v2\/media?parent=8213"}],"wp:term":[{"taxonomy":"category","embeddable":true,"href":"https:\/\/www.ccsa.ufpb.br\/pesquisarquivistica\/wp-json\/wp\/v2\/categories?post=8213"},{"taxonomy":"post_tag","embeddable":true,"href":"https:\/\/www.ccsa.ufpb.br\/pesquisarquivistica\/wp-json\/wp\/v2\/tags?post=8213"}],"curies":[{"name":"wp","href":"https:\/\/api.w.org\/{rel}","templated":true}]}}