{"id":8226,"date":"2025-03-09T12:00:27","date_gmt":"2025-03-09T15:00:27","guid":{"rendered":"http:\/\/www.ccsa.ufpb.br\/pesquisarquivistica\/?p=8226"},"modified":"2026-05-11T09:05:12","modified_gmt":"2026-05-11T12:05:12","slug":"memoria-do-jornalismo-na-paraiba-no-contexto-da-preservacao-digital-2022-atual","status":"publish","type":"post","link":"https:\/\/www.ccsa.ufpb.br\/pesquisarquivistica\/memoria-do-jornalismo-na-paraiba-no-contexto-da-preservacao-digital-2022-atual\/","title":{"rendered":"MEM\u00d3RIA DO JORNALISMO NA PARA\u00cdBA NO CONTEXTO DA PRESERVA\u00c7\u00c3O DIGITAL (2022-2025)"},"content":{"rendered":"\n<p class=\"wp-block-paragraph\">Integrantes: <a href=\"http:\/\/lattes.cnpq.br\/6925135164773452\">Manuela Eug\u00eanio Maia<\/a> &#8211; Integrante \/ Bernardina Maria Juvenal Freire de Oliveira &#8211; Coordenador \/ Marckson Roberto Ferreira de Sousa &#8211; Integrante \/ Val\u00e9ria Soares e Silva &#8211; Integrante \/ Izabel Fran\u00e7a de Lima &#8211; Integrante \/ <a href=\"http:\/\/lattes.cnpq.br\/5413452412570612\">S\u00e2nderson Lopes Dorneles<\/a> &#8211; Integrante \/ Ana Cl\u00e1udia Cruz C\u00f3rdula &#8211; Integrante \/ Everton Fernandes de Lima &#8211; Integrante \/ Juccia Nathielle do Nascimento Oliveira &#8211; Integrante \/ Edilson Targino de Melo Filho &#8211; Integrante \/ Francisco de Assis Costa Silva &#8211; Integrante \/ Luiz Cust\u00f3dio da Silva &#8211; Integrante \/ Paula de Souza Paes &#8211; Integrante \/ Sandra Regina Moura &#8211; Integrante \/ Zulmira N\u00f3brega Piva de Carvalho &#8211; Integrante \/ Iago Sarinho de Oliveira &#8211; Integrante.<\/p>\n\n\n\n<p class=\"wp-block-paragraph\">A pesquisa objetiva desenvolver a\u00e7\u00f5es integradas de investiga\u00e7\u00e3o cientifica junto aos arquivos, \u00e0s bibliotecas e aos institutos hist\u00f3ricos e de pesquisa no Nordeste, cujos acervos contenham jornais impressos publicados na Para\u00edba com vistas ao mapeamento dos jornalistas e de suas respectivas \u00e1reas de atua\u00e7\u00e3o promovendo a democratiza\u00e7\u00e3o e o acesso \u00e0 mem\u00f3ria do Jornalismo na Para\u00edba, contribuindo para a preserva\u00e7\u00e3o da mem\u00f3ria desse fazer hist\u00f3rico, propositura que se ancora no processo de digitaliza\u00e7\u00e3o dos acervos e mapeamento das atividade jornal\u00edsticas por meio de relatos, depoimentos, perfis de jornalistas que fizeram e fazem parte da constru\u00e7\u00e3o da mem\u00f3ria do Jornalismo paraibano, em v\u00e1rios per\u00edodos hist\u00f3ricos, de modo a promover a democratiza\u00e7\u00e3o e o acesso de pesquisadores e da comunidade em geral \u00e0 mem\u00f3ria do Jornalismo na Para\u00edba. Em sua primeira fase dar-se a \u00eanfase aos processos de mapeamento das institui\u00e7\u00f5es-mem\u00f3ria ou empresariais detentoras de acervos jornal\u00edstico, em n\u00edvel estadual, que mantenha sob cust\u00f3dia ou em car\u00e1ter patrimonial os jornais impressos na Para\u00edba, diagnosticar as condi\u00e7\u00f5es de conserva\u00e7\u00e3o do acervo com ficha pr\u00f3pria com vista a garantir situa\u00e7\u00e3o f\u00edsica dos jornais impressos na Para\u00edba e seus respectivos per\u00edodos hist\u00f3ricos, dispon\u00edveis nos acervos a serem investigados, garantindo as condi\u00e7\u00f5es de manuseio e de digitaliza\u00e7\u00e3o, bem como categorizar os jornais impressos na Para\u00edba que circularam no Estado at\u00e9 o S\u00e9culo XX e as duas primeiras metades do S\u00e9culo XXI seus jornalistas e produ\u00e7\u00f5es. Metodologicamente, adotar-se-\u00e1 a pesquisa qualitativa do tipo documental, assentado na perspectiva te\u00f3rica da mem\u00f3ria por meio da preserva\u00e7\u00e3o digital.<\/p>\n","protected":false},"excerpt":{"rendered":"<p>Integrantes: Manuela Eug\u00eanio Maia &#8211; Integrante \/ Bernardina Maria Juvenal Freire de Oliveira &#8211; Coordenador \/ Marckson Roberto Ferreira de Sousa &#8211; Integrante \/ Val\u00e9ria Soares e Silva &#8211; Integrante \/ Izabel Fran\u00e7a de Lima &#8211; Integrante \/ S\u00e2nderson Lopes Dorneles &#8211; Integrante \/ Ana Cl\u00e1udia Cruz C\u00f3rdula &#8211; Integrante \/ Everton Fernandes de Lima [&hellip;]<\/p>\n","protected":false},"author":4,"featured_media":0,"comment_status":"open","ping_status":"open","sticky":false,"template":"","format":"standard","meta":{"ocean_front_end_style_editor":"no","ocean_post_layout":"","ocean_both_sidebars_style":"","ocean_both_sidebars_content_width":0,"ocean_both_sidebars_sidebars_width":0,"ocean_sidebar":"","ocean_second_sidebar":"","ocean_disable_margins":"enable","ocean_add_body_class":"","ocean_shortcode_before_top_bar":"","ocean_shortcode_after_top_bar":"","ocean_shortcode_before_header":"","ocean_shortcode_after_header":"","ocean_has_shortcode":"","ocean_shortcode_after_title":"","ocean_shortcode_before_footer_widgets":"","ocean_shortcode_after_footer_widgets":"","ocean_shortcode_before_footer_bottom":"","ocean_shortcode_after_footer_bottom":"","ocean_display_top_bar":"default","ocean_display_header":"default","ocean_header_style":"","ocean_center_header_left_menu":"","ocean_custom_header_template":"","ocean_custom_logo":0,"ocean_custom_retina_logo":0,"ocean_custom_logo_max_width":0,"ocean_custom_logo_tablet_max_width":0,"ocean_custom_logo_mobile_max_width":0,"ocean_custom_logo_max_height":0,"ocean_custom_logo_tablet_max_height":0,"ocean_custom_logo_mobile_max_height":0,"ocean_header_custom_menu":"","ocean_menu_typo_font_family":"","ocean_menu_typo_font_subset":"","ocean_menu_typo_font_size":0,"ocean_menu_typo_font_size_tablet":0,"ocean_menu_typo_font_size_mobile":0,"ocean_menu_typo_font_size_unit":"px","ocean_menu_typo_font_weight":"","ocean_menu_typo_font_weight_tablet":"","ocean_menu_typo_font_weight_mobile":"","ocean_menu_typo_transform":"","ocean_menu_typo_transform_tablet":"","ocean_menu_typo_transform_mobile":"","ocean_menu_typo_line_height":0,"ocean_menu_typo_line_height_tablet":0,"ocean_menu_typo_line_height_mobile":0,"ocean_menu_typo_line_height_unit":"","ocean_menu_typo_spacing":0,"ocean_menu_typo_spacing_tablet":0,"ocean_menu_typo_spacing_mobile":0,"ocean_menu_typo_spacing_unit":"","ocean_menu_link_color":"","ocean_menu_link_color_hover":"","ocean_menu_link_color_active":"","ocean_menu_link_background":"","ocean_menu_link_hover_background":"","ocean_menu_link_active_background":"","ocean_menu_social_links_bg":"","ocean_menu_social_hover_links_bg":"","ocean_menu_social_links_color":"","ocean_menu_social_hover_links_color":"","ocean_disable_title":"default","ocean_disable_heading":"default","ocean_post_title":"","ocean_post_subheading":"","ocean_post_title_style":"","ocean_post_title_background_color":"","ocean_post_title_background":0,"ocean_post_title_bg_image_position":"","ocean_post_title_bg_image_attachment":"","ocean_post_title_bg_image_repeat":"","ocean_post_title_bg_image_size":"","ocean_post_title_height":0,"ocean_post_title_bg_overlay":0.5,"ocean_post_title_bg_overlay_color":"","ocean_disable_breadcrumbs":"default","ocean_breadcrumbs_color":"","ocean_breadcrumbs_separator_color":"","ocean_breadcrumbs_links_color":"","ocean_breadcrumbs_links_hover_color":"","ocean_display_footer_widgets":"default","ocean_display_footer_bottom":"default","ocean_custom_footer_template":"","ocean_post_oembed":"","ocean_post_self_hosted_media":"","ocean_post_video_embed":"","ocean_link_format":"","ocean_link_format_target":"self","ocean_quote_format":"","ocean_quote_format_link":"post","ocean_gallery_link_images":"on","ocean_gallery_id":[],"footnotes":""},"categories":[596,9],"tags":[545,136,135,635],"class_list":["post-8226","post","type-post","status-publish","format-standard","hentry","category-docente","category-projetos-de-pesquisa","tag-jornalismo","tag-memoria","tag-preservacao","tag-universidade-estadual-da-paraiba-uepb","entry"],"_links":{"self":[{"href":"https:\/\/www.ccsa.ufpb.br\/pesquisarquivistica\/wp-json\/wp\/v2\/posts\/8226","targetHints":{"allow":["GET"]}}],"collection":[{"href":"https:\/\/www.ccsa.ufpb.br\/pesquisarquivistica\/wp-json\/wp\/v2\/posts"}],"about":[{"href":"https:\/\/www.ccsa.ufpb.br\/pesquisarquivistica\/wp-json\/wp\/v2\/types\/post"}],"author":[{"embeddable":true,"href":"https:\/\/www.ccsa.ufpb.br\/pesquisarquivistica\/wp-json\/wp\/v2\/users\/4"}],"replies":[{"embeddable":true,"href":"https:\/\/www.ccsa.ufpb.br\/pesquisarquivistica\/wp-json\/wp\/v2\/comments?post=8226"}],"version-history":[{"count":4,"href":"https:\/\/www.ccsa.ufpb.br\/pesquisarquivistica\/wp-json\/wp\/v2\/posts\/8226\/revisions"}],"predecessor-version":[{"id":10512,"href":"https:\/\/www.ccsa.ufpb.br\/pesquisarquivistica\/wp-json\/wp\/v2\/posts\/8226\/revisions\/10512"}],"wp:attachment":[{"href":"https:\/\/www.ccsa.ufpb.br\/pesquisarquivistica\/wp-json\/wp\/v2\/media?parent=8226"}],"wp:term":[{"taxonomy":"category","embeddable":true,"href":"https:\/\/www.ccsa.ufpb.br\/pesquisarquivistica\/wp-json\/wp\/v2\/categories?post=8226"},{"taxonomy":"post_tag","embeddable":true,"href":"https:\/\/www.ccsa.ufpb.br\/pesquisarquivistica\/wp-json\/wp\/v2\/tags?post=8226"}],"curies":[{"name":"wp","href":"https:\/\/api.w.org\/{rel}","templated":true}]}}