{"id":8235,"date":"2025-03-09T12:19:25","date_gmt":"2025-03-09T15:19:25","guid":{"rendered":"http:\/\/www.ccsa.ufpb.br\/pesquisarquivistica\/?p=8235"},"modified":"2025-03-09T12:19:25","modified_gmt":"2025-03-09T15:19:25","slug":"arquivo-afonso-pereira-aap-e-a-construcao-de-politicas-de-divulgacao-pedagogico-cultural-2010-2010","status":"publish","type":"post","link":"https:\/\/www.ccsa.ufpb.br\/pesquisarquivistica\/arquivo-afonso-pereira-aap-e-a-construcao-de-politicas-de-divulgacao-pedagogico-cultural-2010-2010\/","title":{"rendered":"ARQUIVO AFONSO PEREIRA (AAP) E A CONSTRU\u00c7\u00c3O DE POL\u00cdTICAS DE DIVULGA\u00c7\u00c3O PEDAG\u00d3GICO-CULTURAL (2010-2010)"},"content":{"rendered":"\n<p>Integrantes: <a href=\"http:\/\/lattes.cnpq.br\/6925135164773452\">Manuela Eug\u00eanio Maia <\/a>&#8211; Coordenador \/ Andressa de Lima Ferreira &#8211; Integrante \/ Ang\u00e9lica Barreto Ferreira &#8211; Integrante \/ C\u00e9lia Medeiros Dantas &#8211; Integrante \/ Bernardina Maria Juvenal Freire de Oliveira &#8211; Integrante \/ Flavia Barros Fernandes Nunes &#8211; Integrante \/ Eutr\u00f3pio Pereira Bezerra &#8211; Integrante.<\/p>\n\n\n\n<p>Tratar tecnicamente, na perspectiva da conserva\u00e7\u00e3o e restaura\u00e7\u00e3o os documentos do Arquivo Afonso Pereira no sentido de promover eventos, palestras que envolvam a tem\u00e1tica do citado arquivo com o intuito de disseminar a informa\u00e7\u00e3o e ampliar o campo de atua\u00e7\u00e3o do arquivista em sua pr\u00e1tica laboral, aproximando o seu fazer a rela\u00e7\u00e3o cotidiana do arquivo como fonte de saber e de informa\u00e7\u00e3o.<\/p>\n\n\n\n<p><\/p>\n","protected":false},"excerpt":{"rendered":"<p>Integrantes: Manuela Eug\u00eanio Maia &#8211; Coordenador \/ Andressa de Lima Ferreira &#8211; Integrante \/ Ang\u00e9lica Barreto Ferreira &#8211; Integrante \/ C\u00e9lia Medeiros Dantas &#8211; Integrante \/ Bernardina Maria Juvenal Freire de Oliveira &#8211; Integrante \/ Flavia Barros Fernandes Nunes &#8211; Integrante \/ Eutr\u00f3pio Pereira Bezerra &#8211; Integrante. Tratar tecnicamente, na perspectiva da conserva\u00e7\u00e3o e restaura\u00e7\u00e3o [&hellip;]<\/p>\n","protected":false},"author":4,"featured_media":0,"comment_status":"open","ping_status":"open","sticky":false,"template":"","format":"standard","meta":{"ocean_post_layout":"","ocean_both_sidebars_style":"","ocean_both_sidebars_content_width":0,"ocean_both_sidebars_sidebars_width":0,"ocean_sidebar":"","ocean_second_sidebar":"","ocean_disable_margins":"enable","ocean_add_body_class":"","ocean_shortcode_before_top_bar":"","ocean_shortcode_after_top_bar":"","ocean_shortcode_before_header":"","ocean_shortcode_after_header":"","ocean_has_shortcode":"","ocean_shortcode_after_title":"","ocean_shortcode_before_footer_widgets":"","ocean_shortcode_after_footer_widgets":"","ocean_shortcode_before_footer_bottom":"","ocean_shortcode_after_footer_bottom":"","ocean_display_top_bar":"default","ocean_display_header":"default","ocean_header_style":"","ocean_center_header_left_menu":"","ocean_custom_header_template":"","ocean_custom_logo":0,"ocean_custom_retina_logo":0,"ocean_custom_logo_max_width":0,"ocean_custom_logo_tablet_max_width":0,"ocean_custom_logo_mobile_max_width":0,"ocean_custom_logo_max_height":0,"ocean_custom_logo_tablet_max_height":0,"ocean_custom_logo_mobile_max_height":0,"ocean_header_custom_menu":"","ocean_menu_typo_font_family":"","ocean_menu_typo_font_subset":"","ocean_menu_typo_font_size":0,"ocean_menu_typo_font_size_tablet":0,"ocean_menu_typo_font_size_mobile":0,"ocean_menu_typo_font_size_unit":"px","ocean_menu_typo_font_weight":"","ocean_menu_typo_font_weight_tablet":"","ocean_menu_typo_font_weight_mobile":"","ocean_menu_typo_transform":"","ocean_menu_typo_transform_tablet":"","ocean_menu_typo_transform_mobile":"","ocean_menu_typo_line_height":0,"ocean_menu_typo_line_height_tablet":0,"ocean_menu_typo_line_height_mobile":0,"ocean_menu_typo_line_height_unit":"","ocean_menu_typo_spacing":0,"ocean_menu_typo_spacing_tablet":0,"ocean_menu_typo_spacing_mobile":0,"ocean_menu_typo_spacing_unit":"","ocean_menu_link_color":"","ocean_menu_link_color_hover":"","ocean_menu_link_color_active":"","ocean_menu_link_background":"","ocean_menu_link_hover_background":"","ocean_menu_link_active_background":"","ocean_menu_social_links_bg":"","ocean_menu_social_hover_links_bg":"","ocean_menu_social_links_color":"","ocean_menu_social_hover_links_color":"","ocean_disable_title":"default","ocean_disable_heading":"default","ocean_post_title":"","ocean_post_subheading":"","ocean_post_title_style":"","ocean_post_title_background_color":"","ocean_post_title_background":0,"ocean_post_title_bg_image_position":"","ocean_post_title_bg_image_attachment":"","ocean_post_title_bg_image_repeat":"","ocean_post_title_bg_image_size":"","ocean_post_title_height":0,"ocean_post_title_bg_overlay":0.5,"ocean_post_title_bg_overlay_color":"","ocean_disable_breadcrumbs":"default","ocean_breadcrumbs_color":"","ocean_breadcrumbs_separator_color":"","ocean_breadcrumbs_links_color":"","ocean_breadcrumbs_links_hover_color":"","ocean_display_footer_widgets":"default","ocean_display_footer_bottom":"default","ocean_custom_footer_template":"","ocean_post_oembed":"","ocean_post_self_hosted_media":"","ocean_post_video_embed":"","ocean_link_format":"","ocean_link_format_target":"self","ocean_quote_format":"","ocean_quote_format_link":"post","ocean_gallery_link_images":"on","ocean_gallery_id":[],"footnotes":""},"categories":[596,1],"tags":[338,735,251,635],"class_list":["post-8235","post","type-post","status-publish","format-standard","hentry","category-docente","category-projetos-de-extensao","tag-arquivo","tag-cultura","tag-politicas-de-informacao","tag-universidade-estadual-da-paraiba-uepb","entry"],"_links":{"self":[{"href":"https:\/\/www.ccsa.ufpb.br\/pesquisarquivistica\/wp-json\/wp\/v2\/posts\/8235","targetHints":{"allow":["GET"]}}],"collection":[{"href":"https:\/\/www.ccsa.ufpb.br\/pesquisarquivistica\/wp-json\/wp\/v2\/posts"}],"about":[{"href":"https:\/\/www.ccsa.ufpb.br\/pesquisarquivistica\/wp-json\/wp\/v2\/types\/post"}],"author":[{"embeddable":true,"href":"https:\/\/www.ccsa.ufpb.br\/pesquisarquivistica\/wp-json\/wp\/v2\/users\/4"}],"replies":[{"embeddable":true,"href":"https:\/\/www.ccsa.ufpb.br\/pesquisarquivistica\/wp-json\/wp\/v2\/comments?post=8235"}],"version-history":[{"count":1,"href":"https:\/\/www.ccsa.ufpb.br\/pesquisarquivistica\/wp-json\/wp\/v2\/posts\/8235\/revisions"}],"predecessor-version":[{"id":8236,"href":"https:\/\/www.ccsa.ufpb.br\/pesquisarquivistica\/wp-json\/wp\/v2\/posts\/8235\/revisions\/8236"}],"wp:attachment":[{"href":"https:\/\/www.ccsa.ufpb.br\/pesquisarquivistica\/wp-json\/wp\/v2\/media?parent=8235"}],"wp:term":[{"taxonomy":"category","embeddable":true,"href":"https:\/\/www.ccsa.ufpb.br\/pesquisarquivistica\/wp-json\/wp\/v2\/categories?post=8235"},{"taxonomy":"post_tag","embeddable":true,"href":"https:\/\/www.ccsa.ufpb.br\/pesquisarquivistica\/wp-json\/wp\/v2\/tags?post=8235"}],"curies":[{"name":"wp","href":"https:\/\/api.w.org\/{rel}","templated":true}]}}