{"id":8813,"date":"2025-03-18T14:12:45","date_gmt":"2025-03-18T17:12:45","guid":{"rendered":"http:\/\/www.ccsa.ufpb.br\/pesquisarquivistica\/?p=8813"},"modified":"2025-03-18T14:19:34","modified_gmt":"2025-03-18T17:19:34","slug":"plano-de-atividade-complementar-denominado-os-arquivos-intermediarios-na-perspectiva-dos-arquivos-estaduais-2013-2013","status":"publish","type":"post","link":"https:\/\/www.ccsa.ufpb.br\/pesquisarquivistica\/plano-de-atividade-complementar-denominado-os-arquivos-intermediarios-na-perspectiva-dos-arquivos-estaduais-2013-2013\/","title":{"rendered":"PLANO DE ATIVIDADE COMPLEMENTAR DENOMINADO OS ARQUIVOS INTERMEDI\u00c1RIOS NA PERSPECTIVA DOS ARQUIVOS ESTADUAIS (2013-2013)"},"content":{"rendered":"\n<p>Integrantes: <a href=\"http:\/\/lattes.cnpq.br\/3446065194053606\">Jos\u00e9 Mauro Gouveia de Medeiros<\/a> &#8211; Integrante \/ Katia Isabelli de Bethania Melo de Souza &#8211; Coordenador.<\/p>\n\n\n\n<p>A literatura arquiv\u00edstica revela escassos estudos sobre os arquivos intermedi\u00e1rios. A predomin\u00e2ncia est\u00e1 associada \u00e0s pr\u00e1ticas adotadas nos arquivos correntes, sobretudo no que se refere \u00e0 classifica\u00e7\u00e3o dos documentos e, nos arquivos permanentes, mais recentemente \u00e0s normas de descri\u00e7\u00e3o dos acervos. Entretanto, as etapas do tratamento t\u00e9cnico Arquiv\u00edstico aplicada nos arquivos intermedi\u00e1rios permeia tanto a fase inicial, dos arquivos correntes, quanto a fase permanente. Continuou-se a pesquisa embrion\u00e1ria, iniciada na monitoria da disciplina Arquivo Intermedi\u00e1rio, no 2\u00ba semestre de 2012, acerca do perfil dos arquivos p\u00fablicos estaduais brasileiros e a inclus\u00e3o dos servi\u00e7os de gerenciamento dos arquivos centrais\/intermedi\u00e1rios. Priorizou-se a identifica\u00e7\u00e3o das seguintes vari\u00e1veis, dentre outras, vincula\u00e7\u00e3o administrativa, miss\u00e3o Institucional, caracteriza\u00e7\u00e3o do acervo, condi\u00e7\u00f5es de acesso aos documentos, servi\u00e7os, etapas e metodologia a serem empregadas. A pesquisa visa a obten\u00e7\u00e3o de informa\u00e7\u00f5es acerca dos arquivos estaduais brasileiros, tra\u00e7ando um perfil que inclui pontos importantes como a exist\u00eancia de tais institui\u00e7\u00f5es, sua posi\u00e7\u00e3o na administra\u00e7\u00e3o p\u00fablica (a qual unidade est\u00e1 subordinada), instrumentos de normatiza\u00e7\u00e3o arquiv\u00edstica e da cria\u00e7\u00e3o da institui\u00e7\u00e3o, atividades de arquivo intermedi\u00e1rio desenvolvidas e dos profissionais que atuam. O estudo objetiva a indica\u00e7\u00e3o dos instrumentos legais que legitimam a exist\u00eancia e as compet\u00eancias dos \u00f3rg\u00e3os Arquiv\u00edsticos estaduais.<\/p>\n","protected":false},"excerpt":{"rendered":"<p>Integrantes: Jos\u00e9 Mauro Gouveia de Medeiros &#8211; Integrante \/ Katia Isabelli de Bethania Melo de Souza &#8211; Coordenador. A literatura arquiv\u00edstica revela escassos estudos sobre os arquivos intermedi\u00e1rios. A predomin\u00e2ncia est\u00e1 associada \u00e0s pr\u00e1ticas adotadas nos arquivos correntes, sobretudo no que se refere \u00e0 classifica\u00e7\u00e3o dos documentos e, nos arquivos permanentes, mais recentemente \u00e0s normas [&hellip;]<\/p>\n","protected":false},"author":4,"featured_media":0,"comment_status":"open","ping_status":"open","sticky":false,"template":"","format":"standard","meta":{"ocean_post_layout":"","ocean_both_sidebars_style":"","ocean_both_sidebars_content_width":0,"ocean_both_sidebars_sidebars_width":0,"ocean_sidebar":"","ocean_second_sidebar":"","ocean_disable_margins":"enable","ocean_add_body_class":"","ocean_shortcode_before_top_bar":"","ocean_shortcode_after_top_bar":"","ocean_shortcode_before_header":"","ocean_shortcode_after_header":"","ocean_has_shortcode":"","ocean_shortcode_after_title":"","ocean_shortcode_before_footer_widgets":"","ocean_shortcode_after_footer_widgets":"","ocean_shortcode_before_footer_bottom":"","ocean_shortcode_after_footer_bottom":"","ocean_display_top_bar":"default","ocean_display_header":"default","ocean_header_style":"","ocean_center_header_left_menu":"","ocean_custom_header_template":"","ocean_custom_logo":0,"ocean_custom_retina_logo":0,"ocean_custom_logo_max_width":0,"ocean_custom_logo_tablet_max_width":0,"ocean_custom_logo_mobile_max_width":0,"ocean_custom_logo_max_height":0,"ocean_custom_logo_tablet_max_height":0,"ocean_custom_logo_mobile_max_height":0,"ocean_header_custom_menu":"","ocean_menu_typo_font_family":"","ocean_menu_typo_font_subset":"","ocean_menu_typo_font_size":0,"ocean_menu_typo_font_size_tablet":0,"ocean_menu_typo_font_size_mobile":0,"ocean_menu_typo_font_size_unit":"px","ocean_menu_typo_font_weight":"","ocean_menu_typo_font_weight_tablet":"","ocean_menu_typo_font_weight_mobile":"","ocean_menu_typo_transform":"","ocean_menu_typo_transform_tablet":"","ocean_menu_typo_transform_mobile":"","ocean_menu_typo_line_height":0,"ocean_menu_typo_line_height_tablet":0,"ocean_menu_typo_line_height_mobile":0,"ocean_menu_typo_line_height_unit":"","ocean_menu_typo_spacing":0,"ocean_menu_typo_spacing_tablet":0,"ocean_menu_typo_spacing_mobile":0,"ocean_menu_typo_spacing_unit":"","ocean_menu_link_color":"","ocean_menu_link_color_hover":"","ocean_menu_link_color_active":"","ocean_menu_link_background":"","ocean_menu_link_hover_background":"","ocean_menu_link_active_background":"","ocean_menu_social_links_bg":"","ocean_menu_social_hover_links_bg":"","ocean_menu_social_links_color":"","ocean_menu_social_hover_links_color":"","ocean_disable_title":"default","ocean_disable_heading":"default","ocean_post_title":"","ocean_post_subheading":"","ocean_post_title_style":"","ocean_post_title_background_color":"","ocean_post_title_background":0,"ocean_post_title_bg_image_position":"","ocean_post_title_bg_image_attachment":"","ocean_post_title_bg_image_repeat":"","ocean_post_title_bg_image_size":"","ocean_post_title_height":0,"ocean_post_title_bg_overlay":0.5,"ocean_post_title_bg_overlay_color":"","ocean_disable_breadcrumbs":"default","ocean_breadcrumbs_color":"","ocean_breadcrumbs_separator_color":"","ocean_breadcrumbs_links_color":"","ocean_breadcrumbs_links_hover_color":"","ocean_display_footer_widgets":"default","ocean_display_footer_bottom":"default","ocean_custom_footer_template":"","ocean_post_oembed":"","ocean_post_self_hosted_media":"","ocean_post_video_embed":"","ocean_link_format":"","ocean_link_format_target":"self","ocean_quote_format":"","ocean_quote_format_link":"post","ocean_gallery_link_images":"on","ocean_gallery_id":[],"footnotes":""},"categories":[597,9],"tags":[623,138,852],"class_list":["post-8813","post","type-post","status-publish","format-standard","hentry","category-profissional","category-projetos-de-pesquisa","tag-arquivo-estadual","tag-tratamento-arquivistico","tag-universidade-federal-do-goias-ufg","entry"],"_links":{"self":[{"href":"https:\/\/www.ccsa.ufpb.br\/pesquisarquivistica\/wp-json\/wp\/v2\/posts\/8813","targetHints":{"allow":["GET"]}}],"collection":[{"href":"https:\/\/www.ccsa.ufpb.br\/pesquisarquivistica\/wp-json\/wp\/v2\/posts"}],"about":[{"href":"https:\/\/www.ccsa.ufpb.br\/pesquisarquivistica\/wp-json\/wp\/v2\/types\/post"}],"author":[{"embeddable":true,"href":"https:\/\/www.ccsa.ufpb.br\/pesquisarquivistica\/wp-json\/wp\/v2\/users\/4"}],"replies":[{"embeddable":true,"href":"https:\/\/www.ccsa.ufpb.br\/pesquisarquivistica\/wp-json\/wp\/v2\/comments?post=8813"}],"version-history":[{"count":3,"href":"https:\/\/www.ccsa.ufpb.br\/pesquisarquivistica\/wp-json\/wp\/v2\/posts\/8813\/revisions"}],"predecessor-version":[{"id":8816,"href":"https:\/\/www.ccsa.ufpb.br\/pesquisarquivistica\/wp-json\/wp\/v2\/posts\/8813\/revisions\/8816"}],"wp:attachment":[{"href":"https:\/\/www.ccsa.ufpb.br\/pesquisarquivistica\/wp-json\/wp\/v2\/media?parent=8813"}],"wp:term":[{"taxonomy":"category","embeddable":true,"href":"https:\/\/www.ccsa.ufpb.br\/pesquisarquivistica\/wp-json\/wp\/v2\/categories?post=8813"},{"taxonomy":"post_tag","embeddable":true,"href":"https:\/\/www.ccsa.ufpb.br\/pesquisarquivistica\/wp-json\/wp\/v2\/tags?post=8813"}],"curies":[{"name":"wp","href":"https:\/\/api.w.org\/{rel}","templated":true}]}}