{"id":9085,"date":"2025-03-31T20:28:39","date_gmt":"2025-03-31T23:28:39","guid":{"rendered":"http:\/\/www.ccsa.ufpb.br\/pesquisarquivistica\/?p=9085"},"modified":"2025-03-31T20:28:39","modified_gmt":"2025-03-31T23:28:39","slug":"revitalizacao-do-acervo-fotografico-do-arquivo-historico-do-instituto-de-artes-ufrgs-2010","status":"publish","type":"post","link":"https:\/\/www.ccsa.ufpb.br\/pesquisarquivistica\/revitalizacao-do-acervo-fotografico-do-arquivo-historico-do-instituto-de-artes-ufrgs-2010\/","title":{"rendered":"REVITALIZA\u00c7\u00c3O DO ACERVO FOTOGR\u00c1FICO DO ARQUIVO HIST\u00d3RICO DO INSTITUTO DE ARTES &#8211; UFRGS (2010)"},"content":{"rendered":"\n<p><a href=\"http:\/\/lattes.cnpq.br\/3189817056273855\">Medianeira Aparecida Pereira Goulart<\/a><\/p>\n\n\n\n<p>O Projeto de Pesquisa para Revitaliza\u00e7\u00e3o do Acervo Fotogr\u00e1fico do Arquivo Hist\u00f3rico do Instituto de Artes integra-se ao Projeto original de Organiza\u00e7\u00e3o e Socializa\u00e7\u00e3o do Acervo Documental do Instituto de Artes da Universidade Federal do Rio Grande do Sul. Ao longo de mais de cem anos de atua\u00e7\u00e3o no ensino, pesquisa e extens\u00e3o das Artes no Estado, o Instituto de Artes (IA) produziu e acumulou um inestim\u00e1vel patrim\u00f4nio documental, onde figuram tamb\u00e9m documentos iconogr\u00e1ficos que retratam a hist\u00f3rica pr\u00e1tica das artes no Sul do Pa\u00eds. Neste sentido, esta pesquisa buscou recuperar o acervo fotogr\u00e1fico do IA atrav\u00e9s da colabora\u00e7\u00e3o da comunidade art\u00edstica Riograndense, bem como da pesquisa documental em outro acervo relacionado \u00e0s Artes no interior do Estado. A iniciativa visou sensibilizar a comunidade atrav\u00e9s de diversos meios de comunica\u00e7\u00e3o, buscando a participa\u00e7\u00e3o de antigos professores, ex-alunos, funcion\u00e1rios e demais agentes part\u00edcipes da constru\u00e7\u00e3o hist\u00f3rica do Instituto, para que contribu\u00edssem com dados e informa\u00e7\u00f5es que pudessem subsidiar a identifica\u00e7\u00e3o e disponibiliza\u00e7\u00e3o dos documentos iconogr\u00e1ficos, datados no per\u00edodo de 1908 a 1962. As a\u00e7\u00f5es desenvolvidas durante a execu\u00e7\u00e3o do Projeto dividem-se em cinco momentos distintos: a constru\u00e7\u00e3o do site do arquivo; a digitaliza\u00e7\u00e3o da amostra de fotografias; a divulga\u00e7\u00e3o do site e do projeto; a investiga\u00e7\u00e3o no acervo do Conservat\u00f3rio de M\u00fasica de Pelotas e a socializa\u00e7\u00e3o permanente do acervo ap\u00f3s sua descri\u00e7\u00e3o.<\/p>\n\n\n\n<p>Texto completo dispon\u00edvel em: <a href=\"https:\/\/repositorio.ufsm.br\/handle\/1\/1954\">https:\/\/repositorio.ufsm.br\/handle\/1\/1954<\/a><\/p>\n","protected":false},"excerpt":{"rendered":"<p>Medianeira Aparecida Pereira Goulart O Projeto de Pesquisa para Revitaliza\u00e7\u00e3o do Acervo Fotogr\u00e1fico do Arquivo Hist\u00f3rico do Instituto de Artes integra-se ao Projeto original de Organiza\u00e7\u00e3o e Socializa\u00e7\u00e3o do Acervo Documental do Instituto de Artes da Universidade Federal do Rio Grande do Sul. Ao longo de mais de cem anos de atua\u00e7\u00e3o no ensino, pesquisa [&hellip;]<\/p>\n","protected":false},"author":6,"featured_media":0,"comment_status":"open","ping_status":"open","sticky":false,"template":"","format":"standard","meta":{"ocean_post_layout":"","ocean_both_sidebars_style":"","ocean_both_sidebars_content_width":0,"ocean_both_sidebars_sidebars_width":0,"ocean_sidebar":"","ocean_second_sidebar":"","ocean_disable_margins":"enable","ocean_add_body_class":"","ocean_shortcode_before_top_bar":"","ocean_shortcode_after_top_bar":"","ocean_shortcode_before_header":"","ocean_shortcode_after_header":"","ocean_has_shortcode":"","ocean_shortcode_after_title":"","ocean_shortcode_before_footer_widgets":"","ocean_shortcode_after_footer_widgets":"","ocean_shortcode_before_footer_bottom":"","ocean_shortcode_after_footer_bottom":"","ocean_display_top_bar":"default","ocean_display_header":"default","ocean_header_style":"","ocean_center_header_left_menu":"","ocean_custom_header_template":"","ocean_custom_logo":0,"ocean_custom_retina_logo":0,"ocean_custom_logo_max_width":0,"ocean_custom_logo_tablet_max_width":0,"ocean_custom_logo_mobile_max_width":0,"ocean_custom_logo_max_height":0,"ocean_custom_logo_tablet_max_height":0,"ocean_custom_logo_mobile_max_height":0,"ocean_header_custom_menu":"","ocean_menu_typo_font_family":"","ocean_menu_typo_font_subset":"","ocean_menu_typo_font_size":0,"ocean_menu_typo_font_size_tablet":0,"ocean_menu_typo_font_size_mobile":0,"ocean_menu_typo_font_size_unit":"px","ocean_menu_typo_font_weight":"","ocean_menu_typo_font_weight_tablet":"","ocean_menu_typo_font_weight_mobile":"","ocean_menu_typo_transform":"","ocean_menu_typo_transform_tablet":"","ocean_menu_typo_transform_mobile":"","ocean_menu_typo_line_height":0,"ocean_menu_typo_line_height_tablet":0,"ocean_menu_typo_line_height_mobile":0,"ocean_menu_typo_line_height_unit":"","ocean_menu_typo_spacing":0,"ocean_menu_typo_spacing_tablet":0,"ocean_menu_typo_spacing_mobile":0,"ocean_menu_typo_spacing_unit":"","ocean_menu_link_color":"","ocean_menu_link_color_hover":"","ocean_menu_link_color_active":"","ocean_menu_link_background":"","ocean_menu_link_hover_background":"","ocean_menu_link_active_background":"","ocean_menu_social_links_bg":"","ocean_menu_social_hover_links_bg":"","ocean_menu_social_links_color":"","ocean_menu_social_hover_links_color":"","ocean_disable_title":"default","ocean_disable_heading":"default","ocean_post_title":"","ocean_post_subheading":"","ocean_post_title_style":"","ocean_post_title_background_color":"","ocean_post_title_background":0,"ocean_post_title_bg_image_position":"","ocean_post_title_bg_image_attachment":"","ocean_post_title_bg_image_repeat":"","ocean_post_title_bg_image_size":"","ocean_post_title_height":0,"ocean_post_title_bg_overlay":0.5,"ocean_post_title_bg_overlay_color":"","ocean_disable_breadcrumbs":"default","ocean_breadcrumbs_color":"","ocean_breadcrumbs_separator_color":"","ocean_breadcrumbs_links_color":"","ocean_breadcrumbs_links_hover_color":"","ocean_display_footer_widgets":"default","ocean_display_footer_bottom":"default","ocean_custom_footer_template":"","ocean_post_oembed":"","ocean_post_self_hosted_media":"","ocean_post_video_embed":"","ocean_link_format":"","ocean_link_format_target":"self","ocean_quote_format":"","ocean_quote_format_link":"post","ocean_gallery_link_images":"on","ocean_gallery_id":[],"footnotes":""},"categories":[824,597],"tags":[583,150,565],"class_list":["post-9085","post","type-post","status-publish","format-standard","hentry","category-especializacoes","category-profissional","tag-acervo-fotografico","tag-digitalizacao","tag-universidade-federal-de-santa-maria-ufsm","entry"],"_links":{"self":[{"href":"https:\/\/www.ccsa.ufpb.br\/pesquisarquivistica\/wp-json\/wp\/v2\/posts\/9085","targetHints":{"allow":["GET"]}}],"collection":[{"href":"https:\/\/www.ccsa.ufpb.br\/pesquisarquivistica\/wp-json\/wp\/v2\/posts"}],"about":[{"href":"https:\/\/www.ccsa.ufpb.br\/pesquisarquivistica\/wp-json\/wp\/v2\/types\/post"}],"author":[{"embeddable":true,"href":"https:\/\/www.ccsa.ufpb.br\/pesquisarquivistica\/wp-json\/wp\/v2\/users\/6"}],"replies":[{"embeddable":true,"href":"https:\/\/www.ccsa.ufpb.br\/pesquisarquivistica\/wp-json\/wp\/v2\/comments?post=9085"}],"version-history":[{"count":1,"href":"https:\/\/www.ccsa.ufpb.br\/pesquisarquivistica\/wp-json\/wp\/v2\/posts\/9085\/revisions"}],"predecessor-version":[{"id":9086,"href":"https:\/\/www.ccsa.ufpb.br\/pesquisarquivistica\/wp-json\/wp\/v2\/posts\/9085\/revisions\/9086"}],"wp:attachment":[{"href":"https:\/\/www.ccsa.ufpb.br\/pesquisarquivistica\/wp-json\/wp\/v2\/media?parent=9085"}],"wp:term":[{"taxonomy":"category","embeddable":true,"href":"https:\/\/www.ccsa.ufpb.br\/pesquisarquivistica\/wp-json\/wp\/v2\/categories?post=9085"},{"taxonomy":"post_tag","embeddable":true,"href":"https:\/\/www.ccsa.ufpb.br\/pesquisarquivistica\/wp-json\/wp\/v2\/tags?post=9085"}],"curies":[{"name":"wp","href":"https:\/\/api.w.org\/{rel}","templated":true}]}}