{"id":9188,"date":"2025-04-01T17:51:31","date_gmt":"2025-04-01T20:51:31","guid":{"rendered":"http:\/\/www.ccsa.ufpb.br\/pesquisarquivistica\/?p=9188"},"modified":"2025-04-01T17:51:31","modified_gmt":"2025-04-01T20:51:31","slug":"patrimonio-bibliografico-e-documental-e-suas-relacoes-com-as-colecoes-especiais-e-livros-raros-2021-2024","status":"publish","type":"post","link":"https:\/\/www.ccsa.ufpb.br\/pesquisarquivistica\/patrimonio-bibliografico-e-documental-e-suas-relacoes-com-as-colecoes-especiais-e-livros-raros-2021-2024\/","title":{"rendered":"PATRIM\u00d4NIO BIBLIOGR\u00c1FICO E DOCUMENTAL E SUAS RELA\u00c7\u00d5ES COM AS COLE\u00c7\u00d5ES ESPECIAIS E LIVROS RAROS (2021-2024)"},"content":{"rendered":"\n<p><a href=\"http:\/\/lattes.cnpq.br\/5425242283874576\">Fabiano Cataldo de Azevedo<\/a><\/p>\n\n\n\n<p>Tem como objetivo realizar estudos sobre as rela\u00e7\u00f5es que orbitam em torno dos conceitos de patrim\u00f4nio cultural e documental. A biblioteca e seu cat\u00e1logo como lugar de mem\u00f3ria e patrim\u00f4nio bibliogr\u00e1fico. Contempla ainda a imbrica\u00e7\u00e3o entre patrim\u00f4nio bibliogr\u00e1fico e cole\u00e7\u00f5es especiais. Busca estabelecer conex\u00f5es entre o Patrim\u00f4nio Bibliogr\u00e1fico Brasileiro e o Patrim\u00f4nio Bibliogr\u00e1fico e Documental Latino-Americano, assim como de outras regi\u00f5es cujos acervos e hist\u00f3ria dialogam com o Brasil. Converge com as pol\u00edticas de preserva\u00e7\u00e3o nos mais variados tipos de bibliotecas. Nesse sentido, prop\u00f5e questionamentos para alguns conceitos e par\u00e2metros que consideram a idade do livro e\/ou sua produ\u00e7\u00e3o fora do pa\u00eds. Procura articular patrim\u00f4nio documental digital e anal\u00f3gico.<\/p>\n","protected":false},"excerpt":{"rendered":"<p>Fabiano Cataldo de Azevedo Tem como objetivo realizar estudos sobre as rela\u00e7\u00f5es que orbitam em torno dos conceitos de patrim\u00f4nio cultural e documental. A biblioteca e seu cat\u00e1logo como lugar de mem\u00f3ria e patrim\u00f4nio bibliogr\u00e1fico. Contempla ainda a imbrica\u00e7\u00e3o entre patrim\u00f4nio bibliogr\u00e1fico e cole\u00e7\u00f5es especiais. Busca estabelecer conex\u00f5es entre o Patrim\u00f4nio Bibliogr\u00e1fico Brasileiro e o [&hellip;]<\/p>\n","protected":false},"author":5,"featured_media":0,"comment_status":"open","ping_status":"open","sticky":false,"template":"","format":"standard","meta":{"ocean_post_layout":"","ocean_both_sidebars_style":"","ocean_both_sidebars_content_width":0,"ocean_both_sidebars_sidebars_width":0,"ocean_sidebar":"","ocean_second_sidebar":"","ocean_disable_margins":"enable","ocean_add_body_class":"","ocean_shortcode_before_top_bar":"","ocean_shortcode_after_top_bar":"","ocean_shortcode_before_header":"","ocean_shortcode_after_header":"","ocean_has_shortcode":"","ocean_shortcode_after_title":"","ocean_shortcode_before_footer_widgets":"","ocean_shortcode_after_footer_widgets":"","ocean_shortcode_before_footer_bottom":"","ocean_shortcode_after_footer_bottom":"","ocean_display_top_bar":"default","ocean_display_header":"default","ocean_header_style":"","ocean_center_header_left_menu":"","ocean_custom_header_template":"","ocean_custom_logo":0,"ocean_custom_retina_logo":0,"ocean_custom_logo_max_width":0,"ocean_custom_logo_tablet_max_width":0,"ocean_custom_logo_mobile_max_width":0,"ocean_custom_logo_max_height":0,"ocean_custom_logo_tablet_max_height":0,"ocean_custom_logo_mobile_max_height":0,"ocean_header_custom_menu":"","ocean_menu_typo_font_family":"","ocean_menu_typo_font_subset":"","ocean_menu_typo_font_size":0,"ocean_menu_typo_font_size_tablet":0,"ocean_menu_typo_font_size_mobile":0,"ocean_menu_typo_font_size_unit":"px","ocean_menu_typo_font_weight":"","ocean_menu_typo_font_weight_tablet":"","ocean_menu_typo_font_weight_mobile":"","ocean_menu_typo_transform":"","ocean_menu_typo_transform_tablet":"","ocean_menu_typo_transform_mobile":"","ocean_menu_typo_line_height":0,"ocean_menu_typo_line_height_tablet":0,"ocean_menu_typo_line_height_mobile":0,"ocean_menu_typo_line_height_unit":"","ocean_menu_typo_spacing":0,"ocean_menu_typo_spacing_tablet":0,"ocean_menu_typo_spacing_mobile":0,"ocean_menu_typo_spacing_unit":"","ocean_menu_link_color":"","ocean_menu_link_color_hover":"","ocean_menu_link_color_active":"","ocean_menu_link_background":"","ocean_menu_link_hover_background":"","ocean_menu_link_active_background":"","ocean_menu_social_links_bg":"","ocean_menu_social_hover_links_bg":"","ocean_menu_social_links_color":"","ocean_menu_social_hover_links_color":"","ocean_disable_title":"default","ocean_disable_heading":"default","ocean_post_title":"","ocean_post_subheading":"","ocean_post_title_style":"","ocean_post_title_background_color":"","ocean_post_title_background":0,"ocean_post_title_bg_image_position":"","ocean_post_title_bg_image_attachment":"","ocean_post_title_bg_image_repeat":"","ocean_post_title_bg_image_size":"","ocean_post_title_height":0,"ocean_post_title_bg_overlay":0.5,"ocean_post_title_bg_overlay_color":"","ocean_disable_breadcrumbs":"default","ocean_breadcrumbs_color":"","ocean_breadcrumbs_separator_color":"","ocean_breadcrumbs_links_color":"","ocean_breadcrumbs_links_hover_color":"","ocean_display_footer_widgets":"default","ocean_display_footer_bottom":"default","ocean_custom_footer_template":"","ocean_post_oembed":"","ocean_post_self_hosted_media":"","ocean_post_video_embed":"","ocean_link_format":"","ocean_link_format_target":"self","ocean_quote_format":"","ocean_quote_format_link":"post","ocean_gallery_link_images":"on","ocean_gallery_id":[],"footnotes":""},"categories":[596,9],"tags":[399,137,653],"class_list":["post-9188","post","type-post","status-publish","format-standard","hentry","category-docente","category-projetos-de-pesquisa","tag-colecoes","tag-patrimonio","tag-universidade-federal-da-bahia-ufba","entry"],"_links":{"self":[{"href":"https:\/\/www.ccsa.ufpb.br\/pesquisarquivistica\/wp-json\/wp\/v2\/posts\/9188","targetHints":{"allow":["GET"]}}],"collection":[{"href":"https:\/\/www.ccsa.ufpb.br\/pesquisarquivistica\/wp-json\/wp\/v2\/posts"}],"about":[{"href":"https:\/\/www.ccsa.ufpb.br\/pesquisarquivistica\/wp-json\/wp\/v2\/types\/post"}],"author":[{"embeddable":true,"href":"https:\/\/www.ccsa.ufpb.br\/pesquisarquivistica\/wp-json\/wp\/v2\/users\/5"}],"replies":[{"embeddable":true,"href":"https:\/\/www.ccsa.ufpb.br\/pesquisarquivistica\/wp-json\/wp\/v2\/comments?post=9188"}],"version-history":[{"count":1,"href":"https:\/\/www.ccsa.ufpb.br\/pesquisarquivistica\/wp-json\/wp\/v2\/posts\/9188\/revisions"}],"predecessor-version":[{"id":9189,"href":"https:\/\/www.ccsa.ufpb.br\/pesquisarquivistica\/wp-json\/wp\/v2\/posts\/9188\/revisions\/9189"}],"wp:attachment":[{"href":"https:\/\/www.ccsa.ufpb.br\/pesquisarquivistica\/wp-json\/wp\/v2\/media?parent=9188"}],"wp:term":[{"taxonomy":"category","embeddable":true,"href":"https:\/\/www.ccsa.ufpb.br\/pesquisarquivistica\/wp-json\/wp\/v2\/categories?post=9188"},{"taxonomy":"post_tag","embeddable":true,"href":"https:\/\/www.ccsa.ufpb.br\/pesquisarquivistica\/wp-json\/wp\/v2\/tags?post=9188"}],"curies":[{"name":"wp","href":"https:\/\/api.w.org\/{rel}","templated":true}]}}