{"id":929,"date":"2021-09-14T11:42:42","date_gmt":"2021-09-14T14:42:42","guid":{"rendered":"http:\/\/www.ccsa.ufpb.br\/pesquisarquivistica\/?p=929"},"modified":"2022-07-25T15:55:42","modified_gmt":"2022-07-25T18:55:42","slug":"ciclo-de-vida-dos-dados-impactos-e-alternativas-para-reducao-de-assimetrias-informacionais","status":"publish","type":"post","link":"https:\/\/www.ccsa.ufpb.br\/pesquisarquivistica\/ciclo-de-vida-dos-dados-impactos-e-alternativas-para-reducao-de-assimetrias-informacionais\/","title":{"rendered":"CICLO DE VIDA DOS DADOS: impactos e alternativas para redu\u00e7\u00e3o de assimetrias informacionais (2018 &#8211; Atual)"},"content":{"rendered":"\n<p><a href=\"http:\/\/lattes.cnpq.br\/5556499513805582\" data-type=\"URL\" data-id=\"http:\/\/lattes.cnpq.br\/5556499513805582\">Cristian Berr\u00edo Zapata<\/a> <\/p>\n\n\n\n<p>As Tecnologias da Informa\u00e7\u00e3o e Comunica\u00e7\u00e3o por meio de novas possibilidades de registro e persist\u00eancia de dados contribuem para constru\u00e7\u00e3o de um novo cen\u00e1rio caracterizado pela percep\u00e7\u00e3o de invers\u00e3o do excesso entre a demanda e a oferta, proporcionando uma quantidade de dados que supera a capacidade de tratamento e recupera\u00e7\u00e3o destes dados. Destacam-se, neste contexto, caracter\u00edsticas como a grande ?variedade? de tipos e formatos em que estes dados s\u00e3o obtidos e mantidos, a alta ?velocidade? que podem ser acessados e, aliado a tudo isso, a quest\u00e3o do ?volume? crescente que s\u00e3o disponibilizados. No entanto, este grande volume de dados s\u00f3 \u00e9 vi\u00e1vel em suportes digitais o que leva a necessidade de uso de recursos tecnol\u00f3gicos digitais para o tratamento e recupera\u00e7\u00e3o destes dados. Assim, a desigualdade de condi\u00e7\u00f5es no acesso e uso destes recursos gera uma natural assimetria no acesso a dados, o que pode intensificar ainda mais os j\u00e1 abissais descompassos entre elementos de cadeias produtivas e mesmo nas rela\u00e7\u00f5es entre os diversos entes do tecido social. Faz-se necess\u00e1rio que sejam empenhados esfor\u00e7os na busca por explicita\u00e7\u00e3o dos impactos sociais, culturais, cient\u00edficos e econ\u00f4micos da profunda assimetria no acesso, interpreta\u00e7\u00e3o e uso dos dados, fomentando a g\u00eanese de ambientes mais transparentes, equ\u00e2nimes e justos para implementa\u00e7\u00e3o e implanta\u00e7\u00e3o de pontes entre as reais necessidades dos usu\u00e1rios e as abundantes fontes de dados, partindo de uma perspectiva bottom-up, em que conceitos como os da inform\u00e1tica comunit\u00e1ria ganhem visibilidade e for\u00e7a. Prop\u00f5e-se a utiliza\u00e7\u00e3o de uma estrutura que permita o direcionamento e agrupamento de esfor\u00e7os realizados no estudo e an\u00e1lise deste cen\u00e1rio a partir de suas fases principais e para tanto adota-se o Ciclo de Vida dos Dados com suas respectivas fases: Coleta; Armazenamento; Recupera\u00e7\u00e3o, e; Descarte, e os objetivos que permeiam todas estas fases: Privacidade; Integra\u00e7\u00e3o; Qualidade; Direitos Autorais; Dissemina\u00e7\u00e3o, e; Preserva\u00e7\u00e3o. Abre-se, assim, um grande leque de necessidades de estudo e investiga\u00e7\u00e3o, que nesta pesquisa se caracteriza como uma continuidade de fases anteriores que estiveram baseadas na an\u00e1lise de aspectos envolvidos na possibilidade de implementa\u00e7\u00e3o de reposit\u00f3rios de dados que pudessem atender demandas espec\u00edficas como as geradas pelo setor do agroneg\u00f3cio e posteriormente na identifica\u00e7\u00e3o de fatores que influenciam o n\u00edvel de assimetria no acesso a dados. Estes estudos devem considerar ainda a necessidade de conhecimento sobre o contexto do usu\u00e1rio e sua comunidade e, do cen\u00e1rio em que o Ciclo de Vida dos Dados estar\u00e1 sendo analisado. Esta pesquisa articula-se em torno de um n\u00facleo composto por conceitos como Assimetria Informacional, Transpar\u00eancia, Dados Abertos, Ciclo de Vida dos Dados, Campo Informacional e pela proposta de estudos sobre o uso dos recursos de intera\u00e7\u00e3o com o universo digital como alternativa para amplia\u00e7\u00e3o da autonomia do usu\u00e1rio em rela\u00e7\u00e3o \u00e0s fontes de dados.<\/p>\n","protected":false},"excerpt":{"rendered":"<p>Cristian Berr\u00edo Zapata As Tecnologias da Informa\u00e7\u00e3o e Comunica\u00e7\u00e3o por meio de novas possibilidades de registro e persist\u00eancia de dados contribuem para constru\u00e7\u00e3o de um novo cen\u00e1rio caracterizado pela percep\u00e7\u00e3o de invers\u00e3o do excesso entre a demanda e a oferta, proporcionando uma quantidade de dados que supera a capacidade de tratamento e recupera\u00e7\u00e3o destes dados. [&hellip;]<\/p>\n","protected":false},"author":3,"featured_media":0,"comment_status":"open","ping_status":"open","sticky":false,"template":"","format":"standard","meta":{"ocean_post_layout":"","ocean_both_sidebars_style":"","ocean_both_sidebars_content_width":0,"ocean_both_sidebars_sidebars_width":0,"ocean_sidebar":"0","ocean_second_sidebar":"0","ocean_disable_margins":"enable","ocean_add_body_class":"","ocean_shortcode_before_top_bar":"","ocean_shortcode_after_top_bar":"","ocean_shortcode_before_header":"","ocean_shortcode_after_header":"","ocean_has_shortcode":"","ocean_shortcode_after_title":"","ocean_shortcode_before_footer_widgets":"","ocean_shortcode_after_footer_widgets":"","ocean_shortcode_before_footer_bottom":"","ocean_shortcode_after_footer_bottom":"","ocean_display_top_bar":"default","ocean_display_header":"default","ocean_header_style":"","ocean_center_header_left_menu":"0","ocean_custom_header_template":"0","ocean_custom_logo":0,"ocean_custom_retina_logo":0,"ocean_custom_logo_max_width":0,"ocean_custom_logo_tablet_max_width":0,"ocean_custom_logo_mobile_max_width":0,"ocean_custom_logo_max_height":0,"ocean_custom_logo_tablet_max_height":0,"ocean_custom_logo_mobile_max_height":0,"ocean_header_custom_menu":"0","ocean_menu_typo_font_family":"0","ocean_menu_typo_font_subset":"","ocean_menu_typo_font_size":0,"ocean_menu_typo_font_size_tablet":0,"ocean_menu_typo_font_size_mobile":0,"ocean_menu_typo_font_size_unit":"px","ocean_menu_typo_font_weight":"","ocean_menu_typo_font_weight_tablet":"","ocean_menu_typo_font_weight_mobile":"","ocean_menu_typo_transform":"","ocean_menu_typo_transform_tablet":"","ocean_menu_typo_transform_mobile":"","ocean_menu_typo_line_height":0,"ocean_menu_typo_line_height_tablet":0,"ocean_menu_typo_line_height_mobile":0,"ocean_menu_typo_line_height_unit":"","ocean_menu_typo_spacing":0,"ocean_menu_typo_spacing_tablet":0,"ocean_menu_typo_spacing_mobile":0,"ocean_menu_typo_spacing_unit":"","ocean_menu_link_color":"","ocean_menu_link_color_hover":"","ocean_menu_link_color_active":"","ocean_menu_link_background":"","ocean_menu_link_hover_background":"","ocean_menu_link_active_background":"","ocean_menu_social_links_bg":"","ocean_menu_social_hover_links_bg":"","ocean_menu_social_links_color":"","ocean_menu_social_hover_links_color":"","ocean_disable_title":"default","ocean_disable_heading":"default","ocean_post_title":"","ocean_post_subheading":"","ocean_post_title_style":"","ocean_post_title_background_color":"","ocean_post_title_background":0,"ocean_post_title_bg_image_position":"","ocean_post_title_bg_image_attachment":"","ocean_post_title_bg_image_repeat":"","ocean_post_title_bg_image_size":"","ocean_post_title_height":0,"ocean_post_title_bg_overlay":0.5,"ocean_post_title_bg_overlay_color":"","ocean_disable_breadcrumbs":"default","ocean_breadcrumbs_color":"","ocean_breadcrumbs_separator_color":"","ocean_breadcrumbs_links_color":"","ocean_breadcrumbs_links_hover_color":"","ocean_display_footer_widgets":"default","ocean_display_footer_bottom":"default","ocean_custom_footer_template":"0","ocean_post_oembed":"","ocean_post_self_hosted_media":"","ocean_post_video_embed":"","ocean_link_format":"","ocean_link_format_target":"self","ocean_quote_format":"","ocean_quote_format_link":"post","ocean_gallery_link_images":"off","ocean_gallery_id":[],"footnotes":""},"categories":[596,9],"tags":[31,32,661],"class_list":["post-929","post","type-post","status-publish","format-standard","hentry","category-docente","category-projetos-de-pesquisa","tag-ciclo-de-vida-dos-dados","tag-reducao-de-assimetrias-informacionais","tag-universidade-federal-do-para-ufpa","entry"],"_links":{"self":[{"href":"https:\/\/www.ccsa.ufpb.br\/pesquisarquivistica\/wp-json\/wp\/v2\/posts\/929","targetHints":{"allow":["GET"]}}],"collection":[{"href":"https:\/\/www.ccsa.ufpb.br\/pesquisarquivistica\/wp-json\/wp\/v2\/posts"}],"about":[{"href":"https:\/\/www.ccsa.ufpb.br\/pesquisarquivistica\/wp-json\/wp\/v2\/types\/post"}],"author":[{"embeddable":true,"href":"https:\/\/www.ccsa.ufpb.br\/pesquisarquivistica\/wp-json\/wp\/v2\/users\/3"}],"replies":[{"embeddable":true,"href":"https:\/\/www.ccsa.ufpb.br\/pesquisarquivistica\/wp-json\/wp\/v2\/comments?post=929"}],"version-history":[{"count":2,"href":"https:\/\/www.ccsa.ufpb.br\/pesquisarquivistica\/wp-json\/wp\/v2\/posts\/929\/revisions"}],"predecessor-version":[{"id":936,"href":"https:\/\/www.ccsa.ufpb.br\/pesquisarquivistica\/wp-json\/wp\/v2\/posts\/929\/revisions\/936"}],"wp:attachment":[{"href":"https:\/\/www.ccsa.ufpb.br\/pesquisarquivistica\/wp-json\/wp\/v2\/media?parent=929"}],"wp:term":[{"taxonomy":"category","embeddable":true,"href":"https:\/\/www.ccsa.ufpb.br\/pesquisarquivistica\/wp-json\/wp\/v2\/categories?post=929"},{"taxonomy":"post_tag","embeddable":true,"href":"https:\/\/www.ccsa.ufpb.br\/pesquisarquivistica\/wp-json\/wp\/v2\/tags?post=929"}],"curies":[{"name":"wp","href":"https:\/\/api.w.org\/{rel}","templated":true}]}}