{"id":9351,"date":"2025-04-12T20:03:34","date_gmt":"2025-04-12T23:03:34","guid":{"rendered":"http:\/\/www.ccsa.ufpb.br\/pesquisarquivistica\/?p=9351"},"modified":"2025-04-12T20:58:46","modified_gmt":"2025-04-12T23:58:46","slug":"arquivologia-e-memoria-uma-analise-da-relacao-conceitual-nas-producoes-cientificas-da-arquivologia-brasileira-2024-atual","status":"publish","type":"post","link":"https:\/\/www.ccsa.ufpb.br\/pesquisarquivistica\/arquivologia-e-memoria-uma-analise-da-relacao-conceitual-nas-producoes-cientificas-da-arquivologia-brasileira-2024-atual\/","title":{"rendered":"ARQUIVOLOGIA E MEM\u00d3RIA: uma an\u00e1lise da rela\u00e7\u00e3o conceitual nas produ\u00e7\u00f5es cient\u00edficas da arquivologia brasileira (2024-Atual)"},"content":{"rendered":"\n<p><a href=\"http:\/\/lattes.cnpq.br\/9316211149718874\" target=\"_blank\" rel=\"noreferrer noopener\">Ana Cl\u00e1udia Cruz C\u00f3rdula<\/a><\/p>\n\n\n\n<p>As rela\u00e7\u00f5es entre o arquivo e a mem\u00f3ria s\u00e3o pautadas a partir da no\u00e7\u00e3o do arquivo como protagonista no processo de constru\u00e7\u00e3o da mem\u00f3ria, ou mesmo visto enquanto lugar de mem\u00f3ria. Todavia, a literatura do campo observa que apesar de a mem\u00f3ria estar presente nos estudos arquiv\u00edsticos, ela n\u00e3o compreende em objeto de estudo do campo. Diante disso, \u00e9 proposta desta pesquisa refletir acerca dos conceitos de mem\u00f3ria que t\u00eam sido evocados e discutidos dentro do campo da Arquivologia, observando os diferentes campos do conhecimento das\/dos autoras\/es referenciadas\/os. Para tanto, essa pesquisa, que \u00e9 de natureza qualitativa, realizar\u00e1 um levantamento bibliogr\u00e1fico nas produ\u00e7\u00f5es cient\u00edficas no campo da Arquivologia brasileira, analisados \u00e0 luz da an\u00e1lise de conte\u00fado proposto por Bardin (2016). A pesquisa intenciona evidenciar e compreender o conceito de mem\u00f3ria dentro do campo da Arquivologia, identificando quais categorias de mem\u00f3ria s\u00e3o abordadas e quais \u00e1reas do conhecimento corroboram para essa constru\u00e7\u00e3o e di\u00e1logo.<\/p>\n","protected":false},"excerpt":{"rendered":"<p>Ana Cl\u00e1udia Cruz C\u00f3rdula As rela\u00e7\u00f5es entre o arquivo e a mem\u00f3ria s\u00e3o pautadas a partir da no\u00e7\u00e3o do arquivo como protagonista no processo de constru\u00e7\u00e3o da mem\u00f3ria, ou mesmo visto enquanto lugar de mem\u00f3ria. Todavia, a literatura do campo observa que apesar de a mem\u00f3ria estar presente nos estudos arquiv\u00edsticos, ela n\u00e3o compreende em [&hellip;]<\/p>\n","protected":false},"author":20,"featured_media":0,"comment_status":"open","ping_status":"open","sticky":false,"template":"","format":"standard","meta":{"ocean_post_layout":"","ocean_both_sidebars_style":"","ocean_both_sidebars_content_width":0,"ocean_both_sidebars_sidebars_width":0,"ocean_sidebar":"","ocean_second_sidebar":"","ocean_disable_margins":"enable","ocean_add_body_class":"","ocean_shortcode_before_top_bar":"","ocean_shortcode_after_top_bar":"","ocean_shortcode_before_header":"","ocean_shortcode_after_header":"","ocean_has_shortcode":"","ocean_shortcode_after_title":"","ocean_shortcode_before_footer_widgets":"","ocean_shortcode_after_footer_widgets":"","ocean_shortcode_before_footer_bottom":"","ocean_shortcode_after_footer_bottom":"","ocean_display_top_bar":"default","ocean_display_header":"default","ocean_header_style":"","ocean_center_header_left_menu":"","ocean_custom_header_template":"","ocean_custom_logo":0,"ocean_custom_retina_logo":0,"ocean_custom_logo_max_width":0,"ocean_custom_logo_tablet_max_width":0,"ocean_custom_logo_mobile_max_width":0,"ocean_custom_logo_max_height":0,"ocean_custom_logo_tablet_max_height":0,"ocean_custom_logo_mobile_max_height":0,"ocean_header_custom_menu":"","ocean_menu_typo_font_family":"","ocean_menu_typo_font_subset":"","ocean_menu_typo_font_size":0,"ocean_menu_typo_font_size_tablet":0,"ocean_menu_typo_font_size_mobile":0,"ocean_menu_typo_font_size_unit":"px","ocean_menu_typo_font_weight":"","ocean_menu_typo_font_weight_tablet":"","ocean_menu_typo_font_weight_mobile":"","ocean_menu_typo_transform":"","ocean_menu_typo_transform_tablet":"","ocean_menu_typo_transform_mobile":"","ocean_menu_typo_line_height":0,"ocean_menu_typo_line_height_tablet":0,"ocean_menu_typo_line_height_mobile":0,"ocean_menu_typo_line_height_unit":"","ocean_menu_typo_spacing":0,"ocean_menu_typo_spacing_tablet":0,"ocean_menu_typo_spacing_mobile":0,"ocean_menu_typo_spacing_unit":"","ocean_menu_link_color":"","ocean_menu_link_color_hover":"","ocean_menu_link_color_active":"","ocean_menu_link_background":"","ocean_menu_link_hover_background":"","ocean_menu_link_active_background":"","ocean_menu_social_links_bg":"","ocean_menu_social_hover_links_bg":"","ocean_menu_social_links_color":"","ocean_menu_social_hover_links_color":"","ocean_disable_title":"default","ocean_disable_heading":"default","ocean_post_title":"","ocean_post_subheading":"","ocean_post_title_style":"","ocean_post_title_background_color":"","ocean_post_title_background":0,"ocean_post_title_bg_image_position":"","ocean_post_title_bg_image_attachment":"","ocean_post_title_bg_image_repeat":"","ocean_post_title_bg_image_size":"","ocean_post_title_height":0,"ocean_post_title_bg_overlay":0.5,"ocean_post_title_bg_overlay_color":"","ocean_disable_breadcrumbs":"default","ocean_breadcrumbs_color":"","ocean_breadcrumbs_separator_color":"","ocean_breadcrumbs_links_color":"","ocean_breadcrumbs_links_hover_color":"","ocean_display_footer_widgets":"default","ocean_display_footer_bottom":"default","ocean_custom_footer_template":"","ocean_post_oembed":"","ocean_post_self_hosted_media":"","ocean_post_video_embed":"","ocean_link_format":"","ocean_link_format_target":"self","ocean_quote_format":"","ocean_quote_format_link":"post","ocean_gallery_link_images":"on","ocean_gallery_id":[],"footnotes":""},"categories":[9],"tags":[338,136,563],"class_list":["post-9351","post","type-post","status-publish","format-standard","hentry","category-projetos-de-pesquisa","tag-arquivo","tag-memoria","tag-universidade-federal-da-paraiba-ufpb","entry"],"_links":{"self":[{"href":"https:\/\/www.ccsa.ufpb.br\/pesquisarquivistica\/wp-json\/wp\/v2\/posts\/9351","targetHints":{"allow":["GET"]}}],"collection":[{"href":"https:\/\/www.ccsa.ufpb.br\/pesquisarquivistica\/wp-json\/wp\/v2\/posts"}],"about":[{"href":"https:\/\/www.ccsa.ufpb.br\/pesquisarquivistica\/wp-json\/wp\/v2\/types\/post"}],"author":[{"embeddable":true,"href":"https:\/\/www.ccsa.ufpb.br\/pesquisarquivistica\/wp-json\/wp\/v2\/users\/20"}],"replies":[{"embeddable":true,"href":"https:\/\/www.ccsa.ufpb.br\/pesquisarquivistica\/wp-json\/wp\/v2\/comments?post=9351"}],"version-history":[{"count":2,"href":"https:\/\/www.ccsa.ufpb.br\/pesquisarquivistica\/wp-json\/wp\/v2\/posts\/9351\/revisions"}],"predecessor-version":[{"id":9378,"href":"https:\/\/www.ccsa.ufpb.br\/pesquisarquivistica\/wp-json\/wp\/v2\/posts\/9351\/revisions\/9378"}],"wp:attachment":[{"href":"https:\/\/www.ccsa.ufpb.br\/pesquisarquivistica\/wp-json\/wp\/v2\/media?parent=9351"}],"wp:term":[{"taxonomy":"category","embeddable":true,"href":"https:\/\/www.ccsa.ufpb.br\/pesquisarquivistica\/wp-json\/wp\/v2\/categories?post=9351"},{"taxonomy":"post_tag","embeddable":true,"href":"https:\/\/www.ccsa.ufpb.br\/pesquisarquivistica\/wp-json\/wp\/v2\/tags?post=9351"}],"curies":[{"name":"wp","href":"https:\/\/api.w.org\/{rel}","templated":true}]}}