{"id":9356,"date":"2025-04-12T20:05:20","date_gmt":"2025-04-12T23:05:20","guid":{"rendered":"http:\/\/www.ccsa.ufpb.br\/pesquisarquivistica\/?p=9356"},"modified":"2025-04-12T20:05:20","modified_gmt":"2025-04-12T23:05:20","slug":"arquivos-comunitarios-na-perspectiva-sul-2024-atual","status":"publish","type":"post","link":"https:\/\/www.ccsa.ufpb.br\/pesquisarquivistica\/arquivos-comunitarios-na-perspectiva-sul-2024-atual\/","title":{"rendered":"ARQUIVOS COMUNIT\u00c1RIOS NA PERSPECTIVA SUL (2024-Atual)"},"content":{"rendered":"\n<p class=\"wp-block-paragraph\"><a href=\"http:\/\/lattes.cnpq.br\/9316211149718874\" target=\"_blank\" rel=\"noreferrer noopener\">Ana Cl\u00e1udia Cruz C\u00f3rdula<\/a><\/p>\n\n\n\n<p class=\"wp-block-paragraph\">Este projeto enquadra-se nas Ci\u00eancias Sociais Aplicadas, especificamente na Ci\u00eancia da Informa\u00e7\u00e3o, com a Arquivologia como sub\u00e1rea. O objeto de estudo \u00e9 a tem\u00e1tica dos Arquivos Comunit\u00e1rios, que tem ganhado espa\u00e7o cient\u00edfico em pa\u00edses como Canad\u00e1 e Estados Unidos, conforme confirmado por um projeto de pesquisa anterior. Este projeto anterior buscou entender as especificidades desses arquivos nos pa\u00edses mencionados e trouxe resultados importantes que despertaram o interesse para al\u00e9m dessas localiza\u00e7\u00f5es. Estes pontos alinham-se com as discuss\u00f5es de decolonialidade e perspectiva sul, que enfatizam a necessidade de descentralizar o conhecimento e dar voz \u00e0s experi\u00eancias e saberes das popula\u00e7\u00f5es historicamente marginalizadas pelos processos coloniais. Diante disso, esta pesquisa pretende promover os Arquivos Comunit\u00e1rios, juntando-se a iniciativas como a do Arquivo Nacional, que em 2024 reconheceu o Arquivo Comunit\u00e1rio como uma estrat\u00e9gia brasileira para a salvaguarda da mem\u00f3ria contra as desigualdades, e a da Associa\u00e7\u00e3o Latino-Americana de Arquivos, que aprovou a cria\u00e7\u00e3o de um Grupo de Trabalho sobre Arquivos Comunit\u00e1rios no mesmo ano. A proposta em tela, assim, busca responder \u00e0 pergunta: como os arquivos comunit\u00e1rios v\u00eam sendo entendidos em pa\u00edses socialmente exclu\u00eddos pelas pr\u00e1ticas coloniais? Tendo como objetivo compreender como os pa\u00edses da Am\u00e9rica do Sul percebem os arquivos comunit\u00e1rios.<\/p>\n","protected":false},"excerpt":{"rendered":"<p>Ana Cl\u00e1udia Cruz C\u00f3rdula Este projeto enquadra-se nas Ci\u00eancias Sociais Aplicadas, especificamente na Ci\u00eancia da Informa\u00e7\u00e3o, com a Arquivologia como sub\u00e1rea. O objeto de estudo \u00e9 a tem\u00e1tica dos Arquivos Comunit\u00e1rios, que tem ganhado espa\u00e7o cient\u00edfico em pa\u00edses como Canad\u00e1 e Estados Unidos, conforme confirmado por um projeto de pesquisa anterior. Este projeto anterior buscou [&hellip;]<\/p>\n","protected":false},"author":20,"featured_media":0,"comment_status":"open","ping_status":"open","sticky":false,"template":"","format":"standard","meta":{"ocean_front_end_style_editor":"no","ocean_post_layout":"","ocean_both_sidebars_style":"","ocean_both_sidebars_content_width":0,"ocean_both_sidebars_sidebars_width":0,"ocean_sidebar":"","ocean_second_sidebar":"","ocean_disable_margins":"enable","ocean_add_body_class":"","ocean_shortcode_before_top_bar":"","ocean_shortcode_after_top_bar":"","ocean_shortcode_before_header":"","ocean_shortcode_after_header":"","ocean_has_shortcode":"","ocean_shortcode_after_title":"","ocean_shortcode_before_footer_widgets":"","ocean_shortcode_after_footer_widgets":"","ocean_shortcode_before_footer_bottom":"","ocean_shortcode_after_footer_bottom":"","ocean_display_top_bar":"default","ocean_display_header":"default","ocean_header_style":"","ocean_center_header_left_menu":"","ocean_custom_header_template":"","ocean_custom_logo":0,"ocean_custom_retina_logo":0,"ocean_custom_logo_max_width":0,"ocean_custom_logo_tablet_max_width":0,"ocean_custom_logo_mobile_max_width":0,"ocean_custom_logo_max_height":0,"ocean_custom_logo_tablet_max_height":0,"ocean_custom_logo_mobile_max_height":0,"ocean_header_custom_menu":"","ocean_menu_typo_font_family":"","ocean_menu_typo_font_subset":"","ocean_menu_typo_font_size":0,"ocean_menu_typo_font_size_tablet":0,"ocean_menu_typo_font_size_mobile":0,"ocean_menu_typo_font_size_unit":"px","ocean_menu_typo_font_weight":"","ocean_menu_typo_font_weight_tablet":"","ocean_menu_typo_font_weight_mobile":"","ocean_menu_typo_transform":"","ocean_menu_typo_transform_tablet":"","ocean_menu_typo_transform_mobile":"","ocean_menu_typo_line_height":0,"ocean_menu_typo_line_height_tablet":0,"ocean_menu_typo_line_height_mobile":0,"ocean_menu_typo_line_height_unit":"","ocean_menu_typo_spacing":0,"ocean_menu_typo_spacing_tablet":0,"ocean_menu_typo_spacing_mobile":0,"ocean_menu_typo_spacing_unit":"","ocean_menu_link_color":"","ocean_menu_link_color_hover":"","ocean_menu_link_color_active":"","ocean_menu_link_background":"","ocean_menu_link_hover_background":"","ocean_menu_link_active_background":"","ocean_menu_social_links_bg":"","ocean_menu_social_hover_links_bg":"","ocean_menu_social_links_color":"","ocean_menu_social_hover_links_color":"","ocean_disable_title":"default","ocean_disable_heading":"default","ocean_post_title":"","ocean_post_subheading":"","ocean_post_title_style":"","ocean_post_title_background_color":"","ocean_post_title_background":0,"ocean_post_title_bg_image_position":"","ocean_post_title_bg_image_attachment":"","ocean_post_title_bg_image_repeat":"","ocean_post_title_bg_image_size":"","ocean_post_title_height":0,"ocean_post_title_bg_overlay":0.5,"ocean_post_title_bg_overlay_color":"","ocean_disable_breadcrumbs":"default","ocean_breadcrumbs_color":"","ocean_breadcrumbs_separator_color":"","ocean_breadcrumbs_links_color":"","ocean_breadcrumbs_links_hover_color":"","ocean_display_footer_widgets":"default","ocean_display_footer_bottom":"default","ocean_custom_footer_template":"","ocean_post_oembed":"","ocean_post_self_hosted_media":"","ocean_post_video_embed":"","ocean_link_format":"","ocean_link_format_target":"self","ocean_quote_format":"","ocean_quote_format_link":"post","ocean_gallery_link_images":"on","ocean_gallery_id":[],"footnotes":""},"categories":[9],"tags":[1066,563],"class_list":["post-9356","post","type-post","status-publish","format-standard","hentry","category-projetos-de-pesquisa","tag-arquivos-comunitarios","tag-universidade-federal-da-paraiba-ufpb","entry"],"_links":{"self":[{"href":"https:\/\/www.ccsa.ufpb.br\/pesquisarquivistica\/wp-json\/wp\/v2\/posts\/9356","targetHints":{"allow":["GET"]}}],"collection":[{"href":"https:\/\/www.ccsa.ufpb.br\/pesquisarquivistica\/wp-json\/wp\/v2\/posts"}],"about":[{"href":"https:\/\/www.ccsa.ufpb.br\/pesquisarquivistica\/wp-json\/wp\/v2\/types\/post"}],"author":[{"embeddable":true,"href":"https:\/\/www.ccsa.ufpb.br\/pesquisarquivistica\/wp-json\/wp\/v2\/users\/20"}],"replies":[{"embeddable":true,"href":"https:\/\/www.ccsa.ufpb.br\/pesquisarquivistica\/wp-json\/wp\/v2\/comments?post=9356"}],"version-history":[{"count":1,"href":"https:\/\/www.ccsa.ufpb.br\/pesquisarquivistica\/wp-json\/wp\/v2\/posts\/9356\/revisions"}],"predecessor-version":[{"id":9357,"href":"https:\/\/www.ccsa.ufpb.br\/pesquisarquivistica\/wp-json\/wp\/v2\/posts\/9356\/revisions\/9357"}],"wp:attachment":[{"href":"https:\/\/www.ccsa.ufpb.br\/pesquisarquivistica\/wp-json\/wp\/v2\/media?parent=9356"}],"wp:term":[{"taxonomy":"category","embeddable":true,"href":"https:\/\/www.ccsa.ufpb.br\/pesquisarquivistica\/wp-json\/wp\/v2\/categories?post=9356"},{"taxonomy":"post_tag","embeddable":true,"href":"https:\/\/www.ccsa.ufpb.br\/pesquisarquivistica\/wp-json\/wp\/v2\/tags?post=9356"}],"curies":[{"name":"wp","href":"https:\/\/api.w.org\/{rel}","templated":true}]}}