{"id":9482,"date":"2025-04-16T14:36:59","date_gmt":"2025-04-16T17:36:59","guid":{"rendered":"http:\/\/www.ccsa.ufpb.br\/pesquisarquivistica\/?p=9482"},"modified":"2025-04-16T14:53:18","modified_gmt":"2025-04-16T17:53:18","slug":"representacao-tematica-do-fundo-do-departamento-estadual-de-imprensa-e-propaganda-deip","status":"publish","type":"post","link":"https:\/\/www.ccsa.ufpb.br\/pesquisarquivistica\/representacao-tematica-do-fundo-do-departamento-estadual-de-imprensa-e-propaganda-deip\/","title":{"rendered":"REPRESENTA\u00c7\u00c3O TEM\u00c1TICA DO FUNDO DO DEPARTAMENTO ESTADUAL DE IMPRENSA E PROPAGANDA &#8211; DEIP (2010-2011)"},"content":{"rendered":"\n<p>Integrantes: <a href=\"http:\/\/lattes.cnpq.br\/7683348330258439\" data-type=\"link\" data-id=\"http:\/\/lattes.cnpq.br\/7683348330258439\">Andr\u00e9 Malverdes<\/a> &#8211; Coordenador \/ Margarete Farias de Moraes &#8211; Integrante<\/p>\n\n\n\n<p>O fundo do Departamento Estadual de Imprensa e Propaganda &#8211; DEIP \u00e9 composto por 10 caixas box, contendo no total 11500 p\u00e1ginas, todos de tamanho A4, contendo documentos que v\u00e3o desde memorandos, of\u00edcios e correspond\u00eancias, at\u00e9 autoriza\u00e7\u00f5es e licen\u00e7as para exibi\u00e7\u00e3o de espet\u00e1culos culturais, rela\u00e7\u00f5es das associa\u00e7\u00f5es culturais existentes no estado, decretos e portarias da interventoria, certificados de censura e biografias de pessoas importantes do Espirito Santo. O fundo tamb\u00e9m apresenta 3 brochuras contendo recortes de jornais de todas as not\u00edcias e reportagens que o DEIP encomendou (e tamb\u00e9m recebeu) tanto nos jornais locais como na impressa oficial. O cunha destas reportagens e not\u00edcias eram sempre divulgar estat\u00edsitcas, eventos e aspectos positivos da economia e cultura do Esp\u00edrito Santo. O fundo est\u00e1 hoje com pouca possibilidade de acesso por n\u00e3o possuir intrumento de pesquisa adequado a sua riqueza de informa\u00e7\u00f5es culturais e hist\u00f3ricas.<\/p>\n\n\n\n<p><\/p>\n","protected":false},"excerpt":{"rendered":"<p>Integrantes: Andr\u00e9 Malverdes &#8211; Coordenador \/ Margarete Farias de Moraes &#8211; Integrante O fundo do Departamento Estadual de Imprensa e Propaganda &#8211; DEIP \u00e9 composto por 10 caixas box, contendo no total 11500 p\u00e1ginas, todos de tamanho A4, contendo documentos que v\u00e3o desde memorandos, of\u00edcios e correspond\u00eancias, at\u00e9 autoriza\u00e7\u00f5es e licen\u00e7as para exibi\u00e7\u00e3o de espet\u00e1culos [&hellip;]<\/p>\n","protected":false},"author":21,"featured_media":0,"comment_status":"open","ping_status":"open","sticky":false,"template":"","format":"standard","meta":{"ocean_post_layout":"","ocean_both_sidebars_style":"","ocean_both_sidebars_content_width":0,"ocean_both_sidebars_sidebars_width":0,"ocean_sidebar":"","ocean_second_sidebar":"","ocean_disable_margins":"enable","ocean_add_body_class":"","ocean_shortcode_before_top_bar":"","ocean_shortcode_after_top_bar":"","ocean_shortcode_before_header":"","ocean_shortcode_after_header":"","ocean_has_shortcode":"","ocean_shortcode_after_title":"","ocean_shortcode_before_footer_widgets":"","ocean_shortcode_after_footer_widgets":"","ocean_shortcode_before_footer_bottom":"","ocean_shortcode_after_footer_bottom":"","ocean_display_top_bar":"default","ocean_display_header":"default","ocean_header_style":"","ocean_center_header_left_menu":"","ocean_custom_header_template":"","ocean_custom_logo":0,"ocean_custom_retina_logo":0,"ocean_custom_logo_max_width":0,"ocean_custom_logo_tablet_max_width":0,"ocean_custom_logo_mobile_max_width":0,"ocean_custom_logo_max_height":0,"ocean_custom_logo_tablet_max_height":0,"ocean_custom_logo_mobile_max_height":0,"ocean_header_custom_menu":"","ocean_menu_typo_font_family":"","ocean_menu_typo_font_subset":"","ocean_menu_typo_font_size":0,"ocean_menu_typo_font_size_tablet":0,"ocean_menu_typo_font_size_mobile":0,"ocean_menu_typo_font_size_unit":"px","ocean_menu_typo_font_weight":"","ocean_menu_typo_font_weight_tablet":"","ocean_menu_typo_font_weight_mobile":"","ocean_menu_typo_transform":"","ocean_menu_typo_transform_tablet":"","ocean_menu_typo_transform_mobile":"","ocean_menu_typo_line_height":0,"ocean_menu_typo_line_height_tablet":0,"ocean_menu_typo_line_height_mobile":0,"ocean_menu_typo_line_height_unit":"","ocean_menu_typo_spacing":0,"ocean_menu_typo_spacing_tablet":0,"ocean_menu_typo_spacing_mobile":0,"ocean_menu_typo_spacing_unit":"","ocean_menu_link_color":"","ocean_menu_link_color_hover":"","ocean_menu_link_color_active":"","ocean_menu_link_background":"","ocean_menu_link_hover_background":"","ocean_menu_link_active_background":"","ocean_menu_social_links_bg":"","ocean_menu_social_hover_links_bg":"","ocean_menu_social_links_color":"","ocean_menu_social_hover_links_color":"","ocean_disable_title":"default","ocean_disable_heading":"default","ocean_post_title":"","ocean_post_subheading":"","ocean_post_title_style":"","ocean_post_title_background_color":"","ocean_post_title_background":0,"ocean_post_title_bg_image_position":"","ocean_post_title_bg_image_attachment":"","ocean_post_title_bg_image_repeat":"","ocean_post_title_bg_image_size":"","ocean_post_title_height":0,"ocean_post_title_bg_overlay":0.5,"ocean_post_title_bg_overlay_color":"","ocean_disable_breadcrumbs":"default","ocean_breadcrumbs_color":"","ocean_breadcrumbs_separator_color":"","ocean_breadcrumbs_links_color":"","ocean_breadcrumbs_links_hover_color":"","ocean_display_footer_widgets":"default","ocean_display_footer_bottom":"default","ocean_custom_footer_template":"","ocean_post_oembed":"","ocean_post_self_hosted_media":"","ocean_post_video_embed":"","ocean_link_format":"","ocean_link_format_target":"self","ocean_quote_format":"","ocean_quote_format_link":"post","ocean_gallery_link_images":"on","ocean_gallery_id":[],"footnotes":""},"categories":[9],"tags":[101,521],"class_list":["post-9482","post","type-post","status-publish","format-standard","hentry","category-projetos-de-pesquisa","tag-documento-arquivistico","tag-representacao-da-informacao","entry"],"_links":{"self":[{"href":"https:\/\/www.ccsa.ufpb.br\/pesquisarquivistica\/wp-json\/wp\/v2\/posts\/9482","targetHints":{"allow":["GET"]}}],"collection":[{"href":"https:\/\/www.ccsa.ufpb.br\/pesquisarquivistica\/wp-json\/wp\/v2\/posts"}],"about":[{"href":"https:\/\/www.ccsa.ufpb.br\/pesquisarquivistica\/wp-json\/wp\/v2\/types\/post"}],"author":[{"embeddable":true,"href":"https:\/\/www.ccsa.ufpb.br\/pesquisarquivistica\/wp-json\/wp\/v2\/users\/21"}],"replies":[{"embeddable":true,"href":"https:\/\/www.ccsa.ufpb.br\/pesquisarquivistica\/wp-json\/wp\/v2\/comments?post=9482"}],"version-history":[{"count":2,"href":"https:\/\/www.ccsa.ufpb.br\/pesquisarquivistica\/wp-json\/wp\/v2\/posts\/9482\/revisions"}],"predecessor-version":[{"id":9486,"href":"https:\/\/www.ccsa.ufpb.br\/pesquisarquivistica\/wp-json\/wp\/v2\/posts\/9482\/revisions\/9486"}],"wp:attachment":[{"href":"https:\/\/www.ccsa.ufpb.br\/pesquisarquivistica\/wp-json\/wp\/v2\/media?parent=9482"}],"wp:term":[{"taxonomy":"category","embeddable":true,"href":"https:\/\/www.ccsa.ufpb.br\/pesquisarquivistica\/wp-json\/wp\/v2\/categories?post=9482"},{"taxonomy":"post_tag","embeddable":true,"href":"https:\/\/www.ccsa.ufpb.br\/pesquisarquivistica\/wp-json\/wp\/v2\/tags?post=9482"}],"curies":[{"name":"wp","href":"https:\/\/api.w.org\/{rel}","templated":true}]}}