{"id":9550,"date":"2025-04-16T23:14:07","date_gmt":"2025-04-17T02:14:07","guid":{"rendered":"http:\/\/www.ccsa.ufpb.br\/pesquisarquivistica\/?p=9550"},"modified":"2025-04-16T23:14:07","modified_gmt":"2025-04-17T02:14:07","slug":"valoracao-economica-e-desenvolvimento-tecnologico-em-arquivos-publicos-2022-atual","status":"publish","type":"post","link":"https:\/\/www.ccsa.ufpb.br\/pesquisarquivistica\/valoracao-economica-e-desenvolvimento-tecnologico-em-arquivos-publicos-2022-atual\/","title":{"rendered":"VALORA\u00c7\u00c3O ECON\u00d4MICA E DESENVOLVIMENTO TECNOL\u00d3GICO EM ARQUIVOS P\u00daBLICOS (2022-Atual)"},"content":{"rendered":"\n<p><a href=\"http:\/\/lattes.cnpq.br\/6442935126020226\" data-type=\"link\" data-id=\"http:\/\/lattes.cnpq.br\/6442935126020226\">Ivana Denise Parrela<\/a><\/p>\n\n\n\n<p>Equipe interdisciplinar e internacional investigar\u00e1 a signific\u00e2ncia atribu\u00edda pela sociedade aos arquivos p\u00fablicos, seus acervos e servi\u00e7os. Geralmente associadas a valores difusos, como bem-estar ou pertencimento comunit\u00e1rio, o papel dessas institui\u00e7\u00f5es culturais no desenvolvimento social, econ\u00f4mico e tecnol\u00f3gico \u00e9 pouco compreendido. O Arquivo P\u00fablico Mineiro, \u00f3rg\u00e3o da administra\u00e7\u00e3o estadual e institui\u00e7\u00e3o cultural mais antiga de Minas Gerais, ser\u00e1 objeto desta pesquisa interdisciplinar, que prev\u00ea a\u00e7\u00f5es de difus\u00e3o e de desenvolvimento cient\u00edfico e tecnol\u00f3gico no campo do patrim\u00f4nio. A Pesquisa sobre a valora\u00e7\u00e3o do APM ser\u00e1 desenvolvida em perspectiva comparada com a realidade encontrada em institui\u00e7\u00f5es gregas, ambas em busca de solu\u00e7\u00f5es para melhoria das pol\u00edticas p\u00fablicas e reconhecimento como espa\u00e7o de educa\u00e7\u00e3o, pesquisa, inova\u00e7\u00e3o e gera\u00e7\u00e3o de renda. No campo econ\u00f4mico, ser\u00e1 usado o m\u00e9todo da valora\u00e7\u00e3o contingente, pouco usual para o estudo de arquivos p\u00fablicos. No campo da preserva\u00e7\u00e3o, ser\u00e1 implantada a tecnologia da fotografia multiespectral para leitura de textos apagados, igualmente \u00fatil no campo forense, e o estudo material e sistematiza\u00e7\u00e3o metodol\u00f3gica de tratamentos de restaura\u00e7\u00e3o neste tipo de documento. No campo da comunica\u00e7\u00e3o institucional, ser\u00e3o realizadas atividades educativas e culturais voltadas para a comunidade regional, promovidas conjuntamente pela Universidade e pelo APM. Os produtos pretendidos s\u00e3o: divulga\u00e7\u00e3o cient\u00edfica em v\u00e1rios n\u00edveis de comunica\u00e7\u00e3o, com a participa\u00e7\u00e3o em eventos acad\u00eamicos, publica\u00e7\u00f5es especializadas, v\u00eddeos t\u00e9cnicos para serem apresentados em redes sociais e a promo\u00e7\u00e3o de cursos e aulas abertas; capacita\u00e7\u00e3o profissional de 8 discentes ou jovens profissionais com as bolsas BDCTI; desenvolvimento e\/ou implanta\u00e7\u00e3o de processos, procedimentos e metodologias; relat\u00f3rios t\u00e9cnicos; disserta\u00e7\u00e3o de mestrado; laudos e per\u00edcias.<\/p>\n","protected":false},"excerpt":{"rendered":"<p>Ivana Denise Parrela Equipe interdisciplinar e internacional investigar\u00e1 a signific\u00e2ncia atribu\u00edda pela sociedade aos arquivos p\u00fablicos, seus acervos e servi\u00e7os. Geralmente associadas a valores difusos, como bem-estar ou pertencimento comunit\u00e1rio, o papel dessas institui\u00e7\u00f5es culturais no desenvolvimento social, econ\u00f4mico e tecnol\u00f3gico \u00e9 pouco compreendido. O Arquivo P\u00fablico Mineiro, \u00f3rg\u00e3o da administra\u00e7\u00e3o estadual e institui\u00e7\u00e3o cultural [&hellip;]<\/p>\n","protected":false},"author":20,"featured_media":0,"comment_status":"open","ping_status":"open","sticky":false,"template":"","format":"standard","meta":{"ocean_post_layout":"","ocean_both_sidebars_style":"","ocean_both_sidebars_content_width":0,"ocean_both_sidebars_sidebars_width":0,"ocean_sidebar":"","ocean_second_sidebar":"","ocean_disable_margins":"enable","ocean_add_body_class":"","ocean_shortcode_before_top_bar":"","ocean_shortcode_after_top_bar":"","ocean_shortcode_before_header":"","ocean_shortcode_after_header":"","ocean_has_shortcode":"","ocean_shortcode_after_title":"","ocean_shortcode_before_footer_widgets":"","ocean_shortcode_after_footer_widgets":"","ocean_shortcode_before_footer_bottom":"","ocean_shortcode_after_footer_bottom":"","ocean_display_top_bar":"default","ocean_display_header":"default","ocean_header_style":"","ocean_center_header_left_menu":"","ocean_custom_header_template":"","ocean_custom_logo":0,"ocean_custom_retina_logo":0,"ocean_custom_logo_max_width":0,"ocean_custom_logo_tablet_max_width":0,"ocean_custom_logo_mobile_max_width":0,"ocean_custom_logo_max_height":0,"ocean_custom_logo_tablet_max_height":0,"ocean_custom_logo_mobile_max_height":0,"ocean_header_custom_menu":"","ocean_menu_typo_font_family":"","ocean_menu_typo_font_subset":"","ocean_menu_typo_font_size":0,"ocean_menu_typo_font_size_tablet":0,"ocean_menu_typo_font_size_mobile":0,"ocean_menu_typo_font_size_unit":"px","ocean_menu_typo_font_weight":"","ocean_menu_typo_font_weight_tablet":"","ocean_menu_typo_font_weight_mobile":"","ocean_menu_typo_transform":"","ocean_menu_typo_transform_tablet":"","ocean_menu_typo_transform_mobile":"","ocean_menu_typo_line_height":0,"ocean_menu_typo_line_height_tablet":0,"ocean_menu_typo_line_height_mobile":0,"ocean_menu_typo_line_height_unit":"","ocean_menu_typo_spacing":0,"ocean_menu_typo_spacing_tablet":0,"ocean_menu_typo_spacing_mobile":0,"ocean_menu_typo_spacing_unit":"","ocean_menu_link_color":"","ocean_menu_link_color_hover":"","ocean_menu_link_color_active":"","ocean_menu_link_background":"","ocean_menu_link_hover_background":"","ocean_menu_link_active_background":"","ocean_menu_social_links_bg":"","ocean_menu_social_hover_links_bg":"","ocean_menu_social_links_color":"","ocean_menu_social_hover_links_color":"","ocean_disable_title":"default","ocean_disable_heading":"default","ocean_post_title":"","ocean_post_subheading":"","ocean_post_title_style":"","ocean_post_title_background_color":"","ocean_post_title_background":0,"ocean_post_title_bg_image_position":"","ocean_post_title_bg_image_attachment":"","ocean_post_title_bg_image_repeat":"","ocean_post_title_bg_image_size":"","ocean_post_title_height":0,"ocean_post_title_bg_overlay":0.5,"ocean_post_title_bg_overlay_color":"","ocean_disable_breadcrumbs":"default","ocean_breadcrumbs_color":"","ocean_breadcrumbs_separator_color":"","ocean_breadcrumbs_links_color":"","ocean_breadcrumbs_links_hover_color":"","ocean_display_footer_widgets":"default","ocean_display_footer_bottom":"default","ocean_custom_footer_template":"","ocean_post_oembed":"","ocean_post_self_hosted_media":"","ocean_post_video_embed":"","ocean_link_format":"","ocean_link_format_target":"self","ocean_quote_format":"","ocean_quote_format_link":"post","ocean_gallery_link_images":"on","ocean_gallery_id":[],"footnotes":""},"categories":[596,9],"tags":[141,343,579],"class_list":["post-9550","post","type-post","status-publish","format-standard","hentry","category-docente","category-projetos-de-pesquisa","tag-arquivo-publico","tag-arquivologia","tag-universidade-federal-de-minas-gerais-ufmg","entry"],"_links":{"self":[{"href":"https:\/\/www.ccsa.ufpb.br\/pesquisarquivistica\/wp-json\/wp\/v2\/posts\/9550","targetHints":{"allow":["GET"]}}],"collection":[{"href":"https:\/\/www.ccsa.ufpb.br\/pesquisarquivistica\/wp-json\/wp\/v2\/posts"}],"about":[{"href":"https:\/\/www.ccsa.ufpb.br\/pesquisarquivistica\/wp-json\/wp\/v2\/types\/post"}],"author":[{"embeddable":true,"href":"https:\/\/www.ccsa.ufpb.br\/pesquisarquivistica\/wp-json\/wp\/v2\/users\/20"}],"replies":[{"embeddable":true,"href":"https:\/\/www.ccsa.ufpb.br\/pesquisarquivistica\/wp-json\/wp\/v2\/comments?post=9550"}],"version-history":[{"count":1,"href":"https:\/\/www.ccsa.ufpb.br\/pesquisarquivistica\/wp-json\/wp\/v2\/posts\/9550\/revisions"}],"predecessor-version":[{"id":9551,"href":"https:\/\/www.ccsa.ufpb.br\/pesquisarquivistica\/wp-json\/wp\/v2\/posts\/9550\/revisions\/9551"}],"wp:attachment":[{"href":"https:\/\/www.ccsa.ufpb.br\/pesquisarquivistica\/wp-json\/wp\/v2\/media?parent=9550"}],"wp:term":[{"taxonomy":"category","embeddable":true,"href":"https:\/\/www.ccsa.ufpb.br\/pesquisarquivistica\/wp-json\/wp\/v2\/categories?post=9550"},{"taxonomy":"post_tag","embeddable":true,"href":"https:\/\/www.ccsa.ufpb.br\/pesquisarquivistica\/wp-json\/wp\/v2\/tags?post=9550"}],"curies":[{"name":"wp","href":"https:\/\/api.w.org\/{rel}","templated":true}]}}