{"id":9625,"date":"2025-04-17T15:46:08","date_gmt":"2025-04-17T18:46:08","guid":{"rendered":"http:\/\/www.ccsa.ufpb.br\/pesquisarquivistica\/?p=9625"},"modified":"2025-04-17T15:46:08","modified_gmt":"2025-04-17T18:46:08","slug":"politicas-publicas-em-informacao-e-arquivos-diretrizes-para-os-municipios-brasileiros-2019-atual","status":"publish","type":"post","link":"https:\/\/www.ccsa.ufpb.br\/pesquisarquivistica\/politicas-publicas-em-informacao-e-arquivos-diretrizes-para-os-municipios-brasileiros-2019-atual\/","title":{"rendered":"POL\u00cdTICAS P\u00daBLICAS EM INFORMA\u00c7\u00c3O E ARQUIVOS: diretrizes para os munic\u00edpios brasileiros (2019-Atual)"},"content":{"rendered":"\n<p><a href=\"http:\/\/lattes.cnpq.br\/5109503945869909\" data-type=\"link\" data-id=\"http:\/\/lattes.cnpq.br\/5109503945869909\">Marcia Cristina de Carvalho Pazin Vitoriano<\/a><\/p>\n\n\n\n<p>O projeto insere-se no escopo do desenvolvimento de pol\u00edticas p\u00fablicas ligadas \u00e0 gest\u00e3o da informa\u00e7\u00e3o e \u00e0 gest\u00e3o documental em \u00e2mbito municipal. A partir de um projeto de extens\u00e3o desenvolvido em Mar\u00edlia\/SP que pretende dar apoio t\u00e9cnico aos gestores municipais no que ser refere \u00e0 gest\u00e3o de documentos das diversas secretarias identificou-se a pequena incid\u00eancia de pesquisas cient\u00edficas a respeito das pol\u00edticas p\u00fablicas voltadas especificamente \u00e0 informa\u00e7\u00e3o produzida e acumulada pelos \u00f3rg\u00e3os p\u00fablicos municipais e \u00e0s estrat\u00e9gias de gerenciamento de arquivos e servi\u00e7os de informa\u00e7\u00e3o. Considerando-se a reduzida produ\u00e7\u00e3o acad\u00eamica sobre o tema e a grande necessidade dos gestores p\u00fablicos, este projeto tem como objetivo analisar as condicionantes do processo informacional caracter\u00edstico da gest\u00e3o p\u00fablica e analisar as necessidades administrativas, t\u00e9cnicas e de infraestrutura tecnol\u00f3gica e ambiental para a melhoria do desempenho das administra\u00e7\u00f5es municipais. A pesquisa se caracteriza como explorat\u00f3ria e descritiva, utilizando como m\u00e9todo de pesquisa o estudo de caso. Como procedimentos metodol\u00f3gicos ser\u00e3o utilizadas a pesquisa bibliogr\u00e1fica sobre pol\u00edticas p\u00fablicas e, mais especificamente, sobre pol\u00edticas arquiv\u00edsticas, visando identificar na literatura nacional e internacional referencial te\u00f3rico adequado \u00e0 reflex\u00f5es sobre a aplica\u00e7\u00e3o dos conceitos gerais ao n\u00edvel do munic\u00edpio. Tamb\u00e9m ser\u00e1 desenvolvido um estudo de caso, utilizando como base o munic\u00edpio de Mar\u00edlia, no interior de S\u00e3o Paulo. Como resultados, espera-se identificar as principais necessidades apresentadas pelos munic\u00edpios, do ponto de vista da gest\u00e3o da informa\u00e7\u00e3o e da gest\u00e3o de documentos, e desenvolver um conjunto de diretrizes para atua\u00e7\u00e3o dos profissionais de informa\u00e7\u00e3o neste ambiente.<\/p>\n","protected":false},"excerpt":{"rendered":"<p>Marcia Cristina de Carvalho Pazin Vitoriano O projeto insere-se no escopo do desenvolvimento de pol\u00edticas p\u00fablicas ligadas \u00e0 gest\u00e3o da informa\u00e7\u00e3o e \u00e0 gest\u00e3o documental em \u00e2mbito municipal. A partir de um projeto de extens\u00e3o desenvolvido em Mar\u00edlia\/SP que pretende dar apoio t\u00e9cnico aos gestores municipais no que ser refere \u00e0 gest\u00e3o de documentos das [&hellip;]<\/p>\n","protected":false},"author":20,"featured_media":0,"comment_status":"open","ping_status":"open","sticky":false,"template":"","format":"standard","meta":{"ocean_post_layout":"","ocean_both_sidebars_style":"","ocean_both_sidebars_content_width":0,"ocean_both_sidebars_sidebars_width":0,"ocean_sidebar":"","ocean_second_sidebar":"","ocean_disable_margins":"enable","ocean_add_body_class":"","ocean_shortcode_before_top_bar":"","ocean_shortcode_after_top_bar":"","ocean_shortcode_before_header":"","ocean_shortcode_after_header":"","ocean_has_shortcode":"","ocean_shortcode_after_title":"","ocean_shortcode_before_footer_widgets":"","ocean_shortcode_after_footer_widgets":"","ocean_shortcode_before_footer_bottom":"","ocean_shortcode_after_footer_bottom":"","ocean_display_top_bar":"default","ocean_display_header":"default","ocean_header_style":"","ocean_center_header_left_menu":"","ocean_custom_header_template":"","ocean_custom_logo":0,"ocean_custom_retina_logo":0,"ocean_custom_logo_max_width":0,"ocean_custom_logo_tablet_max_width":0,"ocean_custom_logo_mobile_max_width":0,"ocean_custom_logo_max_height":0,"ocean_custom_logo_tablet_max_height":0,"ocean_custom_logo_mobile_max_height":0,"ocean_header_custom_menu":"","ocean_menu_typo_font_family":"","ocean_menu_typo_font_subset":"","ocean_menu_typo_font_size":0,"ocean_menu_typo_font_size_tablet":0,"ocean_menu_typo_font_size_mobile":0,"ocean_menu_typo_font_size_unit":"px","ocean_menu_typo_font_weight":"","ocean_menu_typo_font_weight_tablet":"","ocean_menu_typo_font_weight_mobile":"","ocean_menu_typo_transform":"","ocean_menu_typo_transform_tablet":"","ocean_menu_typo_transform_mobile":"","ocean_menu_typo_line_height":0,"ocean_menu_typo_line_height_tablet":0,"ocean_menu_typo_line_height_mobile":0,"ocean_menu_typo_line_height_unit":"","ocean_menu_typo_spacing":0,"ocean_menu_typo_spacing_tablet":0,"ocean_menu_typo_spacing_mobile":0,"ocean_menu_typo_spacing_unit":"","ocean_menu_link_color":"","ocean_menu_link_color_hover":"","ocean_menu_link_color_active":"","ocean_menu_link_background":"","ocean_menu_link_hover_background":"","ocean_menu_link_active_background":"","ocean_menu_social_links_bg":"","ocean_menu_social_hover_links_bg":"","ocean_menu_social_links_color":"","ocean_menu_social_hover_links_color":"","ocean_disable_title":"default","ocean_disable_heading":"default","ocean_post_title":"","ocean_post_subheading":"","ocean_post_title_style":"","ocean_post_title_background_color":"","ocean_post_title_background":0,"ocean_post_title_bg_image_position":"","ocean_post_title_bg_image_attachment":"","ocean_post_title_bg_image_repeat":"","ocean_post_title_bg_image_size":"","ocean_post_title_height":0,"ocean_post_title_bg_overlay":0.5,"ocean_post_title_bg_overlay_color":"","ocean_disable_breadcrumbs":"default","ocean_breadcrumbs_color":"","ocean_breadcrumbs_separator_color":"","ocean_breadcrumbs_links_color":"","ocean_breadcrumbs_links_hover_color":"","ocean_display_footer_widgets":"default","ocean_display_footer_bottom":"default","ocean_custom_footer_template":"","ocean_post_oembed":"","ocean_post_self_hosted_media":"","ocean_post_video_embed":"","ocean_link_format":"","ocean_link_format_target":"self","ocean_quote_format":"","ocean_quote_format_link":"post","ocean_gallery_link_images":"on","ocean_gallery_id":[],"footnotes":""},"categories":[596,9],"tags":[338,74,1076,566],"class_list":["post-9625","post","type-post","status-publish","format-standard","hentry","category-docente","category-projetos-de-pesquisa","tag-arquivo","tag-gestao-de-documentos","tag-politicas-publicas","tag-universidade-estadual-paulista-unesp","entry"],"_links":{"self":[{"href":"https:\/\/www.ccsa.ufpb.br\/pesquisarquivistica\/wp-json\/wp\/v2\/posts\/9625","targetHints":{"allow":["GET"]}}],"collection":[{"href":"https:\/\/www.ccsa.ufpb.br\/pesquisarquivistica\/wp-json\/wp\/v2\/posts"}],"about":[{"href":"https:\/\/www.ccsa.ufpb.br\/pesquisarquivistica\/wp-json\/wp\/v2\/types\/post"}],"author":[{"embeddable":true,"href":"https:\/\/www.ccsa.ufpb.br\/pesquisarquivistica\/wp-json\/wp\/v2\/users\/20"}],"replies":[{"embeddable":true,"href":"https:\/\/www.ccsa.ufpb.br\/pesquisarquivistica\/wp-json\/wp\/v2\/comments?post=9625"}],"version-history":[{"count":1,"href":"https:\/\/www.ccsa.ufpb.br\/pesquisarquivistica\/wp-json\/wp\/v2\/posts\/9625\/revisions"}],"predecessor-version":[{"id":9626,"href":"https:\/\/www.ccsa.ufpb.br\/pesquisarquivistica\/wp-json\/wp\/v2\/posts\/9625\/revisions\/9626"}],"wp:attachment":[{"href":"https:\/\/www.ccsa.ufpb.br\/pesquisarquivistica\/wp-json\/wp\/v2\/media?parent=9625"}],"wp:term":[{"taxonomy":"category","embeddable":true,"href":"https:\/\/www.ccsa.ufpb.br\/pesquisarquivistica\/wp-json\/wp\/v2\/categories?post=9625"},{"taxonomy":"post_tag","embeddable":true,"href":"https:\/\/www.ccsa.ufpb.br\/pesquisarquivistica\/wp-json\/wp\/v2\/tags?post=9625"}],"curies":[{"name":"wp","href":"https:\/\/api.w.org\/{rel}","templated":true}]}}