{"id":9793,"date":"2025-04-23T16:38:04","date_gmt":"2025-04-23T19:38:04","guid":{"rendered":"http:\/\/www.ccsa.ufpb.br\/pesquisarquivistica\/?p=9793"},"modified":"2025-04-23T16:38:04","modified_gmt":"2025-04-23T19:38:04","slug":"acervos-da-comunidade-organizacao-do-arquivo-da-associacao-de-moradores-do-bairro-jardim-bela-vista-serra-es-2022-atual","status":"publish","type":"post","link":"https:\/\/www.ccsa.ufpb.br\/pesquisarquivistica\/acervos-da-comunidade-organizacao-do-arquivo-da-associacao-de-moradores-do-bairro-jardim-bela-vista-serra-es-2022-atual\/","title":{"rendered":"ACERVOS DA COMUNIDADE: Organiza\u00e7\u00e3o do arquivo da Associa\u00e7\u00e3o de Moradores do Bairro Jardim Bela Vista, Serra-ES (2022 &#8211; atual)"},"content":{"rendered":"\n<p><a href=\"http:\/\/lattes.cnpq.br\/0822963734544353\" data-type=\"link\" data-id=\"http:\/\/lattes.cnpq.br\/0822963734544353\">Tiago Braga da Silva<\/a> &#8211; Coordenador<\/p>\n\n\n\n<p>O objetivo do projeto \u00e9 organizar, descrever e digitalizar os documentos produzidos pela Associa\u00e7\u00e3o de Moradores do Bairro Jardim Bela Vista, Serra-ES. O bairro surgiu no final da d\u00e9cada de 1970 e a Associa\u00e7\u00e3o de moradores, impulsionada pela necessidade de reivindicar melhorias para o bairro, foi criada no final da d\u00e9cada de 1980. Atualmente, conforme o \u00faltimo censo do IBGE de 2010, o bairro possui aproximadamente 4.000 mil moradores. A documenta\u00e7\u00e3o, subproduto das atividades da Associa\u00e7\u00e3o, representa o registro de fatos e eventos de uma coletividade. Sua organiza\u00e7\u00e3o e disponibiliza\u00e7\u00e3o podem contribuir para a produ\u00e7\u00e3o de pesquisas sobre as formas de organiza\u00e7\u00e3o, demandas e contradi\u00e7\u00f5es dessa popula\u00e7\u00e3o e, tamb\u00e9m, sobre a implementa\u00e7\u00e3o ou aus\u00eancia de pol\u00edticas p\u00fablicas na regi\u00e3o. Al\u00e9m disso, o acesso aos documentos da Associa\u00e7\u00e3o pela comunidade local pode representar uma a\u00e7\u00e3o de afirma\u00e7\u00e3o de mem\u00f3rias, identidades e reconhecimento social.<\/p>\n\n\n\n<p><\/p>\n","protected":false},"excerpt":{"rendered":"<p>Tiago Braga da Silva &#8211; Coordenador O objetivo do projeto \u00e9 organizar, descrever e digitalizar os documentos produzidos pela Associa\u00e7\u00e3o de Moradores do Bairro Jardim Bela Vista, Serra-ES. O bairro surgiu no final da d\u00e9cada de 1970 e a Associa\u00e7\u00e3o de moradores, impulsionada pela necessidade de reivindicar melhorias para o bairro, foi criada no final [&hellip;]<\/p>\n","protected":false},"author":21,"featured_media":0,"comment_status":"open","ping_status":"open","sticky":false,"template":"","format":"standard","meta":{"ocean_post_layout":"","ocean_both_sidebars_style":"","ocean_both_sidebars_content_width":0,"ocean_both_sidebars_sidebars_width":0,"ocean_sidebar":"","ocean_second_sidebar":"","ocean_disable_margins":"enable","ocean_add_body_class":"","ocean_shortcode_before_top_bar":"","ocean_shortcode_after_top_bar":"","ocean_shortcode_before_header":"","ocean_shortcode_after_header":"","ocean_has_shortcode":"","ocean_shortcode_after_title":"","ocean_shortcode_before_footer_widgets":"","ocean_shortcode_after_footer_widgets":"","ocean_shortcode_before_footer_bottom":"","ocean_shortcode_after_footer_bottom":"","ocean_display_top_bar":"default","ocean_display_header":"default","ocean_header_style":"","ocean_center_header_left_menu":"","ocean_custom_header_template":"","ocean_custom_logo":0,"ocean_custom_retina_logo":0,"ocean_custom_logo_max_width":0,"ocean_custom_logo_tablet_max_width":0,"ocean_custom_logo_mobile_max_width":0,"ocean_custom_logo_max_height":0,"ocean_custom_logo_tablet_max_height":0,"ocean_custom_logo_mobile_max_height":0,"ocean_header_custom_menu":"","ocean_menu_typo_font_family":"","ocean_menu_typo_font_subset":"","ocean_menu_typo_font_size":0,"ocean_menu_typo_font_size_tablet":0,"ocean_menu_typo_font_size_mobile":0,"ocean_menu_typo_font_size_unit":"px","ocean_menu_typo_font_weight":"","ocean_menu_typo_font_weight_tablet":"","ocean_menu_typo_font_weight_mobile":"","ocean_menu_typo_transform":"","ocean_menu_typo_transform_tablet":"","ocean_menu_typo_transform_mobile":"","ocean_menu_typo_line_height":0,"ocean_menu_typo_line_height_tablet":0,"ocean_menu_typo_line_height_mobile":0,"ocean_menu_typo_line_height_unit":"","ocean_menu_typo_spacing":0,"ocean_menu_typo_spacing_tablet":0,"ocean_menu_typo_spacing_mobile":0,"ocean_menu_typo_spacing_unit":"","ocean_menu_link_color":"","ocean_menu_link_color_hover":"","ocean_menu_link_color_active":"","ocean_menu_link_background":"","ocean_menu_link_hover_background":"","ocean_menu_link_active_background":"","ocean_menu_social_links_bg":"","ocean_menu_social_hover_links_bg":"","ocean_menu_social_links_color":"","ocean_menu_social_hover_links_color":"","ocean_disable_title":"default","ocean_disable_heading":"default","ocean_post_title":"","ocean_post_subheading":"","ocean_post_title_style":"","ocean_post_title_background_color":"","ocean_post_title_background":0,"ocean_post_title_bg_image_position":"","ocean_post_title_bg_image_attachment":"","ocean_post_title_bg_image_repeat":"","ocean_post_title_bg_image_size":"","ocean_post_title_height":0,"ocean_post_title_bg_overlay":0.5,"ocean_post_title_bg_overlay_color":"","ocean_disable_breadcrumbs":"default","ocean_breadcrumbs_color":"","ocean_breadcrumbs_separator_color":"","ocean_breadcrumbs_links_color":"","ocean_breadcrumbs_links_hover_color":"","ocean_display_footer_widgets":"default","ocean_display_footer_bottom":"default","ocean_custom_footer_template":"","ocean_post_oembed":"","ocean_post_self_hosted_media":"","ocean_post_video_embed":"","ocean_link_format":"","ocean_link_format_target":"self","ocean_quote_format":"","ocean_quote_format_link":"post","ocean_gallery_link_images":"on","ocean_gallery_id":[],"footnotes":""},"categories":[596,1],"tags":[389,150,101,136,95,133],"class_list":["post-9793","post","type-post","status-publish","format-standard","hentry","category-docente","category-projetos-de-extensao","tag-descricao","tag-digitalizacao","tag-documento-arquivistico","tag-memoria","tag-organizacao-de-arquivos","tag-organizacao-e-tratamento","entry"],"_links":{"self":[{"href":"https:\/\/www.ccsa.ufpb.br\/pesquisarquivistica\/wp-json\/wp\/v2\/posts\/9793","targetHints":{"allow":["GET"]}}],"collection":[{"href":"https:\/\/www.ccsa.ufpb.br\/pesquisarquivistica\/wp-json\/wp\/v2\/posts"}],"about":[{"href":"https:\/\/www.ccsa.ufpb.br\/pesquisarquivistica\/wp-json\/wp\/v2\/types\/post"}],"author":[{"embeddable":true,"href":"https:\/\/www.ccsa.ufpb.br\/pesquisarquivistica\/wp-json\/wp\/v2\/users\/21"}],"replies":[{"embeddable":true,"href":"https:\/\/www.ccsa.ufpb.br\/pesquisarquivistica\/wp-json\/wp\/v2\/comments?post=9793"}],"version-history":[{"count":1,"href":"https:\/\/www.ccsa.ufpb.br\/pesquisarquivistica\/wp-json\/wp\/v2\/posts\/9793\/revisions"}],"predecessor-version":[{"id":9794,"href":"https:\/\/www.ccsa.ufpb.br\/pesquisarquivistica\/wp-json\/wp\/v2\/posts\/9793\/revisions\/9794"}],"wp:attachment":[{"href":"https:\/\/www.ccsa.ufpb.br\/pesquisarquivistica\/wp-json\/wp\/v2\/media?parent=9793"}],"wp:term":[{"taxonomy":"category","embeddable":true,"href":"https:\/\/www.ccsa.ufpb.br\/pesquisarquivistica\/wp-json\/wp\/v2\/categories?post=9793"},{"taxonomy":"post_tag","embeddable":true,"href":"https:\/\/www.ccsa.ufpb.br\/pesquisarquivistica\/wp-json\/wp\/v2\/tags?post=9793"}],"curies":[{"name":"wp","href":"https:\/\/api.w.org\/{rel}","templated":true}]}}