{"id":159,"date":"2025-01-09T09:42:00","date_gmt":"2025-01-09T12:42:00","guid":{"rendered":"https:\/\/www.ccsa.ufpb.br\/ppga\/?p=159"},"modified":"2025-08-05T08:36:27","modified_gmt":"2025-08-05T11:36:27","slug":"nota-de-pesar","status":"publish","type":"post","link":"https:\/\/www.ccsa.ufpb.br\/ppga\/institucional\/nota-de-pesar\/","title":{"rendered":"Nota de Pesar"},"content":{"rendered":"\n<p>Com imensa tristeza, a Coordena\u00e7\u00e3o do PPGA informa que, no \u00faltimo dia 02 de janeiro de 2025, faleceu a Professora M\u00e1rcia da Silva Costa, aos 57 anos de idade.&nbsp;<\/p>\n\n\n\n<p>A professora M\u00e1rcia fez forma\u00e7\u00e3o de gradua\u00e7\u00e3o e mestrado em Administra\u00e7\u00e3o na UFPB e doutorado em Sociologia na UFRJ, e foi professora da UFPB desde 1995 at\u00e9 sua aposentadoria em 2017. Atuou como docente no Departamento de Administra\u00e7\u00e3o e, ao longo de mais de uma d\u00e9cada como professora do PPGA.&nbsp;<\/p>\n\n\n\n<p>A passagem da professora M\u00e1rcia no PPGA foi, como ela era, brilhante, por sua intelig\u00eancia diferenciada, por sua criticidade educada, por sua intera\u00e7\u00e3o amiga, agrad\u00e1vel, sempre cort\u00eas com todos, independentemente de converg\u00eancia ou diverg\u00eancia de opini\u00f5es. Atuou na \u00e1rea de Rela\u00e7\u00f5es de Trabalho e Estado, Trabalho e Sociedade, com dezenas de orienta\u00e7\u00f5es de mestrado e doutorado.&nbsp;<\/p>\n\n\n\n<p>Para todos que fazemos o Programa, M\u00e1rcia foi realmente uma pessoa marcante, cuja partida entristece, restando o alento de que, como ela pr\u00f3pria comentou, estar\u00e1 sempre \u201cno escaninho do cora\u00e7\u00e3o\u201d.&nbsp;<\/p>\n\n\n\n<p>Sua obra segue, M\u00e1rcia, marcante que foi e \u00e9 na mem\u00f3ria de amigos e colegas, e na trajet\u00f3ria de seus orientandos de mestrado e doutorado. Descanse em paz, querida amiga.<\/p>\n","protected":false},"excerpt":{"rendered":"<p>Com imensa tristeza, a Coordena\u00e7\u00e3o do PPGA informa que, no \u00faltimo dia 02 de janeiro [&hellip;]<\/p>\n","protected":false},"author":47,"featured_media":147,"comment_status":"open","ping_status":"open","sticky":false,"template":"","format":"standard","meta":{"footnotes":""},"categories":[3],"tags":[],"class_list":["post-159","post","type-post","status-publish","format-standard","has-post-thumbnail","hentry","category-institucional"],"_links":{"self":[{"href":"https:\/\/www.ccsa.ufpb.br\/ppga\/wp-json\/wp\/v2\/posts\/159","targetHints":{"allow":["GET"]}}],"collection":[{"href":"https:\/\/www.ccsa.ufpb.br\/ppga\/wp-json\/wp\/v2\/posts"}],"about":[{"href":"https:\/\/www.ccsa.ufpb.br\/ppga\/wp-json\/wp\/v2\/types\/post"}],"author":[{"embeddable":true,"href":"https:\/\/www.ccsa.ufpb.br\/ppga\/wp-json\/wp\/v2\/users\/47"}],"replies":[{"embeddable":true,"href":"https:\/\/www.ccsa.ufpb.br\/ppga\/wp-json\/wp\/v2\/comments?post=159"}],"version-history":[{"count":1,"href":"https:\/\/www.ccsa.ufpb.br\/ppga\/wp-json\/wp\/v2\/posts\/159\/revisions"}],"predecessor-version":[{"id":160,"href":"https:\/\/www.ccsa.ufpb.br\/ppga\/wp-json\/wp\/v2\/posts\/159\/revisions\/160"}],"wp:featuredmedia":[{"embeddable":true,"href":"https:\/\/www.ccsa.ufpb.br\/ppga\/wp-json\/wp\/v2\/media\/147"}],"wp:attachment":[{"href":"https:\/\/www.ccsa.ufpb.br\/ppga\/wp-json\/wp\/v2\/media?parent=159"}],"wp:term":[{"taxonomy":"category","embeddable":true,"href":"https:\/\/www.ccsa.ufpb.br\/ppga\/wp-json\/wp\/v2\/categories?post=159"},{"taxonomy":"post_tag","embeddable":true,"href":"https:\/\/www.ccsa.ufpb.br\/ppga\/wp-json\/wp\/v2\/tags?post=159"}],"curies":[{"name":"wp","href":"https:\/\/api.w.org\/{rel}","templated":true}]}}