{"id":1003,"date":"2018-02-26T10:27:00","date_gmt":"2018-02-26T13:27:00","guid":{"rendered":"https:\/\/www.ccsa.ufpb.br\/ppgcc2\/sem-categoria\/errata-chamada-para-alunos-especiais-2018-1\/"},"modified":"2018-02-26T10:27:00","modified_gmt":"2018-02-26T13:27:00","slug":"errata-chamada-para-alunos-especiais-2018-1","status":"publish","type":"post","link":"https:\/\/www.ccsa.ufpb.br\/ppgcc\/noticias\/errata-chamada-para-alunos-especiais-2018-1\/","title":{"rendered":"ERRATA: Chamada para alunos especiais 2018.1"},"content":{"rendered":"<div id=\"viewlet-above-content-title\"><\/div>\n<h2 class=\"nitfSubtitle\"><\/h2>\n<div class=\"documentDescription\"><\/div>\n<div id=\"viewlet-below-content-title\">\n<div class=\"horizontal\" id=\"viewlet-social-like\" style=\"display:none\">\n<div class=\"sociallike-network-facebook\">\n<!-- Facebook --><\/p>\n<div class=\"fb-like\" data-action=\"like\" data-layout=\"button_count\" data-send=\"false\" data-share=\"False\" data-show-faces=\"false\"><\/div>\n<\/div>\n<div class=\"sociallike-network-twitter\">\n<!-- Twitter -->\n<\/div>\n<div class=\"sociallike-network-gplus\">\n<!-- Google+ --><\/p>\n<div class=\"g-plus\" data-action=\"share\" data-annotation=\"bubble\" data-href=\"https:\/\/www.ccsa.ufpb.br\/ppgcc\/contents\/noticias\/errata-chamada-para-alunos-especiais-2018.1\">\n<\/div>\n<\/div>\n<\/div>\n<\/div>\n<div class=\"newsLeftPane\">\n<\/div>\n<div>\n<p>Considerem a seguinte altera\u00e7\u00e3o:<\/p>\n<p style=\"text-align: justify\">1. Onde se l\u00ea: &#8221;\u00a0<span>A sele\u00e7\u00e3o para cada disciplina ser\u00e1 realizada pelo professor da disciplina, a partir de avalia\u00e7\u00e3o dos curr\u00edculos dos candidatos e o resultado ser\u00e1 divulgado em: <\/span><a href=\"https:\/\/www.ccsa.ufpb.br\/..\/\">http:\/\/www.ccsa.ufpb.br\/ppgcc<\/a><span>, at\u00e9 o dia 26\/02\/2018.&#8221;<\/span><\/p>\n<p style=\"text-align: justify\"><span>Leia-se: &#8220;<\/span><span>A sele\u00e7\u00e3o para cada disciplina ser\u00e1 realizada pelo professor da disciplina, a partir de avalia\u00e7\u00e3o dos curr\u00edculos dos candidatos e o resultado ser\u00e1 divulgado em: <\/span><a href=\"https:\/\/www.ccsa.ufpb.br\/..\/\">http:\/\/www.ccsa.ufpb.br\/ppgcc<\/a><span>, at\u00e9 o dia 27\/02\/2018&#8243;.<\/span><\/p>\n<p style=\"text-align: justify\"><span>2. Onde se l\u00ea : &#8220;<\/span><span>As matr\u00edculas ser\u00e3o realizadas, no per\u00edodo de 26\/02\/2018 a 28\/02\/2018, das 08h \u00e0s 17h, na Secretaria do PPGCC, atrav\u00e9s do preenchimento de documentos, que ser\u00e3o disponibilizados na ocasi\u00e3o, pelo pr\u00f3prio candidato selecionado ou por representante devidamente habilitado por procura\u00e7\u00e3o devendo ser espec\u00edfica para tal fim, n\u00e3o podendo atuar como procurador servidor p\u00fablico federal, nos termos do art. 117, XI, da Lei 8112\/90.&#8221;<\/span><\/p>\n<p style=\"text-align: justify\"><span>Leia-se: &#8220;<\/span><span>As matr\u00edculas ser\u00e3o realizadas, no dia 28\/02\/2018, das 08h \u00e0s 17h, na Secretaria do PPGCC, atrav\u00e9s do preenchimento de documentos, que ser\u00e3o disponibilizados na ocasi\u00e3o, pelo pr\u00f3prio candidato selecionado ou por representante devidamente habilitado por procura\u00e7\u00e3o devendo ser espec\u00edfica para tal fim, n\u00e3o podendo atuar como procurador servidor p\u00fablico federal, nos termos do art. 117, XI, da Lei 8112\/90.&#8221;<\/span><\/p>\n<\/div>\n<div class=\"newsview\">\n<\/div>\n","protected":false},"excerpt":{"rendered":"<p>Considerem a seguinte altera\u00e7\u00e3o: 1. Onde se l\u00ea: &#8221;\u00a0A sele\u00e7\u00e3o para cada disciplina ser\u00e1 realizada [&hellip;]<\/p>\n","protected":false},"author":567,"featured_media":585,"comment_status":"open","ping_status":"open","sticky":false,"template":"","format":"standard","meta":{"footnotes":""},"categories":[3],"tags":[],"class_list":["post-1003","post","type-post","status-publish","format-standard","has-post-thumbnail","hentry","category-noticias"],"_links":{"self":[{"href":"https:\/\/www.ccsa.ufpb.br\/ppgcc\/wp-json\/wp\/v2\/posts\/1003","targetHints":{"allow":["GET"]}}],"collection":[{"href":"https:\/\/www.ccsa.ufpb.br\/ppgcc\/wp-json\/wp\/v2\/posts"}],"about":[{"href":"https:\/\/www.ccsa.ufpb.br\/ppgcc\/wp-json\/wp\/v2\/types\/post"}],"author":[{"embeddable":true,"href":"https:\/\/www.ccsa.ufpb.br\/ppgcc\/wp-json\/wp\/v2\/users\/567"}],"replies":[{"embeddable":true,"href":"https:\/\/www.ccsa.ufpb.br\/ppgcc\/wp-json\/wp\/v2\/comments?post=1003"}],"version-history":[{"count":0,"href":"https:\/\/www.ccsa.ufpb.br\/ppgcc\/wp-json\/wp\/v2\/posts\/1003\/revisions"}],"wp:featuredmedia":[{"embeddable":true,"href":"https:\/\/www.ccsa.ufpb.br\/ppgcc\/wp-json\/wp\/v2\/media\/585"}],"wp:attachment":[{"href":"https:\/\/www.ccsa.ufpb.br\/ppgcc\/wp-json\/wp\/v2\/media?parent=1003"}],"wp:term":[{"taxonomy":"category","embeddable":true,"href":"https:\/\/www.ccsa.ufpb.br\/ppgcc\/wp-json\/wp\/v2\/categories?post=1003"},{"taxonomy":"post_tag","embeddable":true,"href":"https:\/\/www.ccsa.ufpb.br\/ppgcc\/wp-json\/wp\/v2\/tags?post=1003"}],"curies":[{"name":"wp","href":"https:\/\/api.w.org\/{rel}","templated":true}]}}