{"id":1046,"date":"2017-07-17T13:24:00","date_gmt":"2017-07-17T16:24:00","guid":{"rendered":"https:\/\/www.ccsa.ufpb.br\/ppgcc2\/sem-categoria\/edital-eleitoral-no-02-2017-2013-ppgcc\/"},"modified":"2017-07-17T13:24:00","modified_gmt":"2017-07-17T16:24:00","slug":"edital-eleitoral-no-02-2017-2013-ppgcc","status":"publish","type":"post","link":"https:\/\/www.ccsa.ufpb.br\/ppgcc\/noticias\/edital-eleitoral-no-02-2017-2013-ppgcc\/","title":{"rendered":"Edital Eleitoral n\u00ba 02\/2017 \u2013 PPGCC"},"content":{"rendered":"<div id=\"viewlet-above-content-title\"><\/div>\n<h2 class=\"nitfSubtitle\"><\/h2>\n<div class=\"documentDescription\">Convoca\u00e7\u00e3o de elei\u00e7\u00f5es para coordenador e vicecoordenador bi\u00eanio 2017\/2019<\/div>\n<div id=\"viewlet-below-content-title\">\n<div class=\"horizontal\" id=\"viewlet-social-like\" style=\"display:none\">\n<div class=\"sociallike-network-facebook\">\n<!-- Facebook --><\/p>\n<div class=\"fb-like\" data-action=\"like\" data-layout=\"button_count\" data-send=\"false\" data-share=\"False\" data-show-faces=\"false\"><\/div>\n<\/div>\n<div class=\"sociallike-network-twitter\">\n<!-- Twitter -->\n<\/div>\n<div class=\"sociallike-network-gplus\">\n<!-- Google+ --><\/p>\n<div class=\"g-plus\" data-action=\"share\" data-annotation=\"bubble\" data-href=\"https:\/\/www.ccsa.ufpb.br\/ppgcc\/contents\/noticias\/edital-eleitoral-no-02-2017-2013-ppgcc\">\n<\/div>\n<\/div>\n<\/div>\n<\/div>\n<div class=\"newsLeftPane\">\n<\/div>\n<div>\n<p style=\"text-align: justify\">A COMISS\u00c3O ELEITORAL, designada pela Coordena\u00e7\u00e3o do Programa de P\u00f3s-Gradua\u00e7\u00e3o\u00a0em Ci\u00eancias Cont\u00e1beis \u2013 PPGCC, atrav\u00e9s da Portaria n\u00ba 004\/2017 \u2013 PPGCC, convoca os\u00a0interessados para as elei\u00e7\u00f5es para os cargos de COORDENADOR E VICE-COORDENADOR do\u00a0PPGCC, com mandato de 02 (dois) anos, nos termos do Regimento Interno do PPGCC\/UFPB, do\u00a0Regimento Interno do CCSA e amparado pelo Regimento Geral da UFPB.<\/p>\n<p style=\"text-align: justify\">Para mais informa\u00e7\u00f5es:\u00a0<a class=\"internal-link\" href=\"https:\/\/www.ccsa.ufpb.br\/ppgcc\/contents\/noticias\/edital-eleitoral-no-02-2017-2013-ppgcc\/edital-eleitoral-no-02-2017-2013-ppgcc.pdf\" target=\"_self\" title=\"\">EDITAL ELEITORAL N\u00ba 02\/2017 \u2013 PPGCC<\/a><\/p>\n<\/div>\n<div class=\"newsview\">\n<\/div>\n","protected":false},"excerpt":{"rendered":"<p>Convoca\u00e7\u00e3o de elei\u00e7\u00f5es para coordenador e vicecoordenador bi\u00eanio 2017\/2019 A COMISS\u00c3O ELEITORAL, designada pela Coordena\u00e7\u00e3o [&hellip;]<\/p>\n","protected":false},"author":567,"featured_media":585,"comment_status":"open","ping_status":"open","sticky":false,"template":"","format":"standard","meta":{"footnotes":""},"categories":[3],"tags":[],"class_list":["post-1046","post","type-post","status-publish","format-standard","has-post-thumbnail","hentry","category-noticias"],"_links":{"self":[{"href":"https:\/\/www.ccsa.ufpb.br\/ppgcc\/wp-json\/wp\/v2\/posts\/1046","targetHints":{"allow":["GET"]}}],"collection":[{"href":"https:\/\/www.ccsa.ufpb.br\/ppgcc\/wp-json\/wp\/v2\/posts"}],"about":[{"href":"https:\/\/www.ccsa.ufpb.br\/ppgcc\/wp-json\/wp\/v2\/types\/post"}],"author":[{"embeddable":true,"href":"https:\/\/www.ccsa.ufpb.br\/ppgcc\/wp-json\/wp\/v2\/users\/567"}],"replies":[{"embeddable":true,"href":"https:\/\/www.ccsa.ufpb.br\/ppgcc\/wp-json\/wp\/v2\/comments?post=1046"}],"version-history":[{"count":0,"href":"https:\/\/www.ccsa.ufpb.br\/ppgcc\/wp-json\/wp\/v2\/posts\/1046\/revisions"}],"wp:featuredmedia":[{"embeddable":true,"href":"https:\/\/www.ccsa.ufpb.br\/ppgcc\/wp-json\/wp\/v2\/media\/585"}],"wp:attachment":[{"href":"https:\/\/www.ccsa.ufpb.br\/ppgcc\/wp-json\/wp\/v2\/media?parent=1046"}],"wp:term":[{"taxonomy":"category","embeddable":true,"href":"https:\/\/www.ccsa.ufpb.br\/ppgcc\/wp-json\/wp\/v2\/categories?post=1046"},{"taxonomy":"post_tag","embeddable":true,"href":"https:\/\/www.ccsa.ufpb.br\/ppgcc\/wp-json\/wp\/v2\/tags?post=1046"}],"curies":[{"name":"wp","href":"https:\/\/api.w.org\/{rel}","templated":true}]}}