{"id":1052,"date":"2017-05-02T13:06:00","date_gmt":"2017-05-02T16:06:00","guid":{"rendered":"https:\/\/www.ccsa.ufpb.br\/ppgcc2\/sem-categoria\/ii-workshop-de-usuarios-internos\/"},"modified":"2017-05-02T13:06:00","modified_gmt":"2017-05-02T16:06:00","slug":"ii-workshop-de-usuarios-internos","status":"publish","type":"post","link":"https:\/\/www.ccsa.ufpb.br\/ppgcc\/noticias\/ii-workshop-de-usuarios-internos\/","title":{"rendered":"II Workshop de Usu\u00e1rios Internos"},"content":{"rendered":"<div id=\"viewlet-above-content-title\"><\/div>\n<h2 class=\"nitfSubtitle\"><\/h2>\n<div class=\"documentDescription\">Participa\u00e7\u00e3o do Prof. Dr. Claudio de Ara\u00fajo Wanderley (UFPE)<\/div>\n<div id=\"viewlet-below-content-title\">\n<div class=\"horizontal\" id=\"viewlet-social-like\" style=\"display:none\">\n<div class=\"sociallike-network-facebook\">\n<!-- Facebook --><\/p>\n<div class=\"fb-like\" data-action=\"like\" data-layout=\"button_count\" data-send=\"false\" data-share=\"False\" data-show-faces=\"false\"><\/div>\n<\/div>\n<div class=\"sociallike-network-twitter\">\n<!-- Twitter -->\n<\/div>\n<div class=\"sociallike-network-gplus\">\n<!-- Google+ --><\/p>\n<div class=\"g-plus\" data-action=\"share\" data-annotation=\"bubble\" data-href=\"https:\/\/www.ccsa.ufpb.br\/ppgcc\/contents\/noticias\/ii-workshop-de-usuarios-internos\">\n<\/div>\n<\/div>\n<\/div>\n<\/div>\n<div class=\"newsLeftPane\">\n<\/div>\n<div>\n<div id=\"yiv8821083328yui_3_16_0_ym19_1_1493733119155_25835\" style=\"text-align: justify\"><span id=\"yiv8821083328yui_3_16_0_ym19_1_1493733119155_25836\">Os professores Wenner Glaucio Lopes Lucena e Aldo Leonardo Cunha Callado realiza\u00e7\u00e3o no pr\u00f3ximo dia <strong>05\/05\/2017<\/strong> \u00e0s <strong>15:00h<\/strong> na <strong>Sala 8<\/strong> do Bloco da P\u00f3s-Gradua\u00e7\u00e3o o II Workshop de Usu\u00e1rios Internos com a palestra: <strong>Princ\u00edpios Globais de Contabilidade Gerencial<\/strong>, ministrada pelo <strong>Prof. Dr. Claudio de Ara\u00fajo Wanderley<\/strong> da Universidade Federal de Pernambuco.<\/span><\/div>\n<div><span><br \/><\/span><\/div>\n<div><span>A participa\u00e7\u00e3o \u00e9 gratuita e n\u00e3o necessita de inscri\u00e7\u00e3o.<\/span><\/div>\n<\/div>\n<div class=\"newsview\">\n<\/div>\n","protected":false},"excerpt":{"rendered":"<p>Participa\u00e7\u00e3o do Prof. Dr. Claudio de Ara\u00fajo Wanderley (UFPE) Os professores Wenner Glaucio Lopes Lucena [&hellip;]<\/p>\n","protected":false},"author":567,"featured_media":585,"comment_status":"open","ping_status":"open","sticky":false,"template":"","format":"standard","meta":{"footnotes":""},"categories":[3],"tags":[],"class_list":["post-1052","post","type-post","status-publish","format-standard","has-post-thumbnail","hentry","category-noticias"],"_links":{"self":[{"href":"https:\/\/www.ccsa.ufpb.br\/ppgcc\/wp-json\/wp\/v2\/posts\/1052","targetHints":{"allow":["GET"]}}],"collection":[{"href":"https:\/\/www.ccsa.ufpb.br\/ppgcc\/wp-json\/wp\/v2\/posts"}],"about":[{"href":"https:\/\/www.ccsa.ufpb.br\/ppgcc\/wp-json\/wp\/v2\/types\/post"}],"author":[{"embeddable":true,"href":"https:\/\/www.ccsa.ufpb.br\/ppgcc\/wp-json\/wp\/v2\/users\/567"}],"replies":[{"embeddable":true,"href":"https:\/\/www.ccsa.ufpb.br\/ppgcc\/wp-json\/wp\/v2\/comments?post=1052"}],"version-history":[{"count":0,"href":"https:\/\/www.ccsa.ufpb.br\/ppgcc\/wp-json\/wp\/v2\/posts\/1052\/revisions"}],"wp:featuredmedia":[{"embeddable":true,"href":"https:\/\/www.ccsa.ufpb.br\/ppgcc\/wp-json\/wp\/v2\/media\/585"}],"wp:attachment":[{"href":"https:\/\/www.ccsa.ufpb.br\/ppgcc\/wp-json\/wp\/v2\/media?parent=1052"}],"wp:term":[{"taxonomy":"category","embeddable":true,"href":"https:\/\/www.ccsa.ufpb.br\/ppgcc\/wp-json\/wp\/v2\/categories?post=1052"},{"taxonomy":"post_tag","embeddable":true,"href":"https:\/\/www.ccsa.ufpb.br\/ppgcc\/wp-json\/wp\/v2\/tags?post=1052"}],"curies":[{"name":"wp","href":"https:\/\/api.w.org\/{rel}","templated":true}]}}