{"id":1056,"date":"2017-03-28T13:41:00","date_gmt":"2017-03-28T16:41:00","guid":{"rendered":"https:\/\/www.ccsa.ufpb.br\/ppgcc2\/sem-categoria\/edital-eleitoral-no-01-2017-ppgcc\/"},"modified":"2017-03-28T13:41:00","modified_gmt":"2017-03-28T16:41:00","slug":"edital-eleitoral-no-01-2017-ppgcc","status":"publish","type":"post","link":"https:\/\/www.ccsa.ufpb.br\/ppgcc\/noticias\/edital-eleitoral-no-01-2017-ppgcc\/","title":{"rendered":"Edital Eleitoral n\u00ba 01\/2017 &#8211; PPGCC"},"content":{"rendered":"<div id=\"viewlet-above-content-title\"><\/div>\n<h2 class=\"nitfSubtitle\"><\/h2>\n<div class=\"documentDescription\">Lista de candidaturas homologadas<\/div>\n<div id=\"viewlet-below-content-title\">\n<div class=\"horizontal\" id=\"viewlet-social-like\" style=\"display:none\">\n<div class=\"sociallike-network-facebook\">\n<!-- Facebook --><\/p>\n<div class=\"fb-like\" data-action=\"like\" data-layout=\"button_count\" data-send=\"false\" data-share=\"False\" data-show-faces=\"false\"><\/div>\n<\/div>\n<div class=\"sociallike-network-twitter\">\n<!-- Twitter -->\n<\/div>\n<div class=\"sociallike-network-gplus\">\n<!-- Google+ --><\/p>\n<div class=\"g-plus\" data-action=\"share\" data-annotation=\"bubble\" data-href=\"https:\/\/www.ccsa.ufpb.br\/ppgcc\/contents\/noticias\/edital-eleitoral-no-01-2017-ppgcc\">\n<\/div>\n<\/div>\n<\/div>\n<\/div>\n<div class=\"newsLeftPane\">\n<\/div>\n<div>\n<p style=\"text-align: center\">EDITAL ELEITORAL N\u00ba 01\/2017 \u2013 PPGCC<br \/>CONVOCA\u00c7\u00c3O DE ELEI\u00c7\u00d5ES PARA COORDENADOR E VICE-COORDENADOR BI\u00caNIO 2017\/2019<br \/>LISTA DE CANDIDATURAS HOMOLOGADAS<\/p>\n<table class=\"plain\">\n<tbody>\n<tr>\n<th>CANDIDATO<\/th>\n<th>CARGO<\/th>\n<th>SITUA\u00c7\u00c3O DA CANDIDATURA<\/th>\n<\/tr>\n<tr>\n<td>Prof. Dr. Orleans Silva Martins<\/td>\n<td>Coordenador<\/td>\n<td>DEFERIDA<\/td>\n<\/tr>\n<tr>\n<td>Prof. Dr. M\u00e1rcio Andr\u00e9 Veras Machado<\/td>\n<td>Vice &#8211; Coordenador<\/td>\n<td>DEFERIDA<\/td>\n<\/tr>\n<\/tbody>\n<\/table>\n<\/div>\n<div class=\"newsview\">\n<\/div>\n","protected":false},"excerpt":{"rendered":"<p>Lista de candidaturas homologadas EDITAL ELEITORAL N\u00ba 01\/2017 \u2013 PPGCCCONVOCA\u00c7\u00c3O DE ELEI\u00c7\u00d5ES PARA COORDENADOR E [&hellip;]<\/p>\n","protected":false},"author":567,"featured_media":585,"comment_status":"open","ping_status":"open","sticky":false,"template":"","format":"standard","meta":{"footnotes":""},"categories":[3],"tags":[],"class_list":["post-1056","post","type-post","status-publish","format-standard","has-post-thumbnail","hentry","category-noticias"],"_links":{"self":[{"href":"https:\/\/www.ccsa.ufpb.br\/ppgcc\/wp-json\/wp\/v2\/posts\/1056","targetHints":{"allow":["GET"]}}],"collection":[{"href":"https:\/\/www.ccsa.ufpb.br\/ppgcc\/wp-json\/wp\/v2\/posts"}],"about":[{"href":"https:\/\/www.ccsa.ufpb.br\/ppgcc\/wp-json\/wp\/v2\/types\/post"}],"author":[{"embeddable":true,"href":"https:\/\/www.ccsa.ufpb.br\/ppgcc\/wp-json\/wp\/v2\/users\/567"}],"replies":[{"embeddable":true,"href":"https:\/\/www.ccsa.ufpb.br\/ppgcc\/wp-json\/wp\/v2\/comments?post=1056"}],"version-history":[{"count":0,"href":"https:\/\/www.ccsa.ufpb.br\/ppgcc\/wp-json\/wp\/v2\/posts\/1056\/revisions"}],"wp:featuredmedia":[{"embeddable":true,"href":"https:\/\/www.ccsa.ufpb.br\/ppgcc\/wp-json\/wp\/v2\/media\/585"}],"wp:attachment":[{"href":"https:\/\/www.ccsa.ufpb.br\/ppgcc\/wp-json\/wp\/v2\/media?parent=1056"}],"wp:term":[{"taxonomy":"category","embeddable":true,"href":"https:\/\/www.ccsa.ufpb.br\/ppgcc\/wp-json\/wp\/v2\/categories?post=1056"},{"taxonomy":"post_tag","embeddable":true,"href":"https:\/\/www.ccsa.ufpb.br\/ppgcc\/wp-json\/wp\/v2\/tags?post=1056"}],"curies":[{"name":"wp","href":"https:\/\/api.w.org\/{rel}","templated":true}]}}