{"id":1086,"date":"2016-11-21T18:49:00","date_gmt":"2016-11-21T20:49:00","guid":{"rendered":"https:\/\/www.ccsa.ufpb.br\/ppgcc2\/sem-categoria\/docentes-e-discentes-do-ppgcc-sao-premiados-no-13o-cbc\/"},"modified":"2016-11-21T18:49:00","modified_gmt":"2016-11-21T20:49:00","slug":"docentes-e-discentes-do-ppgcc-sao-premiados-no-13o-cbc","status":"publish","type":"post","link":"https:\/\/www.ccsa.ufpb.br\/ppgcc\/noticias\/docentes-e-discentes-do-ppgcc-sao-premiados-no-13o-cbc\/","title":{"rendered":"Docentes e Discentes do PPGCC s\u00e3o Premiados no 13\u00ba CBC"},"content":{"rendered":"<div id=\"viewlet-above-content-title\"><\/div>\n<h2 class=\"nitfSubtitle\"><\/h2>\n<div class=\"documentDescription\">Pr\u00eamios de Melhor Artigo nas categorias Oral e P\u00f4ster do Congresso Brasileiro de Custos<\/div>\n<div id=\"viewlet-below-content-title\">\n<div class=\"horizontal\" id=\"viewlet-social-like\" style=\"display:none\">\n<div class=\"sociallike-network-facebook\">\n<!-- Facebook --><\/p>\n<div class=\"fb-like\" data-action=\"like\" data-layout=\"button_count\" data-send=\"false\" data-share=\"False\" data-show-faces=\"false\"><\/div>\n<\/div>\n<div class=\"sociallike-network-twitter\">\n<!-- Twitter -->\n<\/div>\n<div class=\"sociallike-network-gplus\">\n<!-- Google+ --><\/p>\n<div class=\"g-plus\" data-action=\"share\" data-annotation=\"bubble\" data-href=\"https:\/\/www.ccsa.ufpb.br\/ppgcc\/contents\/noticias\/docentes-e-discentes-do-ppgcc-sao-premiados-no-13o-cbc\">\n<\/div>\n<\/div>\n<\/div>\n<\/div>\n<div class=\"newsLeftPane\">\n<\/div>\n<div>\n<div id=\"yiv4879695596yui_3_16_0_ym19_1_1479759689544_14157\" style=\"text-align: justify\">O Programa de P\u00f3s-Gradua\u00e7\u00e3o em Ci\u00eancias Cont\u00e1beis (PPGCC) do Centro de Ci\u00eancias Sociais Aplicadas da Universidade Federal da Para\u00edba (CCSA\/UFPB) teve importante participa\u00e7\u00e3o no \u201cXXIII Congresso Brasileiro de Custos\u201d. O XXIII CBC foi realizado no Hotel Arma\u00e7\u00e3o localizado em Porto de Galinhas (PE) e organizado pela Associa\u00e7\u00e3o Brasileira de Custos em parceria com a Universidade Federal Rural de Pernambuco, no per\u00edodo de 16 a 18 de novembro deste ano.<\/div>\n<div style=\"text-align: justify\"><span><br \/><\/span><\/div>\n<div style=\"text-align: justify\"><span>O PPGCC\/UFPB foi representado por professores e estudantes, tanto na apresenta\u00e7\u00e3o de artigos cient\u00edficos, como no debate de trabalhos. No total, foram apresentados 10 (dez) trabalhos desenvolvidos por estudantes e professores dos Cursos de Mestrado e Doutorado do Programa.<\/span><\/div>\n<div id=\"yiv4879695596yui_3_16_0_ym19_1_1479759689544_14159\" style=\"text-align: justify\"><\/div>\n<div id=\"yiv4879695596yui_3_16_0_ym19_1_1479759689544_14163\" style=\"text-align: justify\">No XXIII CBC foram premiados os tr\u00eas melhores trabalhos cient\u00edficos de cada categoria, oral e p\u00f4ster, aprovados e apresentados no congresso. A UFPB foi premiada como melhor trabalho cient\u00edfico nas duas categorias. O artigo \u201c<b id=\"yiv4879695596yui_3_16_0_ym19_1_1479759689544_14160\">divulga\u00e7\u00e3o das pr\u00e1ticas de log\u00edstica reversa em companhias consumidoras de recursos ambientais em alto n\u00edvel<\/b>\u201d, de autoria de Renata Paes de Barros Camara e Simone Bastos Paiva (Professoras do PPGCC) e \u00c1dria Tayllo Alves Oliveira e M\u00e9rcia de Lima Pereira (alunas do Curso de Mestrado no PPGCC), recebeu o Pr\u00eamio Masayuki Nakagawa referente ao melhor artigo cient\u00edfico na Categoria Oral. E o artigo \u201c<b id=\"yiv4879695596yui_3_16_0_ym19_1_1479759689544_14161\">an\u00e1lise das rela\u00e7\u00f5es entre o uso de indicadores de desempenho e fatores contingenciais de empresas do setor da constru\u00e7\u00e3o civil<\/b>\u201d, de autoria de Aldo Leonardo Cunha Callado e Ant\u00f4nio Andr\u00e9 Cunha Callado (Professores do PPGCC) e Aline Rom\u00e3o da Silva (Graduanda em Ci\u00eancias Cont\u00e1beis pela UFPB e Bolsista do PIBIC\/UFPB), recebeu o Pr\u00eamio Masayuki Nakagawa referente ao melhor artigo cient\u00edfico na Categoria P\u00f4ster.<\/div>\n<div style=\"text-align: justify\"><\/div>\n<div style=\"text-align: justify\">Toda a equipe do PPGCC parabeniza os autores pelo excelente feito!<\/div>\n<\/div>\n<div class=\"newsview\">\n<\/div>\n","protected":false},"excerpt":{"rendered":"<p>Pr\u00eamios de Melhor Artigo nas categorias Oral e P\u00f4ster do Congresso Brasileiro de Custos O [&hellip;]<\/p>\n","protected":false},"author":567,"featured_media":585,"comment_status":"open","ping_status":"open","sticky":false,"template":"","format":"standard","meta":{"footnotes":""},"categories":[3],"tags":[],"class_list":["post-1086","post","type-post","status-publish","format-standard","has-post-thumbnail","hentry","category-noticias"],"_links":{"self":[{"href":"https:\/\/www.ccsa.ufpb.br\/ppgcc\/wp-json\/wp\/v2\/posts\/1086","targetHints":{"allow":["GET"]}}],"collection":[{"href":"https:\/\/www.ccsa.ufpb.br\/ppgcc\/wp-json\/wp\/v2\/posts"}],"about":[{"href":"https:\/\/www.ccsa.ufpb.br\/ppgcc\/wp-json\/wp\/v2\/types\/post"}],"author":[{"embeddable":true,"href":"https:\/\/www.ccsa.ufpb.br\/ppgcc\/wp-json\/wp\/v2\/users\/567"}],"replies":[{"embeddable":true,"href":"https:\/\/www.ccsa.ufpb.br\/ppgcc\/wp-json\/wp\/v2\/comments?post=1086"}],"version-history":[{"count":0,"href":"https:\/\/www.ccsa.ufpb.br\/ppgcc\/wp-json\/wp\/v2\/posts\/1086\/revisions"}],"wp:featuredmedia":[{"embeddable":true,"href":"https:\/\/www.ccsa.ufpb.br\/ppgcc\/wp-json\/wp\/v2\/media\/585"}],"wp:attachment":[{"href":"https:\/\/www.ccsa.ufpb.br\/ppgcc\/wp-json\/wp\/v2\/media?parent=1086"}],"wp:term":[{"taxonomy":"category","embeddable":true,"href":"https:\/\/www.ccsa.ufpb.br\/ppgcc\/wp-json\/wp\/v2\/categories?post=1086"},{"taxonomy":"post_tag","embeddable":true,"href":"https:\/\/www.ccsa.ufpb.br\/ppgcc\/wp-json\/wp\/v2\/tags?post=1086"}],"curies":[{"name":"wp","href":"https:\/\/api.w.org\/{rel}","templated":true}]}}