{"id":1088,"date":"2016-11-21T18:32:00","date_gmt":"2016-11-21T20:32:00","guid":{"rendered":"https:\/\/www.ccsa.ufpb.br\/ppgcc2\/sem-categoria\/premiacao-em-pibic-2014-2015\/"},"modified":"2016-11-21T18:32:00","modified_gmt":"2016-11-21T20:32:00","slug":"premiacao-em-pibic-2014-2015","status":"publish","type":"post","link":"https:\/\/www.ccsa.ufpb.br\/ppgcc\/noticias\/premiacao-em-pibic-2014-2015\/","title":{"rendered":"Docente do PPGCC tem Projetos de Inicia\u00e7\u00e3o Cient\u00edfica Premiados"},"content":{"rendered":"<div id=\"viewlet-above-content-title\"><\/div>\n<h2 class=\"nitfSubtitle\"><\/h2>\n<div class=\"documentDescription\">Professor Wenner Lucena tem projetos premiados na UFPB e UFPE<\/div>\n<div id=\"viewlet-below-content-title\">\n<div class=\"horizontal\" id=\"viewlet-social-like\" style=\"display:none\">\n<div class=\"sociallike-network-facebook\">\n<!-- Facebook --><\/p>\n<div class=\"fb-like\" data-action=\"like\" data-layout=\"button_count\" data-send=\"false\" data-share=\"False\" data-show-faces=\"false\"><\/div>\n<\/div>\n<div class=\"sociallike-network-twitter\">\n<!-- Twitter -->\n<\/div>\n<div class=\"sociallike-network-gplus\">\n<!-- Google+ --><\/p>\n<div class=\"g-plus\" data-action=\"share\" data-annotation=\"bubble\" data-href=\"https:\/\/www.ccsa.ufpb.br\/ppgcc\/contents\/noticias\/premiacao-em-pibic-2014-2015\">\n<\/div>\n<\/div>\n<\/div>\n<\/div>\n<div class=\"newsLeftPane\">\n<\/div>\n<div>\n<p style=\"text-align: justify\">A Pr\u00f3-Reitoria de P\u00f3s-Gradua\u00e7\u00e3o e Pesquisa da UFPB divulgou em 11 de novembro de 2016 os trabalhos premiados referente ao PIBIC 2014\/2015, <span>no encerramento do IV Encontro Unificado de Ensino, Pesquisa e Extens\u00e3o da UFPB<\/span>. Os trabalhos foram indicados para premia\u00e7\u00e3o pelos avaliadores durante o XXIII ENIC, realizado em 2015.<\/p>\n<p style=\"text-align: justify\">Na grande \u00e1rea de Ci\u00eancias Sociais Aplicadas, que envolvem os cursos de Administra\u00e7\u00e3o, Arquivologia, Biblioteconomia, Ci\u00eancias Atuariais, Ci\u00eancias Cont\u00e1beis, Ci\u00eancias Econ\u00f4micas, Gest\u00e3o P\u00fablica e Rela\u00e7\u00f5es Internacionais, projeto premiado como melhor da \u00e1rea foi o \u201cQualidade da Informa\u00e7\u00e3o e a Oferta P\u00fablica Inicial (IPO) nas Companhias Abertas Brasileiras\u201d do aluno Jefferson Pereira de Andrade, sob a orienta\u00e7\u00e3o do Professor Dr. Wenner Glaucio Lopes Lucena.<\/p>\n<p style=\"text-align: justify\">O professor Wenner Lucena ainda teve um artigo proveniente de outro projeto premiado na UFPE,\u00a0<span>no 1\u00ba Congresso UFPE de Ci\u00eancias Cont\u00e1beis (CONUCIC), ocorrido nos dias 26 a 27 de outubro do corrente ano em Recife.<\/span><\/p>\n<p style=\"text-align: justify\">A premia\u00e7\u00e3o foi referente ao Melhor Artigo do evento, da aluna Vanessa Men\u00eases Silva, <span>graduanda em Ci\u00eancias Cont\u00e1beis, sob a orienta\u00e7\u00e3o <\/span>do professor Wenner Lucena. O artigo foi originado de seu projeto PIBIC 2015\/2016, tendo como t\u00edtulo \u201cGerenciamento de Resultados e IPOs: Uma an\u00e1lise a partir do modelo para identifica\u00e7\u00e3o dos Accruals de PAE\u201d.<\/p>\n<p style=\"text-align: justify\">Toda a equipe do PPGCC parabeniza os autores pelo excelente feito!<\/p>\n<\/div>\n<div class=\"newsview\">\n<\/div>\n","protected":false},"excerpt":{"rendered":"<p>Professor Wenner Lucena tem projetos premiados na UFPB e UFPE A Pr\u00f3-Reitoria de P\u00f3s-Gradua\u00e7\u00e3o e [&hellip;]<\/p>\n","protected":false},"author":567,"featured_media":585,"comment_status":"open","ping_status":"open","sticky":false,"template":"","format":"standard","meta":{"footnotes":""},"categories":[3],"tags":[],"class_list":["post-1088","post","type-post","status-publish","format-standard","has-post-thumbnail","hentry","category-noticias"],"_links":{"self":[{"href":"https:\/\/www.ccsa.ufpb.br\/ppgcc\/wp-json\/wp\/v2\/posts\/1088","targetHints":{"allow":["GET"]}}],"collection":[{"href":"https:\/\/www.ccsa.ufpb.br\/ppgcc\/wp-json\/wp\/v2\/posts"}],"about":[{"href":"https:\/\/www.ccsa.ufpb.br\/ppgcc\/wp-json\/wp\/v2\/types\/post"}],"author":[{"embeddable":true,"href":"https:\/\/www.ccsa.ufpb.br\/ppgcc\/wp-json\/wp\/v2\/users\/567"}],"replies":[{"embeddable":true,"href":"https:\/\/www.ccsa.ufpb.br\/ppgcc\/wp-json\/wp\/v2\/comments?post=1088"}],"version-history":[{"count":0,"href":"https:\/\/www.ccsa.ufpb.br\/ppgcc\/wp-json\/wp\/v2\/posts\/1088\/revisions"}],"wp:featuredmedia":[{"embeddable":true,"href":"https:\/\/www.ccsa.ufpb.br\/ppgcc\/wp-json\/wp\/v2\/media\/585"}],"wp:attachment":[{"href":"https:\/\/www.ccsa.ufpb.br\/ppgcc\/wp-json\/wp\/v2\/media?parent=1088"}],"wp:term":[{"taxonomy":"category","embeddable":true,"href":"https:\/\/www.ccsa.ufpb.br\/ppgcc\/wp-json\/wp\/v2\/categories?post=1088"},{"taxonomy":"post_tag","embeddable":true,"href":"https:\/\/www.ccsa.ufpb.br\/ppgcc\/wp-json\/wp\/v2\/tags?post=1088"}],"curies":[{"name":"wp","href":"https:\/\/api.w.org\/{rel}","templated":true}]}}