{"id":1101,"date":"2016-08-15T19:02:00","date_gmt":"2016-08-15T22:02:00","guid":{"rendered":"https:\/\/www.ccsa.ufpb.br\/ppgcc2\/sem-categoria\/inscricao-no-processo-seletivo-2017\/"},"modified":"2016-08-15T19:02:00","modified_gmt":"2016-08-15T22:02:00","slug":"inscricao-no-processo-seletivo-2017","status":"publish","type":"post","link":"https:\/\/www.ccsa.ufpb.br\/ppgcc\/noticias\/inscricao-no-processo-seletivo-2017\/","title":{"rendered":"Inscri\u00e7\u00e3o no Processo Seletivo 2017"},"content":{"rendered":"<div id=\"viewlet-above-content-title\"><\/div>\n<h2 class=\"nitfSubtitle\">http:\/\/www.ufpb.br\/pos\/ppgcc<\/h2>\n<div class=\"documentDescription\">As inscri\u00e7\u00f5es se iniciam hoje e v\u00e3o at\u00e9 o dia 31\/08\/2016<\/div>\n<div id=\"viewlet-below-content-title\">\n<div class=\"horizontal\" id=\"viewlet-social-like\" style=\"display:none\">\n<div class=\"sociallike-network-facebook\">\n<!-- Facebook --><\/p>\n<div class=\"fb-like\" data-action=\"like\" data-layout=\"button_count\" data-send=\"false\" data-share=\"False\" data-show-faces=\"false\"><\/div>\n<\/div>\n<div class=\"sociallike-network-twitter\">\n<!-- Twitter -->\n<\/div>\n<div class=\"sociallike-network-gplus\">\n<!-- Google+ --><\/p>\n<div class=\"g-plus\" data-action=\"share\" data-annotation=\"bubble\" data-href=\"https:\/\/www.ccsa.ufpb.br\/ppgcc\/contents\/noticias\/inscricao-no-processo-seletivo-2017\">\n<\/div>\n<\/div>\n<\/div>\n<\/div>\n<div class=\"newsLeftPane\">\n<\/div>\n<div>\n<p style=\"text-align: justify\">Informamos que o prazo de inscri\u00e7\u00e3o para o Processo Seletivo 2017 para os cursos de Doutorado e Mestrado em Ci\u00eancias Cont\u00e1beis do PPGCC come\u00e7a hoje (15\/08\/2016) e vai at\u00e9 o pr\u00f3ximo dia 31\/08\/2016.<\/p>\n<p style=\"text-align: justify\">As inscri\u00e7\u00f5es s\u00e3o online e podem ser realizadas pelo seguinte endere\u00e7o, onde tem que ser anexada toda a documenta\u00e7\u00e3o exigida em edital: <a class=\"external-link\" href=\"http:\/\/www.ufpb.br\/pos\/ppgcc\" target=\"_self\" title=\"\">http:\/\/<span>www.ufpb.br\/pos\/<\/span>ppgcc<\/a>\u00a0<b>\u00a0<\/b><\/p>\n<\/div>\n<div class=\"newsview\">\n<\/div>\n","protected":false},"excerpt":{"rendered":"<p>http:\/\/www.ufpb.br\/pos\/ppgcc As inscri\u00e7\u00f5es se iniciam hoje e v\u00e3o at\u00e9 o dia 31\/08\/2016 Informamos que o [&hellip;]<\/p>\n","protected":false},"author":567,"featured_media":585,"comment_status":"open","ping_status":"open","sticky":false,"template":"","format":"standard","meta":{"footnotes":""},"categories":[3],"tags":[],"class_list":["post-1101","post","type-post","status-publish","format-standard","has-post-thumbnail","hentry","category-noticias"],"_links":{"self":[{"href":"https:\/\/www.ccsa.ufpb.br\/ppgcc\/wp-json\/wp\/v2\/posts\/1101","targetHints":{"allow":["GET"]}}],"collection":[{"href":"https:\/\/www.ccsa.ufpb.br\/ppgcc\/wp-json\/wp\/v2\/posts"}],"about":[{"href":"https:\/\/www.ccsa.ufpb.br\/ppgcc\/wp-json\/wp\/v2\/types\/post"}],"author":[{"embeddable":true,"href":"https:\/\/www.ccsa.ufpb.br\/ppgcc\/wp-json\/wp\/v2\/users\/567"}],"replies":[{"embeddable":true,"href":"https:\/\/www.ccsa.ufpb.br\/ppgcc\/wp-json\/wp\/v2\/comments?post=1101"}],"version-history":[{"count":0,"href":"https:\/\/www.ccsa.ufpb.br\/ppgcc\/wp-json\/wp\/v2\/posts\/1101\/revisions"}],"wp:featuredmedia":[{"embeddable":true,"href":"https:\/\/www.ccsa.ufpb.br\/ppgcc\/wp-json\/wp\/v2\/media\/585"}],"wp:attachment":[{"href":"https:\/\/www.ccsa.ufpb.br\/ppgcc\/wp-json\/wp\/v2\/media?parent=1101"}],"wp:term":[{"taxonomy":"category","embeddable":true,"href":"https:\/\/www.ccsa.ufpb.br\/ppgcc\/wp-json\/wp\/v2\/categories?post=1101"},{"taxonomy":"post_tag","embeddable":true,"href":"https:\/\/www.ccsa.ufpb.br\/ppgcc\/wp-json\/wp\/v2\/tags?post=1101"}],"curies":[{"name":"wp","href":"https:\/\/api.w.org\/{rel}","templated":true}]}}