{"id":1108,"date":"2016-07-29T20:05:00","date_gmt":"2016-07-29T23:05:00","guid":{"rendered":"https:\/\/www.ccsa.ufpb.br\/ppgcc2\/sem-categoria\/resultado-da-selecao-para-aluno-especial\/"},"modified":"2016-07-29T20:05:00","modified_gmt":"2016-07-29T23:05:00","slug":"resultado-da-selecao-para-aluno-especial","status":"publish","type":"post","link":"https:\/\/www.ccsa.ufpb.br\/ppgcc\/noticias\/resultado-da-selecao-para-aluno-especial\/","title":{"rendered":"Resultado da Sele\u00e7\u00e3o para Aluno Especial"},"content":{"rendered":"<div id=\"viewlet-above-content-title\"><\/div>\n<h2 class=\"nitfSubtitle\"><\/h2>\n<div class=\"documentDescription\">Inscri\u00e7\u00f5es realizadas e alunos selecionados<\/div>\n<div id=\"viewlet-below-content-title\">\n<div class=\"horizontal\" id=\"viewlet-social-like\" style=\"display:none\">\n<div class=\"sociallike-network-facebook\">\n<!-- Facebook --><\/p>\n<div class=\"fb-like\" data-action=\"like\" data-layout=\"button_count\" data-send=\"false\" data-share=\"False\" data-show-faces=\"false\"><\/div>\n<\/div>\n<div class=\"sociallike-network-twitter\">\n<!-- Twitter -->\n<\/div>\n<div class=\"sociallike-network-gplus\">\n<!-- Google+ --><\/p>\n<div class=\"g-plus\" data-action=\"share\" data-annotation=\"bubble\" data-href=\"https:\/\/www.ccsa.ufpb.br\/ppgcc\/contents\/noticias\/resultado-da-selecao-para-aluno-especial\">\n<\/div>\n<\/div>\n<\/div>\n<\/div>\n<div class=\"newsLeftPane\">\n<\/div>\n<div>\n<p>Estas s\u00e3o as inscri\u00e7\u00f5es realizadas para a Chamada para Aluno Especial no Processo Seletivo Simplificado 2016.2.<\/p>\n<p><strong>INSCRI\u00c7\u00d5ES<\/strong><\/p>\n<p><strong>An\u00e1lise Financeira Governamental<\/strong><\/p>\n<table>\n<tbody>\n<tr>\n<td>\n<p align=\"center\"><strong>Candidato<\/strong><\/p>\n<\/td>\n<td>\n<p align=\"center\"><strong>\u00a0 \u00a0 \u00a0 \u00a0 \u00a0 Situa\u00e7\u00e3o da Inscri\u00e7\u00e3o \u00a0 \u00a0 \u00a0 \u00a0 \u00a0<\/strong><\/p>\n<\/td>\n<\/tr>\n<tr>\n<td>\n<ol start=\"1\">\n<li style=\"text-align: left\">Jo\u00e3o Paulo Monteiro Batista \u00a0 \u00a0 \u00a0 \u00a0 \u00a0 \u00a0 \u00a0 \u00a0 \u00a0 \u00a0 \u00a0 \u00a0 \u00a0 \u00a0\u00a0<\/li>\n<\/ol>\n<\/td>\n<td>\n<p align=\"center\">Deferida<\/p>\n<\/td>\n<\/tr>\n<tr>\n<td>\n<ol start=\"2\">\n<li>Rodrigo de Queiroz N\u00f3brega<\/li>\n<\/ol>\n<\/td>\n<td>\n<p align=\"center\">Deferida<\/p>\n<\/td>\n<\/tr>\n<tr>\n<td>\n<ol start=\"3\">\n<li>Kalina Kely Miranda Leite<\/li>\n<\/ol>\n<\/td>\n<td>\n<p align=\"center\">Deferida<\/p>\n<\/td>\n<\/tr>\n<tr>\n<td>\n<ol start=\"4\">\n<li>Rayssa Silva De Morais<\/li>\n<\/ol>\n<\/td>\n<td>\n<p align=\"center\">Deferida<\/p>\n<\/td>\n<\/tr>\n<tr>\n<td>\n<ol start=\"5\">\n<li>Vilma Pereira de Souza Silva<\/li>\n<\/ol>\n<\/td>\n<td>\n<p align=\"center\">Deferida<\/p>\n<\/td>\n<\/tr>\n<tr>\n<td>\n<ol start=\"6\">\n<li>Let\u00edcia Claudino Moreira Ribeiro<\/li>\n<\/ol>\n<\/td>\n<td>\n<p align=\"center\">Deferida<\/p>\n<\/td>\n<\/tr>\n<tr>\n<td>\n<ol start=\"7\">\n<li>Leonardo Bruno Ramos dos Santos \u00a0 \u00a0 \u00a0 \u00a0 \u00a0 \u00a0 \u00a0 \u00a0 \u00a0 \u00a0 \u00a0 \u00a0 \u00a0 \u00a0 \u00a0 \u00a0 \u00a0 \u00a0<\/li>\n<\/ol>\n<\/td>\n<td>\n<p align=\"center\">Deferida<\/p>\n<\/td>\n<\/tr>\n<tr>\n<td>\n<ol start=\"8\">\n<li>Fabr\u00edcio do Nascimento Santos<\/li>\n<\/ol>\n<\/td>\n<td>\n<p align=\"center\">Deferida<\/p>\n<\/td>\n<\/tr>\n<tr>\n<td>\n<ol start=\"9\">\n<li>Samara Lima Sobrinho<\/li>\n<\/ol>\n<\/td>\n<td>\n<p align=\"center\">Indeferida<\/p>\n<\/td>\n<\/tr>\n<tr>\n<td>\n<ol start=\"10\">\n<li>Williams de Souza Viana Junior<\/li>\n<\/ol>\n<\/td>\n<td>\n<p align=\"center\">Indeferida<\/p>\n<\/td>\n<\/tr>\n<\/tbody>\n<\/table>\n<p>\u00a0<\/p>\n<p><strong>Finan\u00e7as Comportamentais<\/strong><\/p>\n<table>\n<tbody>\n<tr>\n<td>\n<p align=\"center\"><strong>Candidato<\/strong><\/p>\n<\/td>\n<td>\n<p align=\"center\"><strong>Situa\u00e7\u00e3o da inscri\u00e7\u00e3o<\/strong><\/p>\n<\/td>\n<\/tr>\n<tr>\n<td>\n<ol start=\"1\">\n<li>Robson Oliveira Marques<\/li>\n<\/ol>\n<\/td>\n<td>\n<p align=\"center\">Deferida<\/p>\n<\/td>\n<\/tr>\n<tr>\n<td>\n<ol start=\"2\">\n<li>Helena Nascimento da Silva Alves Pontes<\/li>\n<\/ol>\n<\/td>\n<td>\n<p align=\"center\">Deferida<\/p>\n<\/td>\n<\/tr>\n<tr>\n<td>\n<ol start=\"3\">\n<li>Thiago Silveira<\/li>\n<\/ol>\n<\/td>\n<td>\n<p align=\"center\">Deferida<\/p>\n<\/td>\n<\/tr>\n<tr>\n<td>\n<ol start=\"4\">\n<li>Dorgeania M\u00e1rcia Luiz da Silva<\/li>\n<\/ol>\n<\/td>\n<td>\n<p align=\"center\">Deferida<\/p>\n<\/td>\n<\/tr>\n<\/tbody>\n<\/table>\n<p><span><br \/><\/span><\/p>\n<p><strong><span>Metodologia Da Pesquisa<\/span><\/strong><span>\u00a0<\/span><\/p>\n<table>\n<tbody>\n<tr>\n<td>\n<p align=\"center\"><strong>Candidato<\/strong><\/p>\n<\/td>\n<td>\n<p align=\"center\"><strong>Situa\u00e7\u00e3o da inscri\u00e7\u00e3o<\/strong><\/p>\n<\/td>\n<\/tr>\n<tr>\n<td>\n<ol start=\"1\">\n<li>Luana Ismael Gomes<\/li>\n<\/ol>\n<\/td>\n<td>\n<p align=\"center\">Deferida<\/p>\n<\/td>\n<\/tr>\n<tr>\n<td>\n<ol start=\"2\">\n<li>Henrique Oliveira Gadelha<\/li>\n<\/ol>\n<\/td>\n<td>\n<p align=\"center\">Deferida<\/p>\n<\/td>\n<\/tr>\n<tr>\n<td>\n<ol start=\"3\">\n<li>Maria Helena Barbosa Botelho Rolim<\/li>\n<\/ol>\n<\/td>\n<td>\n<p align=\"center\">Deferida<\/p>\n<\/td>\n<\/tr>\n<tr>\n<td>\n<ol start=\"4\">\n<li>Jo\u00e3o Paulo Pereira L\u00e1zaro<\/li>\n<\/ol>\n<\/td>\n<td>\n<p align=\"center\">Deferida<\/p>\n<\/td>\n<\/tr>\n<\/tbody>\n<\/table>\n<p>\u00a0<\/p>\n<p><strong>M\u00e9todos Qualitativos<\/strong><\/p>\n<table>\n<tbody>\n<tr>\n<td>\n<p align=\"center\"><strong>Candidato<\/strong><\/p>\n<\/td>\n<td>\n<p align=\"center\"><strong>\u00a0 \u00a0 \u00a0 \u00a0Situa\u00e7\u00e3o da inscri\u00e7\u00e3o \u00a0 \u00a0 \u00a0 \u00a0 \u00a0<\/strong><\/p>\n<\/td>\n<\/tr>\n<tr>\n<td>\n<ol start=\"1\">\n<li>Danielly Soares Saraiva Marques \u00a0 \u00a0 \u00a0 \u00a0 \u00a0 \u00a0 \u00a0 \u00a0 \u00a0 \u00a0 \u00a0 \u00a0 \u00a0 \u00a0 \u00a0 \u00a0 \u00a0 \u00a0 \u00a0<\/li>\n<\/ol>\n<\/td>\n<td>\n<p align=\"center\">Deferida<span>\u00a0<\/span><\/p>\n<\/td>\n<\/tr>\n<\/tbody>\n<\/table>\n<p><strong><span><br \/><\/span><\/strong><\/p>\n<p><strong><span>M\u00e9todos Quantitativos II<\/span><span>\u00a0<\/span><\/strong><\/p>\n<table>\n<tbody>\n<tr>\n<td>\n<p align=\"center\"><strong>Candidato<\/strong><\/p>\n<\/td>\n<td>\n<p align=\"center\"><strong>Situa\u00e7\u00e3o da Inscri\u00e7\u00e3o<\/strong><\/p>\n<\/td>\n<\/tr>\n<tr>\n<td>\n<ol start=\"1\">\n<li>Vald\u00e9rio Freire De Moraes J\u00fanior<\/li>\n<\/ol>\n<\/td>\n<td>\n<p align=\"center\">Deferida<\/p>\n<\/td>\n<\/tr>\n<tr>\n<td>\n<ol start=\"2\">\n<li>Jucimar Casimiro De Andrade<\/li>\n<\/ol>\n<\/td>\n<td>\n<p align=\"center\">Deferida<\/p>\n<\/td>\n<\/tr>\n<\/tbody>\n<\/table>\n<p>\u00a0<\/p>\n<p><strong>\u00a0<span>Planejamento Estrat\u00e9gico e Controle Financeiro<\/span><\/strong><\/p>\n<table>\n<tbody>\n<tr>\n<td>\n<p align=\"center\"><strong>Candidato<\/strong><\/p>\n<\/td>\n<td>\n<p align=\"center\"><strong>Situa\u00e7\u00e3o da inscri\u00e7\u00e3o<\/strong><\/p>\n<\/td>\n<\/tr>\n<tr>\n<td>\n<ol start=\"1\">\n<li>Davi J\u00f4natas Cunha Ara\u00fajo<\/li>\n<\/ol>\n<\/td>\n<td>\n<p align=\"center\">Deferida<\/p>\n<\/td>\n<\/tr>\n<tr>\n<td>\n<ol start=\"2\">\n<li>Kamilla Alves Barreto<\/li>\n<\/ol>\n<\/td>\n<td>\n<p align=\"center\">Deferida<\/p>\n<\/td>\n<\/tr>\n<tr>\n<td>\n<ol start=\"3\">\n<li>Gessyka Vaneza Da Silva<\/li>\n<\/ol>\n<\/td>\n<td>\n<p align=\"center\">Deferida<\/p>\n<\/td>\n<\/tr>\n<tr>\n<td>\n<ol start=\"4\">\n<li>Nadson Limeira Ramos Santos<\/li>\n<\/ol>\n<\/td>\n<td>\n<p align=\"center\">Deferida<\/p>\n<\/td>\n<\/tr>\n<tr>\n<td>\n<ol start=\"5\">\n<li>Helam\u00e3 Pereira do Nascimento<\/li>\n<\/ol>\n<\/td>\n<td>\n<p align=\"center\">Deferida<span>\u00a0<\/span><\/p>\n<\/td>\n<\/tr>\n<\/tbody>\n<\/table>\n<p>\u00a0<\/p>\n<p><strong>Sal\u00e1rios , Remunera\u00e7\u00f5es e Incentivos<span>\u00a0<\/span><\/strong><\/p>\n<table>\n<tbody>\n<tr>\n<td>\n<p align=\"center\"><strong>Candidato<\/strong><\/p>\n<\/td>\n<td>\n<p align=\"center\"><strong>Situa\u00e7\u00e3o da inscri\u00e7\u00e3o<\/strong><\/p>\n<\/td>\n<\/tr>\n<tr>\n<td>\n<ol start=\"1\">\n<li>Adilia Ribeiro Coutinho Suassuna Dutra Florentino<\/li>\n<\/ol>\n<\/td>\n<td>\n<p align=\"center\">Deferida<\/p>\n<\/td>\n<\/tr>\n<tr>\n<td>\n<ol start=\"2\">\n<li>Maria Luiza Farias Diniz<\/li>\n<\/ol>\n<\/td>\n<td>\n<p align=\"center\">Deferida<\/p>\n<\/td>\n<\/tr>\n<\/tbody>\n<\/table>\n<p>\u00a0<\/p>\n<p><strong><span>ALUNOS SELECIONADOS<\/span><\/strong><\/p>\n<p><strong>An\u00e1lise Financeira Governamental<\/strong><\/p>\n<table>\n<tbody>\n<tr>\n<td>\n<p align=\"center\"><strong>Candidato<\/strong><\/p>\n<\/td>\n<\/tr>\n<tr>\n<td>\n<ol start=\"1\">\n<li>Fabr\u00edcio do Nascimento Santos<\/li>\n<\/ol>\n<\/td>\n<\/tr>\n<tr>\n<td>\n<ol start=\"2\">\n<li>Jo\u00e3o Paulo Monteiro Batista<\/li>\n<\/ol>\n<\/td>\n<\/tr>\n<tr>\n<td>\n<ol start=\"3\">\n<li>Kalina Kely Miranda Leite<\/li>\n<\/ol>\n<\/td>\n<\/tr>\n<tr>\n<td>\n<ol start=\"4\">\n<li>Leonardo Bruno Ramos dos Santos<\/li>\n<\/ol>\n<\/td>\n<\/tr>\n<tr>\n<td>\n<ol start=\"5\">\n<li>Let\u00edcia Claudino Moreira Ribeiro<\/li>\n<\/ol>\n<\/td>\n<\/tr>\n<tr>\n<td>\n<ol start=\"6\">\n<li>Rayssa Silva De Morais<\/li>\n<\/ol>\n<\/td>\n<\/tr>\n<tr>\n<td>\n<ol start=\"7\">\n<li>Rodrigo De Queiroz N\u00f3brega<\/li>\n<\/ol>\n<\/td>\n<\/tr>\n<\/tbody>\n<\/table>\n<p>\u00a0<\/p>\n<p><strong>Finan\u00e7as Comportamentais<\/strong><\/p>\n<table>\n<tbody>\n<tr>\n<td>\n<p align=\"center\"><strong>Candidato<\/strong><\/p>\n<\/td>\n<\/tr>\n<tr>\n<td>\n<ol start=\"1\">\n<li>Robson Oliveira Marques<\/li>\n<\/ol>\n<\/td>\n<\/tr>\n<tr>\n<td>\n<ol start=\"2\">\n<li>Thiago Silveira<\/li>\n<\/ol>\n<\/td>\n<\/tr>\n<\/tbody>\n<\/table>\n<p>\u00a0<\/p>\n<p><strong>Metodologia Da Pesquisa<\/strong><\/p>\n<table>\n<tbody>\n<tr>\n<td>\n<p align=\"center\"><strong>Candidato<\/strong><\/p>\n<\/td>\n<\/tr>\n<tr>\n<td>\n<ol start=\"1\">\n<li>Henrique Oliveira Gadelha<\/li>\n<\/ol>\n<\/td>\n<\/tr>\n<tr>\n<td>\n<ol start=\"2\">\n<li>Luana Ismael Gomes<\/li>\n<\/ol>\n<\/td>\n<\/tr>\n<tr>\n<td>\n<ol start=\"3\">\n<li>Maria Helena Barbosa Botelho Rolim<\/li>\n<\/ol>\n<\/td>\n<\/tr>\n<\/tbody>\n<\/table>\n<p>\u00a0<\/p>\n<p><strong>M\u00e9todos Qualitativos<\/strong><\/p>\n<table>\n<tbody>\n<tr>\n<td>\n<p align=\"center\"><strong>Candidato<\/strong><\/p>\n<\/td>\n<\/tr>\n<tr>\n<td>\n<ol start=\"1\">\n<li>Danielly Soares Saraiva Marques<\/li>\n<\/ol>\n<\/td>\n<\/tr>\n<\/tbody>\n<\/table>\n<p>\u00a0<\/p>\n<p><strong><span>M\u00e9todos Quantitativos II<\/span><span>\u00a0<\/span><\/strong><\/p>\n<table>\n<tbody>\n<tr>\n<td>\n<p align=\"center\"><strong>Candidato<\/strong><\/p>\n<\/td>\n<\/tr>\n<tr>\n<td>\n<ol start=\"1\">\n<li>Jucimar Casimiro De Andrade<\/li>\n<\/ol>\n<\/td>\n<\/tr>\n<tr>\n<td>\n<ol start=\"2\">\n<li>Vald\u00e9rio Freire De Moraes J\u00fanior<\/li>\n<\/ol>\n<\/td>\n<\/tr>\n<\/tbody>\n<\/table>\n<p>\u00a0<\/p>\n<p><strong>Planejamento Estrat\u00e9gico e Controle Financeiro<\/strong><\/p>\n<table>\n<tbody>\n<tr>\n<td>\n<p align=\"center\"><strong>Candidato<\/strong><\/p>\n<\/td>\n<\/tr>\n<tr>\n<td>\n<ol start=\"1\">\n<li>Davi J\u00f4natas Cunha Ara\u00fajo<\/li>\n<\/ol>\n<\/td>\n<\/tr>\n<tr>\n<td>\n<ol start=\"2\">\n<li>Gessyka Vaneza Da Silva<\/li>\n<\/ol>\n<\/td>\n<\/tr>\n<tr>\n<td>\n<ol start=\"3\">\n<li>Kamilla Alves Barreto<\/li>\n<\/ol>\n<\/td>\n<\/tr>\n<\/tbody>\n<\/table>\n<p>\u00a0<\/p>\n<p><strong>Sal\u00e1rios, Remunera\u00e7\u00f5es e Incentivos<\/strong><\/p>\n<table>\n<tbody>\n<tr>\n<td>\n<p align=\"center\"><strong>Candidato<\/strong><\/p>\n<\/td>\n<\/tr>\n<tr>\n<td>\n<ol start=\"1\">\n<li>Ad\u00edlia Ribeiro Coutinho Suassuna Dutra Florentino<\/li>\n<\/ol>\n<\/td>\n<\/tr>\n<tr>\n<td>\n<ol start=\"2\">\n<li>Maria Luiza Farias Diniz<\/li>\n<\/ol>\n<\/td>\n<\/tr>\n<\/tbody>\n<\/table>\n<p>\u00a0<\/p>\n<p>Os alunos selecionados devem confirmar sua matr\u00edcula na Secretaria do PPGCC at\u00e9 a segunda-feira, dia 01\/08. Maiores informa\u00e7\u00f5es devem ser obtidas na Secretaria.<\/p>\n<\/div>\n<div class=\"newsview\">\n<\/div>\n","protected":false},"excerpt":{"rendered":"<p>Inscri\u00e7\u00f5es realizadas e alunos selecionados Estas s\u00e3o as inscri\u00e7\u00f5es realizadas para a Chamada para Aluno [&hellip;]<\/p>\n","protected":false},"author":567,"featured_media":585,"comment_status":"open","ping_status":"open","sticky":false,"template":"","format":"standard","meta":{"footnotes":""},"categories":[3],"tags":[],"class_list":["post-1108","post","type-post","status-publish","format-standard","has-post-thumbnail","hentry","category-noticias"],"_links":{"self":[{"href":"https:\/\/www.ccsa.ufpb.br\/ppgcc\/wp-json\/wp\/v2\/posts\/1108","targetHints":{"allow":["GET"]}}],"collection":[{"href":"https:\/\/www.ccsa.ufpb.br\/ppgcc\/wp-json\/wp\/v2\/posts"}],"about":[{"href":"https:\/\/www.ccsa.ufpb.br\/ppgcc\/wp-json\/wp\/v2\/types\/post"}],"author":[{"embeddable":true,"href":"https:\/\/www.ccsa.ufpb.br\/ppgcc\/wp-json\/wp\/v2\/users\/567"}],"replies":[{"embeddable":true,"href":"https:\/\/www.ccsa.ufpb.br\/ppgcc\/wp-json\/wp\/v2\/comments?post=1108"}],"version-history":[{"count":0,"href":"https:\/\/www.ccsa.ufpb.br\/ppgcc\/wp-json\/wp\/v2\/posts\/1108\/revisions"}],"wp:featuredmedia":[{"embeddable":true,"href":"https:\/\/www.ccsa.ufpb.br\/ppgcc\/wp-json\/wp\/v2\/media\/585"}],"wp:attachment":[{"href":"https:\/\/www.ccsa.ufpb.br\/ppgcc\/wp-json\/wp\/v2\/media?parent=1108"}],"wp:term":[{"taxonomy":"category","embeddable":true,"href":"https:\/\/www.ccsa.ufpb.br\/ppgcc\/wp-json\/wp\/v2\/categories?post=1108"},{"taxonomy":"post_tag","embeddable":true,"href":"https:\/\/www.ccsa.ufpb.br\/ppgcc\/wp-json\/wp\/v2\/tags?post=1108"}],"curies":[{"name":"wp","href":"https:\/\/api.w.org\/{rel}","templated":true}]}}