{"id":1112,"date":"2016-07-10T20:11:00","date_gmt":"2016-07-10T23:11:00","guid":{"rendered":"https:\/\/www.ccsa.ufpb.br\/ppgcc2\/sem-categoria\/calendario-de-aulas-de-2016-2\/"},"modified":"2016-07-10T20:11:00","modified_gmt":"2016-07-10T23:11:00","slug":"calendario-de-aulas-de-2016-2","status":"publish","type":"post","link":"https:\/\/www.ccsa.ufpb.br\/ppgcc\/noticias\/calendario-de-aulas-de-2016-2\/","title":{"rendered":"Calend\u00e1rio de Aulas de 2016.2"},"content":{"rendered":"<div id=\"viewlet-above-content-title\"><\/div>\n<h2 class=\"nitfSubtitle\"><\/h2>\n<div class=\"documentDescription\">Cronograma e calend\u00e1rio de aulas do per\u00edodo letivo 2016.2<\/div>\n<div id=\"viewlet-below-content-title\">\n<div class=\"horizontal\" id=\"viewlet-social-like\" style=\"display:none\">\n<div class=\"sociallike-network-facebook\">\n<!-- Facebook --><\/p>\n<div class=\"fb-like\" data-action=\"like\" data-layout=\"button_count\" data-send=\"false\" data-share=\"False\" data-show-faces=\"false\"><\/div>\n<\/div>\n<div class=\"sociallike-network-twitter\">\n<!-- Twitter -->\n<\/div>\n<div class=\"sociallike-network-gplus\">\n<!-- Google+ --><\/p>\n<div class=\"g-plus\" data-action=\"share\" data-annotation=\"bubble\" data-href=\"https:\/\/www.ccsa.ufpb.br\/ppgcc\/contents\/noticias\/calendario-de-aulas-de-2016.2\">\n<\/div>\n<\/div>\n<\/div>\n<\/div>\n<div class=\"newsLeftPane\">\n<\/div>\n<div>\n<p style=\"text-align: justify\">Esta \u00e9 a oferta de disciplinas do PPGCC para o segundo semestre. Os aquivos completos do cronograma e do calend\u00e1rio detalhado podem ser consultados no assunto &#8220;Documentos&#8221; deste site, ou nos links a seguir:<\/p>\n<p style=\"text-align: justify\"><a class=\"internal-link\" href=\"https:\/\/www.ccsa.ufpb.br\/ppgcc\/contents\/noticias\/calendario-de-aulas-de-2016.2\/resolveuid\/d1a91557e5484974834acaa68ec807bf\" target=\"_self\" title=\"\">Cronograma de Aulas<\/a><\/p>\n<p style=\"text-align: justify\"><a class=\"internal-link\" href=\"https:\/\/www.ccsa.ufpb.br\/ppgcc\/contents\/noticias\/calendario-de-aulas-de-2016.2\/resolveuid\/99006de701d446709886fdacbff28599\" target=\"_self\" title=\"\">Calend\u00e1rio de Aulas<\/a> (detalhado)<\/p>\n<p style=\"text-align: justify\"><img decoding=\"async\" alt=\"Cronograma 2016.2\" class=\"image-inline\" src=\"https:\/\/www.ccsa.ufpb.br\/ppgcc2\/wp-content\/uploads\/sites\/179\/sites\/332\/2026\/06\/cronograma-2016-86a3420bf6.png\" title=\"Cronograma 2016.2\" \/><\/p>\n<p style=\"text-align: justify\">\u00a0<\/p>\n<p style=\"text-align: justify\">Ap\u00f3s a matr\u00edcula dos alunos regulares, ser\u00e3o informadas as vagas dispon\u00edveis em cada disciplina para alunos especiais.<\/p>\n<\/div>\n<div class=\"newsview\">\n<\/div>\n","protected":false},"excerpt":{"rendered":"<p>Cronograma e calend\u00e1rio de aulas do per\u00edodo letivo 2016.2 Esta \u00e9 a oferta de disciplinas [&hellip;]<\/p>\n","protected":false},"author":567,"featured_media":585,"comment_status":"open","ping_status":"open","sticky":false,"template":"","format":"standard","meta":{"footnotes":""},"categories":[3],"tags":[],"class_list":["post-1112","post","type-post","status-publish","format-standard","has-post-thumbnail","hentry","category-noticias"],"_links":{"self":[{"href":"https:\/\/www.ccsa.ufpb.br\/ppgcc\/wp-json\/wp\/v2\/posts\/1112","targetHints":{"allow":["GET"]}}],"collection":[{"href":"https:\/\/www.ccsa.ufpb.br\/ppgcc\/wp-json\/wp\/v2\/posts"}],"about":[{"href":"https:\/\/www.ccsa.ufpb.br\/ppgcc\/wp-json\/wp\/v2\/types\/post"}],"author":[{"embeddable":true,"href":"https:\/\/www.ccsa.ufpb.br\/ppgcc\/wp-json\/wp\/v2\/users\/567"}],"replies":[{"embeddable":true,"href":"https:\/\/www.ccsa.ufpb.br\/ppgcc\/wp-json\/wp\/v2\/comments?post=1112"}],"version-history":[{"count":0,"href":"https:\/\/www.ccsa.ufpb.br\/ppgcc\/wp-json\/wp\/v2\/posts\/1112\/revisions"}],"wp:featuredmedia":[{"embeddable":true,"href":"https:\/\/www.ccsa.ufpb.br\/ppgcc\/wp-json\/wp\/v2\/media\/585"}],"wp:attachment":[{"href":"https:\/\/www.ccsa.ufpb.br\/ppgcc\/wp-json\/wp\/v2\/media?parent=1112"}],"wp:term":[{"taxonomy":"category","embeddable":true,"href":"https:\/\/www.ccsa.ufpb.br\/ppgcc\/wp-json\/wp\/v2\/categories?post=1112"},{"taxonomy":"post_tag","embeddable":true,"href":"https:\/\/www.ccsa.ufpb.br\/ppgcc\/wp-json\/wp\/v2\/tags?post=1112"}],"curies":[{"name":"wp","href":"https:\/\/api.w.org\/{rel}","templated":true}]}}