{"id":1122,"date":"2016-03-03T11:44:00","date_gmt":"2016-03-03T14:44:00","guid":{"rendered":"https:\/\/www.ccsa.ufpb.br\/ppgcc2\/sem-categoria\/resultado-para-alunos-especiais\/"},"modified":"2016-03-03T11:44:00","modified_gmt":"2016-03-03T14:44:00","slug":"resultado-para-alunos-especiais","status":"publish","type":"post","link":"https:\/\/www.ccsa.ufpb.br\/ppgcc\/noticias\/resultado-para-alunos-especiais\/","title":{"rendered":"Resultado para Alunos Especiais"},"content":{"rendered":"<div id=\"viewlet-above-content-title\"><\/div>\n<h2 class=\"nitfSubtitle\"><\/h2>\n<div class=\"documentDescription\">Resultado da sele\u00e7\u00e3o simplificada para alunos especiais para o semestre 2016.1.<\/div>\n<div id=\"viewlet-below-content-title\">\n<div class=\"horizontal\" id=\"viewlet-social-like\" style=\"display:none\">\n<div class=\"sociallike-network-facebook\">\n<!-- Facebook --><\/p>\n<div class=\"fb-like\" data-action=\"like\" data-layout=\"button_count\" data-send=\"false\" data-share=\"False\" data-show-faces=\"false\"><\/div>\n<\/div>\n<div class=\"sociallike-network-twitter\">\n<!-- Twitter -->\n<\/div>\n<div class=\"sociallike-network-gplus\">\n<!-- Google+ --><\/p>\n<div class=\"g-plus\" data-action=\"share\" data-annotation=\"bubble\" data-href=\"https:\/\/www.ccsa.ufpb.br\/ppgcc\/contents\/noticias\/resultado-para-alunos-especiais\">\n<\/div>\n<\/div>\n<\/div>\n<\/div>\n<div class=\"newsLeftPane\">\n<\/div>\n<div>\n<p style=\"text-align: justify\">De acordo com a Chamada para Alunos Especiais para o semestre 2016.1, foram oferecidas 11 (onze) vagas distribu\u00eddas entre 5 (cinco) disciplinas. A sele\u00e7\u00e3o dos alunos foi realizada pelo professor de cada disciplina, considerando sua demanda, o coeficiente de rendimento escolar (CRE) e o curr\u00edculo de de cada candidato. Abaixo consta a lista de alunos selecionados:<\/p>\n<table class=\"plain\">\n<tbody>\n<tr>\n<th style=\"text-align: center\">Disciplina<\/th>\n<th style=\"text-align: center\">Vagas<\/th>\n<th style=\"text-align: center\">Candidatos<\/th>\n<th style=\"text-align: center\">Alunos Especiais selecionados<\/th>\n<\/tr>\n<tr>\n<td>Avalia\u00e7\u00e3o de Empresas<\/td>\n<td style=\"text-align: center\">1<\/td>\n<td style=\"text-align: center\">1<\/td>\n<td>Candidata desistiu.<\/td>\n<\/tr>\n<tr>\n<td>\n<p><span><br \/><\/span><\/p>\n<p><span>Contabilidade e Desenvolvimento Sustent\u00e1vel<\/span><\/p>\n<\/td>\n<td style=\"text-align: center\">\n<p>\u00a0<\/p>\n<p>2<\/p>\n<\/td>\n<td style=\"text-align: center\">\n<p>\u00a0<\/p>\n<p>5<\/p>\n<\/td>\n<td>\n<p>1. Ad\u00edlia Ribeiro Coutinho Suassuna Dutra Florentino<\/p>\n<p>2. Cristiano Coelho<\/p>\n<\/td>\n<\/tr>\n<tr>\n<td>\n<p><span><br \/><\/span><\/p>\n<p><span>M\u00e9todos Quantitativos I<\/span><\/p>\n<\/td>\n<td style=\"text-align: center\">\n<p>\u00a0<\/p>\n<p>2<\/p>\n<\/td>\n<td style=\"text-align: center\">\n<p>\u00a0<\/p>\n<p>7<\/p>\n<\/td>\n<td>\n<p>1. Emanuelle Priscila de Almeida Peixoto<\/p>\n<p>2. Lizandra Fereira Silva<\/p>\n<\/td>\n<\/tr>\n<tr>\n<td>\n<p><span><br \/><\/span><\/p>\n<p><span><br \/><\/span><\/p>\n<p><span><br \/><\/span><\/p>\n<p><span>Teoria da Contabilidade<\/span><\/p>\n<\/td>\n<td style=\"text-align: center\">\n<p>\u00a0<\/p>\n<p>\u00a0<\/p>\n<p>\u00a0<\/p>\n<p>3<\/p>\n<\/td>\n<td style=\"text-align: center\">\n<p>\u00a0<\/p>\n<p>\u00a0<\/p>\n<p>\u00a0<\/p>\n<p>11<\/p>\n<\/td>\n<td>\n<p>1. Fernando Carlos de Oliveira Carvalho Filho<\/p>\n<p>2. Glaydson Trajano Farias<\/p>\n<p>3. Ionelle de Lima Barbosa<\/p>\n<p>4. Jessica Ellany Oliveira Silva<\/p>\n<p>5. Raissa Cainny Gon\u00e7alves Ferreira<\/p>\n<\/td>\n<\/tr>\n<tr>\n<td>\n<p><span><br \/><\/span><\/p>\n<p><span>T\u00f3picos Contempor\u00e2neos em Contabilidade<\/span><\/p>\n<\/td>\n<td style=\"text-align: center\">\n<p>\u00a0<\/p>\n<p>3<\/p>\n<\/td>\n<td style=\"text-align: center\">\n<p>\u00a0<\/p>\n<p>6<\/p>\n<\/td>\n<td>\n<p>1. Jislene Trindade Medeiros<\/p>\n<p>2. Rodolfo Maia Rosado Cascudo Rodrigues<\/p>\n<\/td>\n<\/tr>\n<tr>\n<td style=\"text-align: center\"><strong>Total<\/strong><\/td>\n<td style=\"text-align: center\"><strong>11<\/strong><\/td>\n<td style=\"text-align: center\"><strong>30<\/strong><\/td>\n<td><\/td>\n<\/tr>\n<\/tbody>\n<\/table>\n<p style=\"text-align: justify\">Lembramos aos alunos selecionados que as aulas se iniciam na pr\u00f3xima semana (com exce\u00e7\u00e3o de T\u00f3picos que ser\u00e1 dia 14).\u00a0<\/p>\n<\/div>\n<div class=\"newsview\">\n<\/div>\n","protected":false},"excerpt":{"rendered":"<p>Resultado da sele\u00e7\u00e3o simplificada para alunos especiais para o semestre 2016.1. De acordo com a [&hellip;]<\/p>\n","protected":false},"author":567,"featured_media":585,"comment_status":"open","ping_status":"open","sticky":false,"template":"","format":"standard","meta":{"footnotes":""},"categories":[3],"tags":[],"class_list":["post-1122","post","type-post","status-publish","format-standard","has-post-thumbnail","hentry","category-noticias"],"_links":{"self":[{"href":"https:\/\/www.ccsa.ufpb.br\/ppgcc\/wp-json\/wp\/v2\/posts\/1122","targetHints":{"allow":["GET"]}}],"collection":[{"href":"https:\/\/www.ccsa.ufpb.br\/ppgcc\/wp-json\/wp\/v2\/posts"}],"about":[{"href":"https:\/\/www.ccsa.ufpb.br\/ppgcc\/wp-json\/wp\/v2\/types\/post"}],"author":[{"embeddable":true,"href":"https:\/\/www.ccsa.ufpb.br\/ppgcc\/wp-json\/wp\/v2\/users\/567"}],"replies":[{"embeddable":true,"href":"https:\/\/www.ccsa.ufpb.br\/ppgcc\/wp-json\/wp\/v2\/comments?post=1122"}],"version-history":[{"count":0,"href":"https:\/\/www.ccsa.ufpb.br\/ppgcc\/wp-json\/wp\/v2\/posts\/1122\/revisions"}],"wp:featuredmedia":[{"embeddable":true,"href":"https:\/\/www.ccsa.ufpb.br\/ppgcc\/wp-json\/wp\/v2\/media\/585"}],"wp:attachment":[{"href":"https:\/\/www.ccsa.ufpb.br\/ppgcc\/wp-json\/wp\/v2\/media?parent=1122"}],"wp:term":[{"taxonomy":"category","embeddable":true,"href":"https:\/\/www.ccsa.ufpb.br\/ppgcc\/wp-json\/wp\/v2\/categories?post=1122"},{"taxonomy":"post_tag","embeddable":true,"href":"https:\/\/www.ccsa.ufpb.br\/ppgcc\/wp-json\/wp\/v2\/tags?post=1122"}],"curies":[{"name":"wp","href":"https:\/\/api.w.org\/{rel}","templated":true}]}}