{"id":618,"date":"2025-02-25T10:15:00","date_gmt":"2025-02-25T13:15:00","guid":{"rendered":"https:\/\/www.ccsa.ufpb.br\/ppgcc2\/sem-categoria\/chamada-para-alunos-especiais-2025-1\/"},"modified":"2025-02-25T10:15:00","modified_gmt":"2025-02-25T13:15:00","slug":"chamada-para-alunos-especiais-2025-1","status":"publish","type":"post","link":"https:\/\/www.ccsa.ufpb.br\/ppgcc\/noticias\/chamada-para-alunos-especiais-2025-1\/","title":{"rendered":"Chamada para alunos especiais 2025.1"},"content":{"rendered":"<p><img decoding=\"async\" src=\"https:\/\/www.ccsa.ufpb.br\/ppgcc2\/wp-content\/uploads\/sites\/179\/sites\/332\/2026\/06\/8dbf79f5-54dc-41e8-86d5-42ea31653c5a-f9faa93a2a.jpeg\" alt=\"\"><\/p>\n<div id=\"viewlet-above-content-title\"><\/div>\n<h2 class=\"nitfSubtitle\"><\/h2>\n<div class=\"documentDescription\"><\/div>\n<div id=\"viewlet-below-content-title\">\n<div class=\"horizontal\" id=\"viewlet-social-like\" style=\"display:none\">\n<div class=\"sociallike-network-facebook\">\n<!-- Facebook --><\/p>\n<div class=\"fb-like\" data-action=\"like\" data-layout=\"button_count\" data-send=\"false\" data-share=\"False\" data-show-faces=\"false\"><\/div>\n<\/div>\n<div class=\"sociallike-network-twitter\">\n<!-- Twitter -->\n<\/div>\n<div class=\"sociallike-network-gplus\">\n<!-- Google+ --><\/p>\n<div class=\"g-plus\" data-action=\"share\" data-annotation=\"bubble\" data-href=\"https:\/\/www.ccsa.ufpb.br\/ppgcc\/contents\/noticias\/chamada-para-alunos-especiais-2025.1\">\n<\/div>\n<\/div>\n<\/div>\n<\/div>\n<div class=\"newsLeftPane\">\n<div class=\"newsImageContainer\">\n<ul class=\"carrossel-images\">\n<li>\n<\/li>\n<\/ul>\n<p><span id=\"lupa\"><\/span>\n<\/div>\n<\/div>\n<div>\n<p dir=\"ltr\" style=\"text-align: justify\"><span>Pela presente chamada, a Coordena\u00e7\u00e3o do Programa de P\u00f3s-Gradua\u00e7\u00e3o em Ci\u00eancias Cont\u00e1beis (PPGCC) da Universidade Federal da Para\u00edba (UFPB) torna p\u00fablico o processo seletivo simplificado para alunos especiais em disciplinas ofertadas por este Programa no semestre de 2025.1.<\/span><\/p>\n<p dir=\"ltr\" style=\"text-align: justify\"><span>As inscri\u00e7\u00f5es ser\u00e3o realizadas exclusivamente pelo Sistema Integrado de Gest\u00e3o Acad\u00eamica (SIGAA), compreendido entre \u00e0s 00h00 do dia 26 de fevereiro de 2025 at\u00e9 as 23h59 do dia 27 de fevereiro de 2025 no site https:\/\/sigaa.ufpb.br (em P\u00f3s-Gradua\u00e7\u00e3o -&gt; Stricto-Sensu -&gt;Processos Seletivos).<\/span><\/p>\n<p style=\"text-align: justify\"><span>Os Alunos Especiais n\u00e3o ter\u00e3o v\u00ednculo formal regular com o Programa de P\u00f3s-Gradua\u00e7\u00e3o em Ci\u00eancias Cont\u00e1beis da Universidade Federal da Para\u00edba, conforme artigo 43, do Regulamento Geral dos Programas de P\u00f3s- Gradua\u00e7\u00e3o Stricto Sensu da Universidade Federal da Para\u00edba &#8211; Resolu\u00e7\u00e3o n\u00ba 54\/2024-CONSEPE\/UFPB.<\/span><\/p>\n<p style=\"text-align: justify\"><span>Ser\u00e1 permitida apenas a inscri\u00e7\u00e3o em 01 (uma) disciplina por cada candidato.<\/span><\/p>\n<p dir=\"ltr\" style=\"text-align: justify\"><span>As inscri\u00e7\u00f5es s\u00e3o gratuitas.\u00a0<\/span><\/p>\n<p style=\"text-align: justify\">Edital (chamada) e inscri\u00e7\u00f5es dispon\u00edveis em: <a class=\"external-link\" href=\"https:\/\/sigaa.ufpb.br\/sigaa\/public\/processo_seletivo\/lista.jsf?nivel=S&amp;amp;aba=p-stricto\" target=\"_self\" title=\"\">https:\/\/sigaa.ufpb.br\/sigaa\/public\/processo_seletivo\/lista.jsf?nivel=S&amp;aba=p-stricto<\/a><\/p>\n<\/div>\n<div class=\"newsview\">\n<\/div>\n","protected":false},"excerpt":{"rendered":"<p>Pela presente chamada, a Coordena\u00e7\u00e3o do Programa de P\u00f3s-Gradua\u00e7\u00e3o em Ci\u00eancias Cont\u00e1beis (PPGCC) da Universidade [&hellip;]<\/p>\n","protected":false},"author":567,"featured_media":617,"comment_status":"open","ping_status":"open","sticky":false,"template":"","format":"standard","meta":{"footnotes":""},"categories":[3],"tags":[],"class_list":["post-618","post","type-post","status-publish","format-standard","has-post-thumbnail","hentry","category-noticias"],"_links":{"self":[{"href":"https:\/\/www.ccsa.ufpb.br\/ppgcc\/wp-json\/wp\/v2\/posts\/618","targetHints":{"allow":["GET"]}}],"collection":[{"href":"https:\/\/www.ccsa.ufpb.br\/ppgcc\/wp-json\/wp\/v2\/posts"}],"about":[{"href":"https:\/\/www.ccsa.ufpb.br\/ppgcc\/wp-json\/wp\/v2\/types\/post"}],"author":[{"embeddable":true,"href":"https:\/\/www.ccsa.ufpb.br\/ppgcc\/wp-json\/wp\/v2\/users\/567"}],"replies":[{"embeddable":true,"href":"https:\/\/www.ccsa.ufpb.br\/ppgcc\/wp-json\/wp\/v2\/comments?post=618"}],"version-history":[{"count":0,"href":"https:\/\/www.ccsa.ufpb.br\/ppgcc\/wp-json\/wp\/v2\/posts\/618\/revisions"}],"wp:featuredmedia":[{"embeddable":true,"href":"https:\/\/www.ccsa.ufpb.br\/ppgcc\/wp-json\/wp\/v2\/media\/617"}],"wp:attachment":[{"href":"https:\/\/www.ccsa.ufpb.br\/ppgcc\/wp-json\/wp\/v2\/media?parent=618"}],"wp:term":[{"taxonomy":"category","embeddable":true,"href":"https:\/\/www.ccsa.ufpb.br\/ppgcc\/wp-json\/wp\/v2\/categories?post=618"},{"taxonomy":"post_tag","embeddable":true,"href":"https:\/\/www.ccsa.ufpb.br\/ppgcc\/wp-json\/wp\/v2\/tags?post=618"}],"curies":[{"name":"wp","href":"https:\/\/api.w.org\/{rel}","templated":true}]}}