{"id":638,"date":"2024-08-16T11:31:00","date_gmt":"2024-08-16T14:31:00","guid":{"rendered":"https:\/\/www.ccsa.ufpb.br\/ppgcc2\/sem-categoria\/processo-seletivo-2025-incricoes-abertas\/"},"modified":"2024-08-16T11:31:00","modified_gmt":"2024-08-16T14:31:00","slug":"processo-seletivo-2025-incricoes-abertas","status":"publish","type":"post","link":"https:\/\/www.ccsa.ufpb.br\/ppgcc\/noticias\/processo-seletivo-2025-incricoes-abertas\/","title":{"rendered":"Processo Seletivo 2025: Inscri\u00e7\u00f5es abertas"},"content":{"rendered":"<div id=\"viewlet-above-content-title\"><\/div>\n<h2 class=\"nitfSubtitle\"><\/h2>\n<div class=\"documentDescription\"><\/div>\n<div id=\"viewlet-below-content-title\">\n<div class=\"horizontal\" id=\"viewlet-social-like\" style=\"display:none\">\n<div class=\"sociallike-network-facebook\">\n<!-- Facebook --><\/p>\n<div class=\"fb-like\" data-action=\"like\" data-layout=\"button_count\" data-send=\"false\" data-share=\"False\" data-show-faces=\"false\"><\/div>\n<\/div>\n<div class=\"sociallike-network-twitter\">\n<!-- Twitter -->\n<\/div>\n<div class=\"sociallike-network-gplus\">\n<!-- Google+ --><\/p>\n<div class=\"g-plus\" data-action=\"share\" data-annotation=\"bubble\" data-href=\"https:\/\/www.ccsa.ufpb.br\/ppgcc\/contents\/noticias\/processo-seletivo-2025-incricoes-abertas\">\n<\/div>\n<\/div>\n<\/div>\n<\/div>\n<div class=\"newsLeftPane\">\n<\/div>\n<div>\n<p style=\"text-align: justify\">A Coordena\u00e7\u00e3o do Programa de P\u00f3s-Gradua\u00e7\u00e3o em Ci\u00eancias Cont\u00e1beis (PPGCC) da Universidade Federal da Para\u00edba (UFPB), no uso de suas atribui\u00e7\u00f5es, torna p\u00fablico o\u00a0presente <a class=\"internal-link\" href=\"https:\/\/www.ccsa.ufpb.br\/ppgcc\/contents\/documentos\/processo-seletivo\/2025\/edital_processo_seletivo_2025_ppgcc_1.pdf\" target=\"_self\" title=\"\">edital<\/a>\u00a0que regula as condi\u00e7\u00f5es de ingresso, por via de EXAME DE SELE\u00c7\u00c3O, no referido programa, ano letivo de 2025.<\/p>\n<p style=\"text-align: justify\">As inscri\u00e7\u00f5es est\u00e3o sendo realizadas exclusivamente pelo Sistema Integrado de Gest\u00e3o Acad\u00eamica(SIGAA), no per\u00edodo de<strong>\u00a012 de agosto de 2024 at\u00e9 as 23h59 do dia 28 de agosto de 2024<\/strong>, no endere\u00e7o eletr\u00f4nico:\u00a0<a class=\"external-link\" href=\"https:\/\/sigaa.ufpb.br\/\" target=\"_blank\" title=\"\">https:\/\/sigaa.ufpb.br<\/a>\u00a0(selecionar: Processos Seletivos &gt; Processos Seletivos \u2013 Stricto Sensu).<\/p>\n<p style=\"text-align: justify\">Neste processo seletivo, as vagas ser\u00e3o distribu\u00eddas entre os cursos de Mestrado e Doutorado Acad\u00eamicos e as duas Linhas de Pesquisa do PPGCC, nos termos da Resolu\u00e7\u00e3o N\u00ba 22\/2022\/CONSEPE que regulamenta o Programa, da seguinte forma:<\/p>\n<p style=\"text-align: justify\"><strong>Para o curso de Mestrado, 20 (vinte) vagas:<\/strong><\/p>\n<p style=\"text-align: justify\">Controle de Gest\u00e3o: 06 (seis) vagas;<\/p>\n<p style=\"text-align: justify\">Contabilidade e Finan\u00e7as: 14 (quatorze) vagas.<\/p>\n<p style=\"text-align: justify\"><strong>Para o curso de Doutorado, 16 (dezesseis) vagas:<\/strong><\/p>\n<p style=\"text-align: justify\">Controle de Gest\u00e3o: 05 (cinco) vagas;<\/p>\n<p style=\"text-align: justify\">Contabilidade e Finan\u00e7as: 11 (onze) vagas.\u00a0<\/p>\n<p style=\"text-align: justify\">Todas as informa\u00e7\u00f5es est\u00e3o dispon\u00edveis no respectivo<a class=\"internal-link\" href=\"https:\/\/www.ccsa.ufpb.br\/..\/processo-seletivo-2025-edital-publicado\/edital_processo_seletivo_2025_ppgcc_1.pdf\" target=\"_self\" title=\"\">\u00a0<\/a><a class=\"internal-link\" href=\"https:\/\/www.ccsa.ufpb.br\/ppgcc\/contents\/documentos\/processo-seletivo\/2025\/edital_processo_seletivo_2025_ppgcc_1.pdf\" target=\"_self\" title=\"\">Edital<\/a>.\u00a0<\/p>\n<p style=\"text-align: justify\"><strong>Obs: O candidato deve atentar para a documenta\u00e7\u00e3o exigida conforme Edital, caso note que cometeu algum equ\u00edvoco na inscri\u00e7\u00e3o, pode edit\u00e1-la no per\u00edodo de inscri\u00e7\u00f5es.<\/strong><\/p>\n<p>\u00a0<\/p>\n<\/div>\n<div class=\"newsview\">\n<\/div>\n","protected":false},"excerpt":{"rendered":"<p>A Coordena\u00e7\u00e3o do Programa de P\u00f3s-Gradua\u00e7\u00e3o em Ci\u00eancias Cont\u00e1beis (PPGCC) da Universidade Federal da Para\u00edba [&hellip;]<\/p>\n","protected":false},"author":567,"featured_media":585,"comment_status":"open","ping_status":"open","sticky":false,"template":"","format":"standard","meta":{"footnotes":""},"categories":[3],"tags":[],"class_list":["post-638","post","type-post","status-publish","format-standard","has-post-thumbnail","hentry","category-noticias"],"_links":{"self":[{"href":"https:\/\/www.ccsa.ufpb.br\/ppgcc\/wp-json\/wp\/v2\/posts\/638","targetHints":{"allow":["GET"]}}],"collection":[{"href":"https:\/\/www.ccsa.ufpb.br\/ppgcc\/wp-json\/wp\/v2\/posts"}],"about":[{"href":"https:\/\/www.ccsa.ufpb.br\/ppgcc\/wp-json\/wp\/v2\/types\/post"}],"author":[{"embeddable":true,"href":"https:\/\/www.ccsa.ufpb.br\/ppgcc\/wp-json\/wp\/v2\/users\/567"}],"replies":[{"embeddable":true,"href":"https:\/\/www.ccsa.ufpb.br\/ppgcc\/wp-json\/wp\/v2\/comments?post=638"}],"version-history":[{"count":0,"href":"https:\/\/www.ccsa.ufpb.br\/ppgcc\/wp-json\/wp\/v2\/posts\/638\/revisions"}],"wp:featuredmedia":[{"embeddable":true,"href":"https:\/\/www.ccsa.ufpb.br\/ppgcc\/wp-json\/wp\/v2\/media\/585"}],"wp:attachment":[{"href":"https:\/\/www.ccsa.ufpb.br\/ppgcc\/wp-json\/wp\/v2\/media?parent=638"}],"wp:term":[{"taxonomy":"category","embeddable":true,"href":"https:\/\/www.ccsa.ufpb.br\/ppgcc\/wp-json\/wp\/v2\/categories?post=638"},{"taxonomy":"post_tag","embeddable":true,"href":"https:\/\/www.ccsa.ufpb.br\/ppgcc\/wp-json\/wp\/v2\/tags?post=638"}],"curies":[{"name":"wp","href":"https:\/\/api.w.org\/{rel}","templated":true}]}}