{"id":649,"date":"2024-06-14T10:36:00","date_gmt":"2024-06-14T13:36:00","guid":{"rendered":"https:\/\/www.ccsa.ufpb.br\/ppgcc2\/sem-categoria\/processo-seletivo-2025-edital-publicado\/"},"modified":"2024-06-14T10:36:00","modified_gmt":"2024-06-14T13:36:00","slug":"processo-seletivo-2025-edital-publicado","status":"publish","type":"post","link":"https:\/\/www.ccsa.ufpb.br\/ppgcc\/noticias\/processo-seletivo-2025-edital-publicado\/","title":{"rendered":"Processo Seletivo 2025 &#8211; Edital publicado"},"content":{"rendered":"<div id=\"viewlet-above-content-title\"><\/div>\n<h2 class=\"nitfSubtitle\"><\/h2>\n<div class=\"documentDescription\"><\/div>\n<div id=\"viewlet-below-content-title\">\n<div class=\"horizontal\" id=\"viewlet-social-like\" style=\"display:none\">\n<div class=\"sociallike-network-facebook\">\n<!-- Facebook --><\/p>\n<div class=\"fb-like\" data-action=\"like\" data-layout=\"button_count\" data-send=\"false\" data-share=\"False\" data-show-faces=\"false\"><\/div>\n<\/div>\n<div class=\"sociallike-network-twitter\">\n<!-- Twitter -->\n<\/div>\n<div class=\"sociallike-network-gplus\">\n<!-- Google+ --><\/p>\n<div class=\"g-plus\" data-action=\"share\" data-annotation=\"bubble\" data-href=\"https:\/\/www.ccsa.ufpb.br\/ppgcc\/contents\/noticias\/processo-seletivo-2025-edital-publicado\">\n<\/div>\n<\/div>\n<\/div>\n<\/div>\n<div class=\"newsLeftPane\">\n<div class=\"newsImageContainer\">\n<a class=\"photo-icon-pt-br photo-icon\" href=\"https:\/\/www.ccsa.ufpb.br\/ppgcc\/contents\/noticias\/processo-seletivo-2025-edital-publicado\/\">Exibir carrossel de imagens<\/a><\/p>\n<ul class=\"carrossel-images\">\n<li>\n<\/li>\n<li>\n<\/li>\n<\/ul>\n<p><span id=\"lupa\"><\/span>\n<\/div>\n<\/div>\n<div>\n<p style=\"text-align: justify\"><img decoding=\"async\" alt=\"\" class=\"image-inline\" src=\"https:\/\/www.ccsa.ufpb.br\/ppgcc2\/wp-content\/uploads\/sites\/179\/sites\/332\/2026\/06\/1-9a9d1b4467.jpg\" title=\"\" \/><\/p>\n<p style=\"text-align: justify\">A Coordena\u00e7\u00e3o do Programa de P\u00f3s-Gradua\u00e7\u00e3o em Ci\u00eancias Cont\u00e1beis (PPGCC) da Universidade Federal da Para\u00edba (UFPB), no uso de suas atribui\u00e7\u00f5es, torna p\u00fablico o <a class=\"internal-link\" href=\"https:\/\/www.ccsa.ufpb.br\/ppgcc\/contents\/noticias\/processo-seletivo-2025-edital-publicado\/edital_processo_seletivo_2025_ppgcc_1.pdf\" target=\"_self\" title=\"\">presente edital<\/a> que regula as condi\u00e7\u00f5es de ingresso, por via de EXAME DE SELE\u00c7\u00c3O, no referido programa, ano letivo de 2025.<\/p>\n<p style=\"text-align: justify\">As inscri\u00e7\u00f5es ser\u00e3o realizadas exclusivamente pelo Sistema Integrado de Gest\u00e3o Acad\u00eamica(SIGAA), no per\u00edodo de<strong> 12 de agosto de 2024 at\u00e9 as 23h59 do dia 28 de agosto de 2024<\/strong>, no endere\u00e7o eletr\u00f4nico: <a class=\"external-link\" href=\"https:\/\/sigaa.ufpb.br\" target=\"_self\" title=\"\">https:\/\/sigaa.ufpb.br<\/a> (selecionar: Processos Seletivos &gt; Processos Seletivos \u2013 Stricto Sensu).<\/p>\n<p style=\"text-align: justify\">Neste processo seletivo, as vagas ser\u00e3o distribu\u00eddas entre os cursos de Mestrado e Doutorado Acad\u00eamicos e as duas Linhas de Pesquisa do PPGCC, nos termos da Resolu\u00e7\u00e3o N\u00ba 22\/2022\/CONSEPE que regulamenta o Programa, da seguinte forma:<\/p>\n<p style=\"text-align: justify\"><strong>Para o curso de Mestrado, 20 (vinte) vagas:<\/strong><\/p>\n<p style=\"text-align: justify\">Controle de Gest\u00e3o: 06 (seis) vagas;<\/p>\n<p style=\"text-align: justify\">Contabilidade e Finan\u00e7as: 14 (quatorze) vagas.<\/p>\n<p style=\"text-align: justify\"><strong>Para o curso de Doutorado, 16 (dezesseis) vagas: <\/strong><\/p>\n<p style=\"text-align: justify\">Controle de Gest\u00e3o: 05 (cinco) vagas;<\/p>\n<p style=\"text-align: justify\">Contabilidade e Finan\u00e7as: 11 (onze) vagas.\u00a0<\/p>\n<p style=\"text-align: justify\">Todas as informa\u00e7\u00f5es est\u00e3o dispon\u00edveis no respectivo<a class=\"internal-link\" href=\"https:\/\/www.ccsa.ufpb.br\/ppgcc\/contents\/noticias\/processo-seletivo-2025-edital-publicado\/edital_processo_seletivo_2025_ppgcc_1.pdf\" target=\"_self\" title=\"\"> Edital.\u00a0<\/a><\/p>\n<\/div>\n<div class=\"newsview\">\n<\/div>\n","protected":false},"excerpt":{"rendered":"<p>Exibir carrossel de imagens A Coordena\u00e7\u00e3o do Programa de P\u00f3s-Gradua\u00e7\u00e3o em Ci\u00eancias Cont\u00e1beis (PPGCC) da [&hellip;]<\/p>\n","protected":false},"author":567,"featured_media":648,"comment_status":"open","ping_status":"open","sticky":false,"template":"","format":"standard","meta":{"footnotes":""},"categories":[3],"tags":[],"class_list":["post-649","post","type-post","status-publish","format-standard","has-post-thumbnail","hentry","category-noticias"],"_links":{"self":[{"href":"https:\/\/www.ccsa.ufpb.br\/ppgcc\/wp-json\/wp\/v2\/posts\/649","targetHints":{"allow":["GET"]}}],"collection":[{"href":"https:\/\/www.ccsa.ufpb.br\/ppgcc\/wp-json\/wp\/v2\/posts"}],"about":[{"href":"https:\/\/www.ccsa.ufpb.br\/ppgcc\/wp-json\/wp\/v2\/types\/post"}],"author":[{"embeddable":true,"href":"https:\/\/www.ccsa.ufpb.br\/ppgcc\/wp-json\/wp\/v2\/users\/567"}],"replies":[{"embeddable":true,"href":"https:\/\/www.ccsa.ufpb.br\/ppgcc\/wp-json\/wp\/v2\/comments?post=649"}],"version-history":[{"count":0,"href":"https:\/\/www.ccsa.ufpb.br\/ppgcc\/wp-json\/wp\/v2\/posts\/649\/revisions"}],"wp:featuredmedia":[{"embeddable":true,"href":"https:\/\/www.ccsa.ufpb.br\/ppgcc\/wp-json\/wp\/v2\/media\/648"}],"wp:attachment":[{"href":"https:\/\/www.ccsa.ufpb.br\/ppgcc\/wp-json\/wp\/v2\/media?parent=649"}],"wp:term":[{"taxonomy":"category","embeddable":true,"href":"https:\/\/www.ccsa.ufpb.br\/ppgcc\/wp-json\/wp\/v2\/categories?post=649"},{"taxonomy":"post_tag","embeddable":true,"href":"https:\/\/www.ccsa.ufpb.br\/ppgcc\/wp-json\/wp\/v2\/tags?post=649"}],"curies":[{"name":"wp","href":"https:\/\/api.w.org\/{rel}","templated":true}]}}