{"id":675,"date":"2024-02-15T14:13:00","date_gmt":"2024-02-15T17:13:00","guid":{"rendered":"https:\/\/www.ccsa.ufpb.br\/ppgcc2\/sem-categoria\/chamada-para-alunos-especiais-2024-1\/"},"modified":"2024-02-15T14:13:00","modified_gmt":"2024-02-15T17:13:00","slug":"chamada-para-alunos-especiais-2024-1","status":"publish","type":"post","link":"https:\/\/www.ccsa.ufpb.br\/ppgcc\/noticias\/chamada-para-alunos-especiais-2024-1\/","title":{"rendered":"Chamada para Alunos Especiais 2024.1"},"content":{"rendered":"<p><img decoding=\"async\" src=\"https:\/\/www.ccsa.ufpb.br\/ppgcc2\/wp-content\/uploads\/sites\/179\/sites\/332\/2026\/06\/534b0810-8acf-4f5e-b2a2-6c2777ae897e-408bce9c44.jpeg\" alt=\"\"><\/p>\n<div id=\"viewlet-above-content-title\"><\/div>\n<h2 class=\"nitfSubtitle\"><\/h2>\n<div class=\"documentDescription\"><\/div>\n<div id=\"viewlet-below-content-title\">\n<div class=\"horizontal\" id=\"viewlet-social-like\" style=\"display:none\">\n<div class=\"sociallike-network-facebook\">\n<!-- Facebook --><\/p>\n<div class=\"fb-like\" data-action=\"like\" data-layout=\"button_count\" data-send=\"false\" data-share=\"False\" data-show-faces=\"false\"><\/div>\n<\/div>\n<div class=\"sociallike-network-twitter\">\n<!-- Twitter -->\n<\/div>\n<div class=\"sociallike-network-gplus\">\n<!-- Google+ --><\/p>\n<div class=\"g-plus\" data-action=\"share\" data-annotation=\"bubble\" data-href=\"https:\/\/www.ccsa.ufpb.br\/ppgcc\/contents\/noticias\/chamada-para-alunos-especiais-2024.1\">\n<\/div>\n<\/div>\n<\/div>\n<\/div>\n<div class=\"newsLeftPane\">\n<div class=\"newsImageContainer\">\n<ul class=\"carrossel-images\">\n<li>\n<\/li>\n<\/ul>\n<p><span id=\"lupa\"><\/span>\n<\/div>\n<\/div>\n<div>\n<p style=\"text-align: justify\">Pela presente chamada, a Coordena\u00e7\u00e3o do Programa de P\u00f3s-Gradua\u00e7\u00e3o em Ci\u00eancias Cont\u00e1beis (PPGCC) da Universidade Federal da Para\u00edba (UFPB) torna p\u00fablico o\u00a0processo seletivo simplificado\u00a0para alunos especiais em disciplinas ofertadas por este Programa no semestre de 2024.1.<\/p>\n<p style=\"text-align: justify\">As inscri\u00e7\u00f5es ser\u00e3o realizadas exclusivamente pelo Sistema Integrado de Gest\u00e3o Acad\u00eamica (SIGAA), compreendido entre \u00e0s<strong>\u00a000<span id=\"docs-internal-guid-1c81393d-7fff-aac9-17de-c315b2ba1c99\">h00 do dia 16 de fevereiro de 2024 at\u00e9 as 23h59 do dia 20 de fevereiro de 2024<\/span><\/strong>, no site\u00a0<a class=\"external-link\" href=\"https:\/\/sigaa.ufpb.br\/\" target=\"_blank\" title=\"\">https:\/\/sigaa.ufpb.br<\/a>\u00a0(em P\u00f3s-Gradua\u00e7\u00e3o -&gt; Stricto-Sensu -&gt;Processos Seletivos).<\/p>\n<p style=\"text-align: justify\">Os Alunos Especiais\u00a0<strong>n\u00e3o\u00a0ter\u00e3o v\u00ednculo forma<\/strong>l <strong>regular<\/strong> com o Programa de P\u00f3s-Gradua\u00e7\u00e3o em Ci\u00eancias Cont\u00e1beis da Universidade Federal da Para\u00edba, conforme artigo 40, do Regulamento Geral dos Programas de P\u00f3s- Gradua\u00e7\u00e3o Stricto Sensu da Universidade Federal da Para\u00edba- Resolu\u00e7\u00e3o no79\/2013-CONSEPE\/UFPB.<\/p>\n<p style=\"text-align: justify\">Ser\u00e1 permitida apenas a inscri\u00e7\u00e3o em 01 (uma) disciplina por cada candidato.<\/p>\n<p style=\"text-align: justify\">As inscri\u00e7\u00f5es s\u00e3o gratuitas.\u00a0<\/p>\n<p style=\"text-align: justify\">Edital (chamada) e inscri\u00e7\u00f5es dispon\u00edveis em:\u00a0<a class=\"external-link\" href=\"https:\/\/sigaa.ufpb.br\/sigaa\/public\/processo_seletivo\/lista.jsf?nivel=S&amp;amp;aba=p-stricto\" target=\"_self\" title=\"\">https:\/\/sigaa.ufpb.br\/sigaa\/public\/processo_seletivo\/lista.jsf?nivel=S&amp;aba=p-stricto<\/a><a class=\"external-link\" href=\"https:\/\/sigaa.ufpb.br\/sigaa\/public\/processo_seletivo\/lista.jsf?nivel=S&amp;amp;aba=p-stricto\" target=\"_blank\" title=\"\"><br \/><\/a><\/p>\n<\/div>\n<div class=\"newsview\">\n<\/div>\n","protected":false},"excerpt":{"rendered":"<p>Pela presente chamada, a Coordena\u00e7\u00e3o do Programa de P\u00f3s-Gradua\u00e7\u00e3o em Ci\u00eancias Cont\u00e1beis (PPGCC) da Universidade [&hellip;]<\/p>\n","protected":false},"author":567,"featured_media":674,"comment_status":"open","ping_status":"open","sticky":false,"template":"","format":"standard","meta":{"footnotes":""},"categories":[3],"tags":[],"class_list":["post-675","post","type-post","status-publish","format-standard","has-post-thumbnail","hentry","category-noticias"],"_links":{"self":[{"href":"https:\/\/www.ccsa.ufpb.br\/ppgcc\/wp-json\/wp\/v2\/posts\/675","targetHints":{"allow":["GET"]}}],"collection":[{"href":"https:\/\/www.ccsa.ufpb.br\/ppgcc\/wp-json\/wp\/v2\/posts"}],"about":[{"href":"https:\/\/www.ccsa.ufpb.br\/ppgcc\/wp-json\/wp\/v2\/types\/post"}],"author":[{"embeddable":true,"href":"https:\/\/www.ccsa.ufpb.br\/ppgcc\/wp-json\/wp\/v2\/users\/567"}],"replies":[{"embeddable":true,"href":"https:\/\/www.ccsa.ufpb.br\/ppgcc\/wp-json\/wp\/v2\/comments?post=675"}],"version-history":[{"count":0,"href":"https:\/\/www.ccsa.ufpb.br\/ppgcc\/wp-json\/wp\/v2\/posts\/675\/revisions"}],"wp:featuredmedia":[{"embeddable":true,"href":"https:\/\/www.ccsa.ufpb.br\/ppgcc\/wp-json\/wp\/v2\/media\/674"}],"wp:attachment":[{"href":"https:\/\/www.ccsa.ufpb.br\/ppgcc\/wp-json\/wp\/v2\/media?parent=675"}],"wp:term":[{"taxonomy":"category","embeddable":true,"href":"https:\/\/www.ccsa.ufpb.br\/ppgcc\/wp-json\/wp\/v2\/categories?post=675"},{"taxonomy":"post_tag","embeddable":true,"href":"https:\/\/www.ccsa.ufpb.br\/ppgcc\/wp-json\/wp\/v2\/tags?post=675"}],"curies":[{"name":"wp","href":"https:\/\/api.w.org\/{rel}","templated":true}]}}