{"id":690,"date":"2023-11-10T10:32:00","date_gmt":"2023-11-10T13:32:00","guid":{"rendered":"https:\/\/www.ccsa.ufpb.br\/ppgcc2\/sem-categoria\/roda-de-conversa-dialogando-sobre-a-pos-graduacao-area-27\/"},"modified":"2023-11-10T10:32:00","modified_gmt":"2023-11-10T13:32:00","slug":"roda-de-conversa-dialogando-sobre-a-pos-graduacao-area-27","status":"publish","type":"post","link":"https:\/\/www.ccsa.ufpb.br\/ppgcc\/noticias\/roda-de-conversa-dialogando-sobre-a-pos-graduacao-area-27\/","title":{"rendered":"Roda de Conversa: Dialogando sobre a P\u00f3s-Gradua\u00e7\u00e3o &#8211; \u00c1rea 27"},"content":{"rendered":"<p><img decoding=\"async\" src=\"https:\/\/www.ccsa.ufpb.br\/ppgcc2\/wp-content\/uploads\/sites\/179\/sites\/332\/2026\/06\/ecd8ef5f-9903-4838-9814-4a7520a2f95f-873554726d.jpeg\" alt=\"\"><\/p>\n<div id=\"viewlet-above-content-title\"><\/div>\n<h2 class=\"nitfSubtitle\"><\/h2>\n<div class=\"documentDescription\"><\/div>\n<div id=\"viewlet-below-content-title\">\n<div class=\"horizontal\" id=\"viewlet-social-like\" style=\"display:none\">\n<div class=\"sociallike-network-facebook\">\n<!-- Facebook --><\/p>\n<div class=\"fb-like\" data-action=\"like\" data-layout=\"button_count\" data-send=\"false\" data-share=\"False\" data-show-faces=\"false\"><\/div>\n<\/div>\n<div class=\"sociallike-network-twitter\">\n<!-- Twitter -->\n<\/div>\n<div class=\"sociallike-network-gplus\">\n<!-- Google+ --><\/p>\n<div class=\"g-plus\" data-action=\"share\" data-annotation=\"bubble\" data-href=\"https:\/\/www.ccsa.ufpb.br\/ppgcc\/contents\/noticias\/roda-de-conversa-dialogando-sobre-a-pos-graduacao-area-27\">\n<\/div>\n<\/div>\n<\/div>\n<\/div>\n<div class=\"newsLeftPane\">\n<div class=\"newsImageContainer\">\n<a class=\"photo-icon-pt-br photo-icon\" href=\"https:\/\/www.ccsa.ufpb.br\/ppgcc\/contents\/noticias\/roda-de-conversa-dialogando-sobre-a-pos-graduacao-area-27\/\">Exibir carrossel de imagens<\/a><\/p>\n<ul class=\"carrossel-images\">\n<li>\n<\/li>\n<li>\n<\/li>\n<\/ul>\n<p><span id=\"lupa\"><\/span>\n<\/div>\n<\/div>\n<div>\n<p style=\"text-align: justify\">O Programa de P\u00f3s-Gradua\u00e7\u00e3o em Ci\u00eancias Cont\u00e1beis (PPGCC), em parceria com o Programa de P\u00f3s-Gradua\u00e7\u00e3o em Administra\u00e7\u00e3o(PPGA), Programa de P\u00f3s-Gradua\u00e7\u00e3o em Gest\u00e3o P\u00fablica e Coopera\u00e7\u00e3o Internacional(PGPCI) e o\u00a0Programa de P\u00f3s-Gradua\u00e7\u00e3o em Gest\u00e3o nas Organiza\u00e7\u00f5es Aprendentes (PPGOA) ,\u00a0 realiza a &#8220;Roda de conversa : Dialogando sobre a P\u00f3s-Gradua\u00e7\u00e3o &#8211; \u00c1rea 27&#8221;, ministrada pelo Professor Doutor M\u00e1rcio Andr\u00e9 Veras Machado, docente permanente do PPGCC e Coordenador de \u00c1rea da Capes, onde ser\u00e3o debatidos os caminhos e desafios da \u00e1rea\u00a0 de Administra\u00e7\u00e3o P\u00fablica e de Empresas, Ci\u00eancias Cont\u00e1beis e Turismo.<\/p>\n<p>\u00a0<\/p>\n<p><a class=\"internal-link\" href=\"https:\/\/www.ccsa.ufpb.br\/ppgcc\/contents\/noticias\/roda-de-conversa-dialogando-sobre-a-pos-graduacao-area-27\/folder-dialogando-sobre-a-pos-graduacao.jpg\" target=\"_self\" title=\"\">Folder<\/a>\u00a0<\/p>\n<p><a class=\"internal-link\" href=\"https:\/\/www.ccsa.ufpb.br\/ppgcc\/contents\/noticias\/roda-de-conversa-dialogando-sobre-a-pos-graduacao-area-27\/programacao-roda-de-conversa.jpg\" target=\"_self\" title=\"\">Programa\u00e7\u00e3o<\/a><\/p>\n<\/div>\n<div class=\"newsview\">\n<\/div>\n","protected":false},"excerpt":{"rendered":"<p>Exibir carrossel de imagens O Programa de P\u00f3s-Gradua\u00e7\u00e3o em Ci\u00eancias Cont\u00e1beis (PPGCC), em parceria com [&hellip;]<\/p>\n","protected":false},"author":567,"featured_media":689,"comment_status":"open","ping_status":"open","sticky":false,"template":"","format":"standard","meta":{"footnotes":""},"categories":[3],"tags":[],"class_list":["post-690","post","type-post","status-publish","format-standard","has-post-thumbnail","hentry","category-noticias"],"_links":{"self":[{"href":"https:\/\/www.ccsa.ufpb.br\/ppgcc\/wp-json\/wp\/v2\/posts\/690","targetHints":{"allow":["GET"]}}],"collection":[{"href":"https:\/\/www.ccsa.ufpb.br\/ppgcc\/wp-json\/wp\/v2\/posts"}],"about":[{"href":"https:\/\/www.ccsa.ufpb.br\/ppgcc\/wp-json\/wp\/v2\/types\/post"}],"author":[{"embeddable":true,"href":"https:\/\/www.ccsa.ufpb.br\/ppgcc\/wp-json\/wp\/v2\/users\/567"}],"replies":[{"embeddable":true,"href":"https:\/\/www.ccsa.ufpb.br\/ppgcc\/wp-json\/wp\/v2\/comments?post=690"}],"version-history":[{"count":0,"href":"https:\/\/www.ccsa.ufpb.br\/ppgcc\/wp-json\/wp\/v2\/posts\/690\/revisions"}],"wp:featuredmedia":[{"embeddable":true,"href":"https:\/\/www.ccsa.ufpb.br\/ppgcc\/wp-json\/wp\/v2\/media\/689"}],"wp:attachment":[{"href":"https:\/\/www.ccsa.ufpb.br\/ppgcc\/wp-json\/wp\/v2\/media?parent=690"}],"wp:term":[{"taxonomy":"category","embeddable":true,"href":"https:\/\/www.ccsa.ufpb.br\/ppgcc\/wp-json\/wp\/v2\/categories?post=690"},{"taxonomy":"post_tag","embeddable":true,"href":"https:\/\/www.ccsa.ufpb.br\/ppgcc\/wp-json\/wp\/v2\/tags?post=690"}],"curies":[{"name":"wp","href":"https:\/\/api.w.org\/{rel}","templated":true}]}}