{"id":693,"date":"2023-10-09T18:54:00","date_gmt":"2023-10-09T21:54:00","guid":{"rendered":"https:\/\/www.ccsa.ufpb.br\/ppgcc2\/sem-categoria\/processo-seletivo-de-pos-doutorado-2023\/"},"modified":"2023-10-09T18:54:00","modified_gmt":"2023-10-09T21:54:00","slug":"processo-seletivo-de-pos-doutorado-2023","status":"publish","type":"post","link":"https:\/\/www.ccsa.ufpb.br\/ppgcc\/noticias\/processo-seletivo-de-pos-doutorado-2023\/","title":{"rendered":"Processo Seletivo de P\u00f3s-Doutorado 2023"},"content":{"rendered":"<div id=\"viewlet-above-content-title\"><\/div>\n<h2 class=\"nitfSubtitle\"><\/h2>\n<div class=\"documentDescription\"><\/div>\n<div id=\"viewlet-below-content-title\">\n<div class=\"horizontal\" id=\"viewlet-social-like\" style=\"display:none\">\n<div class=\"sociallike-network-facebook\">\n<!-- Facebook --><\/p>\n<div class=\"fb-like\" data-action=\"like\" data-layout=\"button_count\" data-send=\"false\" data-share=\"False\" data-show-faces=\"false\"><\/div>\n<\/div>\n<div class=\"sociallike-network-twitter\">\n<!-- Twitter -->\n<\/div>\n<div class=\"sociallike-network-gplus\">\n<!-- Google+ --><\/p>\n<div class=\"g-plus\" data-action=\"share\" data-annotation=\"bubble\" data-href=\"https:\/\/www.ccsa.ufpb.br\/ppgcc\/contents\/noticias\/processo-seletivo-de-pos-doutorado-2023\">\n<\/div>\n<\/div>\n<\/div>\n<\/div>\n<div class=\"newsLeftPane\">\n<\/div>\n<div>\n<p align=\"justify\">A Coordena\u00e7\u00e3o do Programa de P\u00f3s-Gradua\u00e7\u00e3o em Ci\u00eancias Cont\u00e1beis (PPGCC) da UFPB, no\u00a0uso\u00a0de\u00a0suas\u00a0atribui\u00e7\u00f5es,\u00a0informa\u00a0aos\u00a0interessados\u00a0que\u00a0est\u00e3o\u00a0abertas\u00a0as\u00a0inscri\u00e7\u00f5es, no per\u00edodo de 10 \u00a0a 11 de outubro de 2023,\u00a0para\u00a0o\u00a0\u00a0processo seletivo para concess\u00e3o de 1 (uma) bolsa de est\u00e1gio de P\u00f3s-Doutorado financiada\u00a0pela\u00a0Funda\u00e7\u00e3o de Apoio \u00e0\u00a0Pesquisa\u00a0do Estado\u00a0da\u00a0Para\u00edba\u00a0\u2013 FAPESQ.<\/p>\n<p align=\"justify\">Maiores Informa\u00e7\u00f5es no Edital 04\/2023 &#8211; PPGCC\/UFPB<\/p>\n<p align=\"justify\"><a class=\"internal-link\" href=\"https:\/\/www.ccsa.ufpb.br\/ppgcc\/contents\/noticias\/processo-seletivo-de-pos-doutorado-2023\/edital_pos-doutorado_2023-docx.pdf\" target=\"_self\" title=\"\">Edital<\/a><\/p>\n<\/div>\n<div class=\"newsview\">\n<\/div>\n","protected":false},"excerpt":{"rendered":"<p>A Coordena\u00e7\u00e3o do Programa de P\u00f3s-Gradua\u00e7\u00e3o em Ci\u00eancias Cont\u00e1beis (PPGCC) da UFPB, no\u00a0uso\u00a0de\u00a0suas\u00a0atribui\u00e7\u00f5es,\u00a0informa\u00a0aos\u00a0interessados\u00a0que\u00a0est\u00e3o\u00a0abertas\u00a0as\u00a0inscri\u00e7\u00f5es, no per\u00edodo [&hellip;]<\/p>\n","protected":false},"author":567,"featured_media":585,"comment_status":"open","ping_status":"open","sticky":false,"template":"","format":"standard","meta":{"footnotes":""},"categories":[3],"tags":[],"class_list":["post-693","post","type-post","status-publish","format-standard","has-post-thumbnail","hentry","category-noticias"],"_links":{"self":[{"href":"https:\/\/www.ccsa.ufpb.br\/ppgcc\/wp-json\/wp\/v2\/posts\/693","targetHints":{"allow":["GET"]}}],"collection":[{"href":"https:\/\/www.ccsa.ufpb.br\/ppgcc\/wp-json\/wp\/v2\/posts"}],"about":[{"href":"https:\/\/www.ccsa.ufpb.br\/ppgcc\/wp-json\/wp\/v2\/types\/post"}],"author":[{"embeddable":true,"href":"https:\/\/www.ccsa.ufpb.br\/ppgcc\/wp-json\/wp\/v2\/users\/567"}],"replies":[{"embeddable":true,"href":"https:\/\/www.ccsa.ufpb.br\/ppgcc\/wp-json\/wp\/v2\/comments?post=693"}],"version-history":[{"count":0,"href":"https:\/\/www.ccsa.ufpb.br\/ppgcc\/wp-json\/wp\/v2\/posts\/693\/revisions"}],"wp:featuredmedia":[{"embeddable":true,"href":"https:\/\/www.ccsa.ufpb.br\/ppgcc\/wp-json\/wp\/v2\/media\/585"}],"wp:attachment":[{"href":"https:\/\/www.ccsa.ufpb.br\/ppgcc\/wp-json\/wp\/v2\/media?parent=693"}],"wp:term":[{"taxonomy":"category","embeddable":true,"href":"https:\/\/www.ccsa.ufpb.br\/ppgcc\/wp-json\/wp\/v2\/categories?post=693"},{"taxonomy":"post_tag","embeddable":true,"href":"https:\/\/www.ccsa.ufpb.br\/ppgcc\/wp-json\/wp\/v2\/tags?post=693"}],"curies":[{"name":"wp","href":"https:\/\/api.w.org\/{rel}","templated":true}]}}