{"id":723,"date":"2023-03-02T09:32:00","date_gmt":"2023-03-02T12:32:00","guid":{"rendered":"https:\/\/www.ccsa.ufpb.br\/ppgcc2\/sem-categoria\/defesas-publicas-2023\/"},"modified":"2023-03-02T09:32:00","modified_gmt":"2023-03-02T12:32:00","slug":"defesas-publicas-2023","status":"publish","type":"post","link":"https:\/\/www.ccsa.ufpb.br\/ppgcc\/noticias\/defesas-publicas-2023\/","title":{"rendered":"Defesas P\u00fablicas 2023"},"content":{"rendered":"<div id=\"viewlet-above-content-title\"><\/div>\n<h2 class=\"nitfSubtitle\"><\/h2>\n<div class=\"documentDescription\"><\/div>\n<div id=\"viewlet-below-content-title\">\n<div class=\"horizontal\" id=\"viewlet-social-like\" style=\"display:none\">\n<div class=\"sociallike-network-facebook\">\n<!-- Facebook --><\/p>\n<div class=\"fb-like\" data-action=\"like\" data-layout=\"button_count\" data-send=\"false\" data-share=\"False\" data-show-faces=\"false\"><\/div>\n<\/div>\n<div class=\"sociallike-network-twitter\">\n<!-- Twitter -->\n<\/div>\n<div class=\"sociallike-network-gplus\">\n<!-- Google+ --><\/p>\n<div class=\"g-plus\" data-action=\"share\" data-annotation=\"bubble\" data-href=\"https:\/\/www.ccsa.ufpb.br\/ppgcc\/contents\/noticias\/defesas-publicas-2023\">\n<\/div>\n<\/div>\n<\/div>\n<\/div>\n<div class=\"newsLeftPane\">\n<\/div>\n<div>\n<p><span>O Programa de P\u00f3s-Gradua\u00e7\u00e3o em Ci\u00eancias Cont\u00e1beis divulga a lista de defesas p\u00fablicas\u00a0 que acontecer\u00e3o no no ano de 2023<\/span><\/p>\n<table class=\"plain\">\n<tbody>\n<tr>\n<td style=\"text-align: center\"><strong>Discente<\/strong><\/td>\n<td style=\"text-align: center\"><strong>Tipo de defesa<\/strong><\/td>\n<td style=\"text-align: center\"><strong>T\u00edtulo<\/strong><\/td>\n<td style=\"text-align: center\"><strong>Banca examinadora<\/strong><\/td>\n<td style=\"text-align: center\"><strong>Data<\/strong><\/td>\n<td style=\"text-align: center\"><strong>Hor\u00e1rio<\/strong><\/td>\n<td style=\"text-align: center\"><strong>Local\u00a0<\/strong><\/td>\n<td style=\"text-align: center\"><strong>Link para acesso<\/strong><\/td>\n<\/tr>\n<tr>\n<td style=\"text-align: center\"><span>Leandro Saraiva Dantas de Oliveira<\/span><\/td>\n<td style=\"text-align: center\">Tese<\/td>\n<td style=\"text-align: center\"><span>Efeito da execu\u00e7\u00e3o dos recursos vinculados na efici\u00eancia t\u00e9cnica municipal sob a \u00f3tica do federalismo fiscal <\/span><\/td>\n<td style=\"text-align: center\">\n<p><span>Prof. Dr. Josedilton Alves Diniz &#8211; Presidente<\/span><\/p>\n<p><span><span>Prof. Dr. Dimas Barr\u00eato de Queiroz &#8211; Membro Interno<\/span><\/span><\/p>\n<p><span><span><span>Profa Dra. Rossana Guerra de Sousa &#8211; Membro Interno<\/span><\/span><\/span><\/p>\n<p><span><span><span><span>Prof. Dr. Hilton Martins de Brito Ramalho &#8211;\u00a0 Membro Externo\u00a0 &#8211; UFPB<\/span><\/span><\/span><\/span><\/p>\n<p><span><span><span><span><span>Prof. Dr. Severino Ces\u00e1rio de Lima &#8211; Membro Externo &#8211;\u00a0 UFRN<\/span><\/span><\/span><\/span><\/span><\/p>\n<\/td>\n<td style=\"text-align: center\"><span>27\/03\/2023<\/span><\/td>\n<td style=\"text-align: center\"><span>14h30<\/span><\/td>\n<td><\/td>\n<td><span>\u00a0<\/span><a data-saferedirecturl=\"https:\/\/www.google.com\/url?q=https:\/\/meet.google.com\/zsw-khky-mgg&amp;source=gmail&amp;ust=1679601950126000&amp;usg=AOvVaw0IQzBNYpkjPmR0bqQqdQYq\" href=\"https:\/\/meet.google.com\/zsw-khky-mgg\" id=\"m_-5934781244092058664LPlnkOWALinkPreview\" target=\"_blank\">https:\/\/meet.google.com\/zsw-khky-mgg<\/a><\/td>\n<\/tr>\n<\/tbody>\n<\/table>\n<\/div>\n<div class=\"newsview\">\n<\/div>\n","protected":false},"excerpt":{"rendered":"<p>O Programa de P\u00f3s-Gradua\u00e7\u00e3o em Ci\u00eancias Cont\u00e1beis divulga a lista de defesas p\u00fablicas\u00a0 que acontecer\u00e3o [&hellip;]<\/p>\n","protected":false},"author":567,"featured_media":585,"comment_status":"open","ping_status":"open","sticky":false,"template":"","format":"standard","meta":{"footnotes":""},"categories":[3],"tags":[],"class_list":["post-723","post","type-post","status-publish","format-standard","has-post-thumbnail","hentry","category-noticias"],"_links":{"self":[{"href":"https:\/\/www.ccsa.ufpb.br\/ppgcc\/wp-json\/wp\/v2\/posts\/723","targetHints":{"allow":["GET"]}}],"collection":[{"href":"https:\/\/www.ccsa.ufpb.br\/ppgcc\/wp-json\/wp\/v2\/posts"}],"about":[{"href":"https:\/\/www.ccsa.ufpb.br\/ppgcc\/wp-json\/wp\/v2\/types\/post"}],"author":[{"embeddable":true,"href":"https:\/\/www.ccsa.ufpb.br\/ppgcc\/wp-json\/wp\/v2\/users\/567"}],"replies":[{"embeddable":true,"href":"https:\/\/www.ccsa.ufpb.br\/ppgcc\/wp-json\/wp\/v2\/comments?post=723"}],"version-history":[{"count":0,"href":"https:\/\/www.ccsa.ufpb.br\/ppgcc\/wp-json\/wp\/v2\/posts\/723\/revisions"}],"wp:featuredmedia":[{"embeddable":true,"href":"https:\/\/www.ccsa.ufpb.br\/ppgcc\/wp-json\/wp\/v2\/media\/585"}],"wp:attachment":[{"href":"https:\/\/www.ccsa.ufpb.br\/ppgcc\/wp-json\/wp\/v2\/media?parent=723"}],"wp:term":[{"taxonomy":"category","embeddable":true,"href":"https:\/\/www.ccsa.ufpb.br\/ppgcc\/wp-json\/wp\/v2\/categories?post=723"},{"taxonomy":"post_tag","embeddable":true,"href":"https:\/\/www.ccsa.ufpb.br\/ppgcc\/wp-json\/wp\/v2\/tags?post=723"}],"curies":[{"name":"wp","href":"https:\/\/api.w.org\/{rel}","templated":true}]}}