{"id":739,"date":"2022-08-02T14:00:00","date_gmt":"2022-08-02T17:00:00","guid":{"rendered":"https:\/\/www.ccsa.ufpb.br\/ppgcc2\/sem-categoria\/defesas-publicas-2022-2\/"},"modified":"2022-08-02T14:00:00","modified_gmt":"2022-08-02T17:00:00","slug":"defesas-publicas-2022-2","status":"publish","type":"post","link":"https:\/\/www.ccsa.ufpb.br\/ppgcc\/noticias\/defesas-publicas-2022-2\/","title":{"rendered":"Defesas p\u00fablicas &#8211; 2022.2"},"content":{"rendered":"<div id=\"viewlet-above-content-title\"><\/div>\n<h2 class=\"nitfSubtitle\"><\/h2>\n<div class=\"documentDescription\">Defesas de disserta\u00e7\u00e3o, tese e qualifica\u00e7\u00f5es p\u00fablicas do PPGCC no semestre 2022.2<\/div>\n<div id=\"viewlet-below-content-title\">\n<div class=\"horizontal\" id=\"viewlet-social-like\" style=\"display:none\">\n<div class=\"sociallike-network-facebook\">\n<!-- Facebook --><\/p>\n<div class=\"fb-like\" data-action=\"like\" data-layout=\"button_count\" data-send=\"false\" data-share=\"False\" data-show-faces=\"false\"><\/div>\n<\/div>\n<div class=\"sociallike-network-twitter\">\n<!-- Twitter -->\n<\/div>\n<div class=\"sociallike-network-gplus\">\n<!-- Google+ --><\/p>\n<div class=\"g-plus\" data-action=\"share\" data-annotation=\"bubble\" data-href=\"https:\/\/www.ccsa.ufpb.br\/ppgcc\/contents\/noticias\/defesas-publicas-2022.2\">\n<\/div>\n<\/div>\n<\/div>\n<\/div>\n<div class=\"newsLeftPane\">\n<\/div>\n<div>\n<p>O Programa de P\u00f3s-Gradua\u00e7\u00e3o em Ci\u00eancias Cont\u00e1beis divulga a lista de defesas p\u00fablicas\u00a0 do segundo semestre de 2022:\u00a0<\/p>\n<table class=\"plain\">\n<tbody>\n<tr>\n<td style=\"text-align: center\"><strong>Discente<\/strong><\/td>\n<td style=\"text-align: center\"><strong>Tipo de defesa<\/strong><\/td>\n<td style=\"text-align: center\"><strong>T\u00edtulo<\/strong><\/td>\n<td style=\"text-align: center\"><strong>Banca examinadora<\/strong><\/td>\n<td style=\"text-align: center\"><strong>Data<\/strong><\/td>\n<td style=\"text-align: center\"><strong>Hor\u00e1rio<\/strong><\/td>\n<td style=\"text-align: center\"><strong>Local\u00a0<\/strong><\/td>\n<td style=\"text-align: center\"><strong>Link para acesso<\/strong><\/td>\n<\/tr>\n<tr>\n<td style=\"text-align: center\"><span data-sheets-userformat=\"{&quot;2&quot;:12796,&quot;5&quot;:{&quot;1&quot;:[{&quot;1&quot;:2,&quot;2&quot;:0,&quot;5&quot;:{&quot;1&quot;:2,&quot;2&quot;:0}},{&quot;1&quot;:0,&quot;2&quot;:0,&quot;3&quot;:3},{&quot;1&quot;:1,&quot;2&quot;:0,&quot;4&quot;:1}]},&quot;6&quot;:{&quot;1&quot;:[{&quot;1&quot;:2,&quot;2&quot;:0,&quot;5&quot;:{&quot;1&quot;:2,&quot;2&quot;:0}},{&quot;1&quot;:0,&quot;2&quot;:0,&quot;3&quot;:3},{&quot;1&quot;:1,&quot;2&quot;:0,&quot;4&quot;:1}]},&quot;7&quot;:{&quot;1&quot;:[{&quot;1&quot;:2,&quot;2&quot;:0,&quot;5&quot;:{&quot;1&quot;:2,&quot;2&quot;:0}},{&quot;1&quot;:0,&quot;2&quot;:0,&quot;3&quot;:3},{&quot;1&quot;:1,&quot;2&quot;:0,&quot;4&quot;:1}]},&quot;8&quot;:{&quot;1&quot;:[{&quot;1&quot;:2,&quot;2&quot;:0,&quot;5&quot;:{&quot;1&quot;:2,&quot;2&quot;:0}},{&quot;1&quot;:0,&quot;2&quot;:0,&quot;3&quot;:3},{&quot;1&quot;:1,&quot;2&quot;:0,&quot;4&quot;:1}]},&quot;9&quot;:1,&quot;10&quot;:2,&quot;11&quot;:4,&quot;15&quot;:&quot;Times New Roman&quot;,&quot;16&quot;:11}\" data-sheets-value=\"{&quot;1&quot;:2,&quot;2&quot;:&quot;Sergio Gouveia Santos&quot;}\"><span>POLYANDRA ZAMPIERE PESSOA DA SILVA<\/span><\/span><\/td>\n<td style=\"text-align: center\">Tese<\/td>\n<td style=\"text-align: center\"><span>Incerteza, Flexibilidade Operacional e Decis\u00f5es Corporativas<\/span><\/td>\n<td style=\"text-align: center\">\n<p><span>Prof. Dr.\u00a0<\/span>MARCIO ANDRE VERAS MACHADO Presidente<\/p>\n<p><span>Prof. Dr.\u00a0<\/span>CASSIO DA NOBREGA BESARRIA\u00a0 \u00a0 UFPB\u00a0 \u00a0 &#8211; Externo ao Programa<\/p>\n<p><span>Prof. Dr.\u00a0<\/span>AURELIANO ANGEL BRESSAN\u00a0 UFMG &#8211; Externo \u00e0 Institui\u00e7\u00e3o<\/p>\n<p><span>Prof. Dr.\u00a0<\/span>EDUARDO KAZUO KAYO\u00a0 \u00a0 USP &#8211; Externo \u00e0 Institui\u00e7\u00e3o<\/p>\n<p><span>Prof. Dr.\u00a0<\/span>FERNANDO CAIO GALDI FUCAPE &#8211;\u00a0<span>Externo \u00e0 Institui\u00e7\u00e3o<\/span><\/p>\n<\/td>\n<td style=\"text-align: center\">16\/08\/22<\/td>\n<td style=\"text-align: center\">08:00<\/td>\n<td style=\"text-align: center\">\n<p>Online<\/p>\n<\/td>\n<td style=\"text-align: center\"><a class=\"external-link\" href=\"http:\/\/meet.google.com\/tjt-zxqr-grq\" target=\"_self\" title=\"\">http:\/\/meet.google.com\/tjt-zxqr-grq<\/a><\/td>\n<\/tr>\n<tr>\n<td style=\"text-align: center\"><span data-sheets-userformat=\"{&quot;2&quot;:12796,&quot;5&quot;:{&quot;1&quot;:[{&quot;1&quot;:2,&quot;2&quot;:0,&quot;5&quot;:{&quot;1&quot;:2,&quot;2&quot;:0}},{&quot;1&quot;:0,&quot;2&quot;:0,&quot;3&quot;:3},{&quot;1&quot;:1,&quot;2&quot;:0,&quot;4&quot;:1}]},&quot;6&quot;:{&quot;1&quot;:[{&quot;1&quot;:2,&quot;2&quot;:0,&quot;5&quot;:{&quot;1&quot;:2,&quot;2&quot;:0}},{&quot;1&quot;:0,&quot;2&quot;:0,&quot;3&quot;:3},{&quot;1&quot;:1,&quot;2&quot;:0,&quot;4&quot;:1}]},&quot;7&quot;:{&quot;1&quot;:[{&quot;1&quot;:2,&quot;2&quot;:0,&quot;5&quot;:{&quot;1&quot;:2,&quot;2&quot;:0}},{&quot;1&quot;:0,&quot;2&quot;:0,&quot;3&quot;:3},{&quot;1&quot;:1,&quot;2&quot;:0,&quot;4&quot;:1}]},&quot;8&quot;:{&quot;1&quot;:[{&quot;1&quot;:2,&quot;2&quot;:0,&quot;5&quot;:{&quot;1&quot;:2,&quot;2&quot;:0}},{&quot;1&quot;:0,&quot;2&quot;:0,&quot;3&quot;:3},{&quot;1&quot;:1,&quot;2&quot;:0,&quot;4&quot;:1}]},&quot;9&quot;:1,&quot;10&quot;:2,&quot;11&quot;:4,&quot;15&quot;:&quot;Times New Roman&quot;,&quot;16&quot;:11}\" data-sheets-value=\"{&quot;1&quot;:2,&quot;2&quot;:&quot;Sergio Gouveia Santos&quot;}\"><span><span><span>Caritsa Scartaty Moreira<\/span><\/span><\/span><\/span><\/td>\n<td style=\"text-align: center\">Qualifica\u00e7\u00e3o<\/td>\n<td style=\"text-align: center\"><span><span><span>OS EFEITOS DOS NUDGES NO GERENCIAMENTO DE RESULTADOS<\/span><\/span><\/span><\/td>\n<td style=\"text-align: center\">\n<p><span><span>Profa Dra. Rossana Guerra de Sousa &#8211; Presidente<\/span><\/span><\/p>\n<p><span><span><span>Profa. Dra.Viviane da Costa Freitag &#8211; Membro Interno\u00a0<\/span><\/span><\/span><\/p>\n<p>Prof. Dr. Wenner<br \/>Glaucio Lopes<br \/>Lucena &#8211; Membro Interno<\/p>\n<p><span><span><span><span>Prof. Dr. Andson Braga de Aguiar &#8211; USP<\/span><\/span><\/span><\/span><\/p>\n<p><span><span><span><span><span>Prof. Dr.Gerlando Augusto Sampaio Franco de Lima &#8211; Universidade de Illinois<\/span><\/span><\/span><\/span><\/span><\/p>\n<p>\u00a0<\/p>\n<\/td>\n<td style=\"text-align: center\">19\/08\/22<\/td>\n<td style=\"text-align: center\">14:00<\/td>\n<td style=\"text-align: center\">\n<p>Online<\/p>\n<\/td>\n<td style=\"text-align: center\"><a data-saferedirecturl=\"https:\/\/www.google.com\/url?q=http:\/\/meet.google.com\/csx-kxky-yni&amp;source=gmail&amp;ust=1660732108785000&amp;usg=AOvVaw0v6FkhVkkU4SNfz5RBtgaY\" href=\"http:\/\/meet.google.com\/csx-kxky-yni\" target=\"_blank\">meet.google.com\/csx-kxky-yni<\/a><\/td>\n<\/tr>\n<tr>\n<td style=\"text-align: center\"><span>Gilson Rodrigues da Silva<\/span><\/td>\n<td style=\"text-align: center\">Qualifica\u00e7\u00e3o<\/td>\n<td style=\"text-align: center\"><span>Posicionamento Estrat\u00e9gico, Informa\u00e7\u00f5es Cont\u00e1beis Gerenciais e seus efeitos na Ecoefici\u00eancia de Organiza\u00e7\u00f5es<\/span><\/td>\n<td style=\"text-align: center\">\n<p><span><span>Profa. Dra Renata Paes de Barros C\u00e2mara<\/span>\u00a0&#8211; Presidente<\/span><\/p>\n<p><span><span><span>Prof. Dr. Ant\u00f4nio Andr\u00e9 Cunha Callado<\/span>&#8211; Interno<\/span><\/span><\/p>\n<p><span>Profa. Dra. Maria Silene Alexandre Leite &#8211; UFPB<\/span><\/p>\n<p><span>Prof. Dr. M\u00e1rcio Sampaio Pimentel &#8211; UFRPE<\/span><\/p>\n<p><span>Prof. Dr. Jeronymo Jos\u00e9 Libonati &#8211; UFPE<\/span><\/p>\n<p>\u00a0<\/p>\n<p>\u00a0<\/p>\n<p>\u00a0<\/p>\n<\/td>\n<td style=\"text-align: center\">26\/08\/22<\/td>\n<td style=\"text-align: center\">9:00<\/td>\n<td style=\"text-align: center\">Online<\/td>\n<td style=\"text-align: center\"><a class=\"m_-4523569225478756897secondary-text m_-4523569225478756897underline-on-hover\" data-saferedirecturl=\"https:\/\/www.google.com\/url?q=https:\/\/meet.google.com\/whn-jakd-orj?hs%3D224&amp;source=gmail&amp;ust=1661260890231000&amp;usg=AOvVaw2368Rw3Dt-4LJgBYj5-4yp\" href=\"https:\/\/meet.google.com\/whn-jakd-orj?hs=224\" target=\"_blank\">meet.google.com\/whn-jakd-orj<\/a><\/td>\n<\/tr>\n<tr>\n<td style=\"text-align: center\"><span><span>JAQUELINE GOMES RODRIGUES DE ARA\u00daJO<\/span><\/span><\/td>\n<td style=\"text-align: center\">Qualifica\u00e7\u00e3o<\/td>\n<td style=\"text-align: center\"><span><span>GEST\u00c3O DE RISCOS, SISTEMAS DE CONTROLE GERENCIAL E SEUS REFLEXOS NO DESEMPENHO DAS UNIVERSIDADES FEDERAIS BRASILEIRAS<\/span><\/span><\/td>\n<td style=\"text-align: center\">\n<p><span><span>Prof. Dr. Aldo Leonardo Cunha Callado &#8211; Presidente<\/span><\/span><\/p>\n<p><span><span><span>Prof. Dr. Josedilton Alves Diniz &#8211; Interno<\/span><\/span><\/span><\/p>\n<p>\u00a0<\/p>\n<p><span>Profa Dra. Rossana Guerra de Sousa &#8211; Interno<\/span><\/p>\n<p><span><span>Prof. Dr. Abimael de Jesus Barros Costa &#8211; UnB<\/span><\/span><\/p>\n<p><span><span><span>Prof, Dr. Jeronymo Jos\u00e9 Libonati &#8211; UFPE<\/span><\/span><\/span><\/p>\n<p>\u00a0<\/p>\n<\/td>\n<td style=\"text-align: center\">29\/08\/22<\/td>\n<td style=\"text-align: center\">14:30<\/td>\n<td style=\"text-align: center\">Online<\/td>\n<td style=\"text-align: center\"><a class=\"external-link\" href=\"https:\/\/us02web.zoom.us\/j\/82749457292?pwd=VFNQcm56WnVHVTJXZjNGcThhZ0lhdz09\" target=\"_self\" title=\"\">https:\/\/us02web.zoom.us\/j\/82749457292?pwd=VFNQcm56WnVHVTJXZjNGcThhZ0lhdz09<\/a><\/td>\n<\/tr>\n<tr>\n<td style=\"text-align: center\"><span><span><span>C\u00edcera Edna da Silva<\/span><\/span><\/span><\/td>\n<td style=\"text-align: center\">Disserta\u00e7\u00e3o<\/td>\n<td style=\"text-align: center\"><span><span><span>OS EFEITOS DA PANDEMIA DA COVID-19 NA CAPACIDADE PREDITIVA DOS LUCROS DAS EMPRESAS: EVID\u00caNCIAS NO BRASIL<\/span><\/span><\/span><\/td>\n<td style=\"text-align: center\">\n<p><span><span><span>Prof\u00aa. Dra. M\u00e1rcia Reis Machado &#8211; Presidente<\/span><\/span><\/span><\/p>\n<p><span><span><span><span>Prof. Dr. Orleans Silva Martins &#8211; Interno<\/span><\/span><\/span><\/span><\/p>\n<p><span><span><span><span><span>Prof. Dr. Vin\u00edcius Gomes Martins &#8211; Externo &#8211; UFPE<\/span><\/span><\/span><\/span><\/span><\/p>\n<\/td>\n<td style=\"text-align: center\">30\/08\/2022<\/td>\n<td style=\"text-align: center\">10h<\/td>\n<td style=\"text-align: center\">Online<\/td>\n<td style=\"text-align: center\"><a data-saferedirecturl=\"https:\/\/www.google.com\/url?q=https:\/\/meet.google.com\/uxb-raum-kjo&amp;source=gmail&amp;ust=1661940278108000&amp;usg=AOvVaw3yhev5BNNLXd0cF3GX50SY\" href=\"https:\/\/meet.google.com\/uxb-raum-kjo\" target=\"_blank\">https:\/\/meet.google.com\/uxb-raum-kjo<\/a><\/td>\n<\/tr>\n<tr>\n<td style=\"text-align: center\"><span>MARCILENE PEREIRA DA SILVA<\/span><\/td>\n<td style=\"text-align: center\"><span>Disserta\u00e7\u00e3o<\/span><\/td>\n<td style=\"text-align: center\"><span>A influ\u00eancia dos fatores contingenciais nas pr\u00e1ticas de contabilidade gerencial baseadas nos PGCG em cooperativas agropecu\u00e1rias brasileiras<\/span><\/td>\n<td style=\"text-align: center\">\n<p>Prof\u00aa. Dra.\u00a0RENATA PAES DE BARROS CAMARA &#8211;\u00a0Presidente<\/p>\n<p>Prof. Dr .ALDO LEONARDO CUNHA CALLADO UFPB &#8211; Interno<\/p>\n<p>Prof\u00aa. Dra.MARIA SILENE ALEXANDRE LEITE UFPB &#8211; Externo ao programa<\/p>\n<\/td>\n<td style=\"text-align: center\">31\/08\/2022<\/td>\n<td style=\"text-align: center\">14h<\/td>\n<td style=\"text-align: center\">Online<\/td>\n<td style=\"text-align: center\"><a class=\"m_8815904606056774456secondary-text m_8815904606056774456underline-on-hover\" data-saferedirecturl=\"https:\/\/www.google.com\/url?q=https:\/\/meet.google.com\/xkv-cqwy-ntg?hs%3D224&amp;source=gmail&amp;ust=1661260974947000&amp;usg=AOvVaw0p53OR9L4rT-KAVb5QkSmZ\" href=\"https:\/\/meet.google.com\/xkv-cqwy-ntg?hs=224\" target=\"_blank\">meet.google.com\/xkv-cqwy-ntg<\/a><\/td>\n<\/tr>\n<tr>\n<td style=\"text-align: center\"><span><span>Raiza Gabriele Lima dos Santos<\/span><\/span><\/td>\n<td style=\"text-align: center\"><span>Disserta\u00e7\u00e3o<\/span><\/td>\n<td style=\"text-align: center\"><span><span>INFLU\u00caNCIA DA DIVERSIDADE DE SEXO NOS CONSELHOS DE ADMINISTRA\u00c7\u00c3O: Uma an\u00e1lise a partir do n\u00edvel de disclosure das empresas listadas na B3<\/span><\/span><\/td>\n<td style=\"text-align: center\">\n<p><span>Prof. Dr. Paulo Aguiar do Monte &#8211; Presidente<\/span><\/p>\n<p><span><span>Prof. Dr. Orleans Silva Martins &#8211; Interno<\/span><\/span><\/p>\n<p><span><span><span>Prof. Dr. Ant\u00f4nio Vin\u00edcius Barros Barbosa &#8211; Externo ao Programa &#8211; UFPB<\/span><\/span><\/span><\/p>\n<\/td>\n<td style=\"text-align: center\">12\/09\/02022<\/td>\n<td style=\"text-align: center\">10h<\/td>\n<td style=\"text-align: center\">Online<\/td>\n<td style=\"text-align: center\"><a class=\"m_-6909821815318535675secondary-text m_-6909821815318535675underline-on-hover\" data-saferedirecturl=\"https:\/\/www.google.com\/url?q=https:\/\/meet.google.com\/pff-tatc-yqe?hs%3D224&amp;source=gmail&amp;ust=1662546802912000&amp;usg=AOvVaw3lwWnzsITdl84ym_FhitMd\" href=\"https:\/\/meet.google.com\/pff-tatc-yqe?hs=224\" target=\"_blank\">meet.google.com\/pff-tatc-yqe<\/a><a class=\"m_8815904606056774456secondary-text m_8815904606056774456underline-on-hover\" data-saferedirecturl=\"https:\/\/www.google.com\/url?q=https:\/\/meet.google.com\/xkv-cqwy-ntg?hs%3D224&amp;source=gmail&amp;ust=1661260974947000&amp;usg=AOvVaw0p53OR9L4rT-KAVb5QkSmZ\" href=\"https:\/\/meet.google.com\/xkv-cqwy-ntg?hs=224\" target=\"_blank\"><\/a><\/td>\n<\/tr>\n<\/tbody>\n<\/table>\n<\/div>\n<div class=\"newsview\">\n<\/div>\n","protected":false},"excerpt":{"rendered":"<p>Defesas de disserta\u00e7\u00e3o, tese e qualifica\u00e7\u00f5es p\u00fablicas do PPGCC no semestre 2022.2 O Programa de [&hellip;]<\/p>\n","protected":false},"author":567,"featured_media":585,"comment_status":"open","ping_status":"open","sticky":false,"template":"","format":"standard","meta":{"footnotes":""},"categories":[3],"tags":[],"class_list":["post-739","post","type-post","status-publish","format-standard","has-post-thumbnail","hentry","category-noticias"],"_links":{"self":[{"href":"https:\/\/www.ccsa.ufpb.br\/ppgcc\/wp-json\/wp\/v2\/posts\/739","targetHints":{"allow":["GET"]}}],"collection":[{"href":"https:\/\/www.ccsa.ufpb.br\/ppgcc\/wp-json\/wp\/v2\/posts"}],"about":[{"href":"https:\/\/www.ccsa.ufpb.br\/ppgcc\/wp-json\/wp\/v2\/types\/post"}],"author":[{"embeddable":true,"href":"https:\/\/www.ccsa.ufpb.br\/ppgcc\/wp-json\/wp\/v2\/users\/567"}],"replies":[{"embeddable":true,"href":"https:\/\/www.ccsa.ufpb.br\/ppgcc\/wp-json\/wp\/v2\/comments?post=739"}],"version-history":[{"count":0,"href":"https:\/\/www.ccsa.ufpb.br\/ppgcc\/wp-json\/wp\/v2\/posts\/739\/revisions"}],"wp:featuredmedia":[{"embeddable":true,"href":"https:\/\/www.ccsa.ufpb.br\/ppgcc\/wp-json\/wp\/v2\/media\/585"}],"wp:attachment":[{"href":"https:\/\/www.ccsa.ufpb.br\/ppgcc\/wp-json\/wp\/v2\/media?parent=739"}],"wp:term":[{"taxonomy":"category","embeddable":true,"href":"https:\/\/www.ccsa.ufpb.br\/ppgcc\/wp-json\/wp\/v2\/categories?post=739"},{"taxonomy":"post_tag","embeddable":true,"href":"https:\/\/www.ccsa.ufpb.br\/ppgcc\/wp-json\/wp\/v2\/tags?post=739"}],"curies":[{"name":"wp","href":"https:\/\/api.w.org\/{rel}","templated":true}]}}