{"id":743,"date":"2022-07-06T15:54:00","date_gmt":"2022-07-06T18:54:00","guid":{"rendered":"https:\/\/www.ccsa.ufpb.br\/ppgcc2\/sem-categoria\/chamada-para-alunos-especiais-2022-2\/"},"modified":"2022-07-06T15:54:00","modified_gmt":"2022-07-06T18:54:00","slug":"chamada-para-alunos-especiais-2022-2","status":"publish","type":"post","link":"https:\/\/www.ccsa.ufpb.br\/ppgcc\/noticias\/chamada-para-alunos-especiais-2022-2\/","title":{"rendered":"Chamada para alunos especiais 2022.2"},"content":{"rendered":"<div id=\"viewlet-above-content-title\"><\/div>\n<h2 class=\"nitfSubtitle\"><\/h2>\n<div class=\"documentDescription\"><\/div>\n<div id=\"viewlet-below-content-title\">\n<div class=\"horizontal\" id=\"viewlet-social-like\" style=\"display:none\">\n<div class=\"sociallike-network-facebook\">\n<!-- Facebook --><\/p>\n<div class=\"fb-like\" data-action=\"like\" data-layout=\"button_count\" data-send=\"false\" data-share=\"False\" data-show-faces=\"false\"><\/div>\n<\/div>\n<div class=\"sociallike-network-twitter\">\n<!-- Twitter -->\n<\/div>\n<div class=\"sociallike-network-gplus\">\n<!-- Google+ --><\/p>\n<div class=\"g-plus\" data-action=\"share\" data-annotation=\"bubble\" data-href=\"https:\/\/www.ccsa.ufpb.br\/ppgcc\/contents\/noticias\/chamada-para-alunos-especiais-2022.2\">\n<\/div>\n<\/div>\n<\/div>\n<\/div>\n<div class=\"newsLeftPane\">\n<\/div>\n<div>\n<p dir=\"ltr\" style=\"text-align: justify\"><span>Est\u00e1 dispon\u00edvel o <\/span><span>EDITAL 01\/2022 &#8211; CHAMADA PARA ALUNO ESPECIAL &#8211; per\u00edodo 2022.2 <\/span><span>\u00a0do Programa de P\u00f3s-Gradua\u00e7\u00e3o em Ci\u00eancias Cont\u00e1beis &#8211; PPGCC\/UFPB. S\u00e3o ofertadas<\/span><span> 12 (doze) <\/span><span>vagas.<\/span><\/p>\n<p dir=\"ltr\" style=\"text-align: justify\"><span>As inscri\u00e7\u00f5es ser\u00e3o realizadas de <\/span><span>forma eletr\u00f4nica<\/span><span> <\/span><span>\u00a0entre \u00e0s 8h00 do dia 08 de julho de 2022 at\u00e9 as 23h59 do dia 12 de julho de 2022<\/span><span>, <\/span><span>exclusivamente<\/span><span> pelo SIGAA (<\/span><a href=\"https:\/\/sigaa.ufpb.br\/sigaa\/public\/home.jsf\"><span>https:\/\/sigaa.ufpb.br<\/span><\/a><span>) , na aba P\u00f3s-Gradua\u00e7\u00e3o &gt; Stricto-Sensu &gt; Processos Seletivos.\u00a0<\/span><\/p>\n<p dir=\"ltr\" style=\"text-align: justify\"><span>Os Alunos Especiais n\u00e3o ter\u00e3o v\u00ednculo formal regular com o Programa de P\u00f3s-Gradua\u00e7\u00e3o em Ci\u00eancias Cont\u00e1beis da Universidade Federal da Para\u00edba, conforme artigo 40, do Regulamento Geral dos Programas de P\u00f3s- Gradua\u00e7\u00e3o Stricto Sensu da Universidade Federal da Para\u00edba- Resolu\u00e7\u00e3o n\u00ba 79\/2013-CONSEPE\/UFPB.<\/span><\/p>\n<p dir=\"ltr\" style=\"text-align: justify\"><span>Ser\u00e1 permitida apenas a inscri\u00e7\u00e3o em 01 (uma) disciplina por cada candidato.<\/span><\/p>\n<p dir=\"ltr\" style=\"text-align: justify\">Mais informa\u00e7\u00f5es dispon\u00edveis no respectivo Edital e diretamente com a secretaria do PPGCC, atrav\u00e9s do e-mail: processoseletivoppgcc@gmail.com e do WhatsApp: +55 83 3216-7285.<\/p>\n<p dir=\"ltr\" style=\"text-align: justify\"><span>Clique abaixo\u00a0 para acessar o Edital:<\/span><\/p>\n<p style=\"text-align: justify\"><span id=\"docs-internal-guid-701f3a90-7fff-df3d-bc95-77492fcd41fe\"><a class=\"internal-link\" href=\"https:\/\/www.ccsa.ufpb.br\/ppgcc\/contents\/noticias\/chamada-para-alunos-especiais-2022.2\/chamada-para-aluno-especial-2022-2-1.pdf\" target=\"_self\" title=\"\"><span>CHAMADA PARA ALUNO ESPECIAL &#8211; per\u00edodo 2022.2<\/span><span>.<\/span><\/a><\/span><\/p>\n<\/div>\n<div class=\"newsview\">\n<\/div>\n","protected":false},"excerpt":{"rendered":"<p>Est\u00e1 dispon\u00edvel o EDITAL 01\/2022 &#8211; CHAMADA PARA ALUNO ESPECIAL &#8211; per\u00edodo 2022.2 \u00a0do Programa [&hellip;]<\/p>\n","protected":false},"author":567,"featured_media":585,"comment_status":"open","ping_status":"open","sticky":false,"template":"","format":"standard","meta":{"footnotes":""},"categories":[3],"tags":[],"class_list":["post-743","post","type-post","status-publish","format-standard","has-post-thumbnail","hentry","category-noticias"],"_links":{"self":[{"href":"https:\/\/www.ccsa.ufpb.br\/ppgcc\/wp-json\/wp\/v2\/posts\/743","targetHints":{"allow":["GET"]}}],"collection":[{"href":"https:\/\/www.ccsa.ufpb.br\/ppgcc\/wp-json\/wp\/v2\/posts"}],"about":[{"href":"https:\/\/www.ccsa.ufpb.br\/ppgcc\/wp-json\/wp\/v2\/types\/post"}],"author":[{"embeddable":true,"href":"https:\/\/www.ccsa.ufpb.br\/ppgcc\/wp-json\/wp\/v2\/users\/567"}],"replies":[{"embeddable":true,"href":"https:\/\/www.ccsa.ufpb.br\/ppgcc\/wp-json\/wp\/v2\/comments?post=743"}],"version-history":[{"count":0,"href":"https:\/\/www.ccsa.ufpb.br\/ppgcc\/wp-json\/wp\/v2\/posts\/743\/revisions"}],"wp:featuredmedia":[{"embeddable":true,"href":"https:\/\/www.ccsa.ufpb.br\/ppgcc\/wp-json\/wp\/v2\/media\/585"}],"wp:attachment":[{"href":"https:\/\/www.ccsa.ufpb.br\/ppgcc\/wp-json\/wp\/v2\/media?parent=743"}],"wp:term":[{"taxonomy":"category","embeddable":true,"href":"https:\/\/www.ccsa.ufpb.br\/ppgcc\/wp-json\/wp\/v2\/categories?post=743"},{"taxonomy":"post_tag","embeddable":true,"href":"https:\/\/www.ccsa.ufpb.br\/ppgcc\/wp-json\/wp\/v2\/tags?post=743"}],"curies":[{"name":"wp","href":"https:\/\/api.w.org\/{rel}","templated":true}]}}