{"id":758,"date":"2022-02-22T15:38:00","date_gmt":"2022-02-22T18:38:00","guid":{"rendered":"https:\/\/www.ccsa.ufpb.br\/ppgcc2\/sem-categoria\/divulgado-edital-do-premio-capes-de-tese-2022\/"},"modified":"2022-02-22T15:38:00","modified_gmt":"2022-02-22T18:38:00","slug":"divulgado-edital-do-premio-capes-de-tese-2022","status":"publish","type":"post","link":"https:\/\/www.ccsa.ufpb.br\/ppgcc\/noticias\/divulgado-edital-do-premio-capes-de-tese-2022\/","title":{"rendered":"Divulgado edital do Pr\u00eamio CAPES de Tese 2022"},"content":{"rendered":"<div id=\"viewlet-above-content-title\"><\/div>\n<h2 class=\"nitfSubtitle\"><\/h2>\n<div class=\"documentDescription\">A 17\u00aa edi\u00e7\u00e3o tem parceria com a Funda\u00e7\u00e3o Carlos Chagas e a Dimensions Sciences<\/div>\n<div id=\"viewlet-below-content-title\">\n<div class=\"horizontal\" id=\"viewlet-social-like\" style=\"display:none\">\n<div class=\"sociallike-network-facebook\">\n<!-- Facebook --><\/p>\n<div class=\"fb-like\" data-action=\"like\" data-layout=\"button_count\" data-send=\"false\" data-share=\"False\" data-show-faces=\"false\"><\/div>\n<\/div>\n<div class=\"sociallike-network-twitter\">\n<!-- Twitter -->\n<\/div>\n<div class=\"sociallike-network-gplus\">\n<!-- Google+ --><\/p>\n<div class=\"g-plus\" data-action=\"share\" data-annotation=\"bubble\" data-href=\"https:\/\/www.ccsa.ufpb.br\/ppgcc\/contents\/noticias\/divulgado-edital-do-premio-capes-de-tese-2022\">\n<\/div>\n<\/div>\n<\/div>\n<\/div>\n<div class=\"newsLeftPane\">\n<\/div>\n<div>\n<p style=\"text-align: justify\">A CAPES lan\u00e7ou a 17\u00aa edi\u00e7\u00e3o do\u00a0<a class=\"external-link\" data-tippreview-enabled=\"false\" data-tippreview-image=\"\" data-tippreview-title=\"\" href=\"https:\/\/www.gov.br\/capes\/pt-br\/assuntos\/premios\/premio-capes-de-tese-1\" target=\"_blank\" title=\"\">Pr\u00eamio CAPES de Tese<\/a>. O\u00a0<a class=\"external-link\" data-tippreview-enabled=\"false\" data-tippreview-image=\"\" data-tippreview-title=\"\" href=\"https:\/\/www.gov.br\/capes\/pt-br\/centrais-de-conteudo\/editais\/17022022_Edital_1636452_SEI_CAPES___1635608___Edital_11.2022.pdf\" target=\"_blank\" title=\"\">Edital n\u00ba 11\/2022<\/a>\u00a0foi publicado no Di\u00e1rio Oficial da Uni\u00e3o desta quinta-feira, 17. A sele\u00e7\u00e3o vai reconhecer os melhores trabalhos de conclus\u00e3o de doutorado, defendidos no Brasil em 2021. Um em cada \u00e1rea do conhecimento reconhecida pela Funda\u00e7\u00e3o.<\/p>\n<p style=\"text-align: justify\">At\u00e9 49 teses ser\u00e3o escolhidas na primeira etapa da sele\u00e7\u00e3o. Entre essas, tr\u00eas receber\u00e3o o Grande Pr\u00eamio CAPES de Tese, relacionado a cada grande \u00e1rea: Ci\u00eancias Biol\u00f3gicas, da Sa\u00fade e Agr\u00e1rias, Engenharias, Ci\u00eancias Exatas e da Terra e Multidisciplinar (Materiais e Biotecnologia), e Ci\u00eancias Humanas, Lingu\u00edstica, Letras e Artes e Ci\u00eancias Sociais Aplicadas.<\/p>\n<p style=\"text-align: justify\">Os programas de p\u00f3s-gradua\u00e7\u00e3o (PPG) far\u00e3o uma pr\u00e9-sele\u00e7\u00e3o, para eleger as teses que os representar\u00e3o no concurso. Os trabalhos precisam estar registrados na\u00a0<a href=\"https:\/\/sucupira.capes.gov.br\/sucupira\/\">Plataforma Sucupira<\/a>\u00a0da CAPES e terem sido defendidos no Brasil, em 2021, mesmo em casos de cotutela ou outras formas de dupla diploma\u00e7\u00e3o. As inscri\u00e7\u00f5es, aceitas a partir da pr\u00f3xima segunda-feira, 21, v\u00e3o at\u00e9 o dia 22 de abril, \u00e9 devem ser feitas pelo\u00a0<i>site<\/i>\u00a0<a href=\"https:\/\/pct.capes.gov.br\/\">https:\/\/pct.capes.gov.br<\/a>. O resultado do Pr\u00eamio tem divulga\u00e7\u00e3o prevista para agosto. \u00a0Os vencedores do Grande Pr\u00eamio ser\u00e3o conhecidos em dezembro.<\/p>\n<p style=\"text-align: justify\">FONTE:<a class=\"external-link\" href=\"https:\/\/www.gov.br\/capes\/pt-br\/assuntos\/noticias\/divulgado-edital-do-premio-capes-de-tese-2022\" target=\"_self\" title=\"\"> https:\/\/www.gov.br\/capes\/pt-br\/assuntos\/noticias\/divulgado-edital-do-premio-capes-de-tese-2022<\/a><\/p>\n<\/div>\n<div class=\"newsview\">\n<\/div>\n","protected":false},"excerpt":{"rendered":"<p>A 17\u00aa edi\u00e7\u00e3o tem parceria com a Funda\u00e7\u00e3o Carlos Chagas e a Dimensions Sciences A [&hellip;]<\/p>\n","protected":false},"author":567,"featured_media":585,"comment_status":"open","ping_status":"open","sticky":false,"template":"","format":"standard","meta":{"footnotes":""},"categories":[3],"tags":[],"class_list":["post-758","post","type-post","status-publish","format-standard","has-post-thumbnail","hentry","category-noticias"],"_links":{"self":[{"href":"https:\/\/www.ccsa.ufpb.br\/ppgcc\/wp-json\/wp\/v2\/posts\/758","targetHints":{"allow":["GET"]}}],"collection":[{"href":"https:\/\/www.ccsa.ufpb.br\/ppgcc\/wp-json\/wp\/v2\/posts"}],"about":[{"href":"https:\/\/www.ccsa.ufpb.br\/ppgcc\/wp-json\/wp\/v2\/types\/post"}],"author":[{"embeddable":true,"href":"https:\/\/www.ccsa.ufpb.br\/ppgcc\/wp-json\/wp\/v2\/users\/567"}],"replies":[{"embeddable":true,"href":"https:\/\/www.ccsa.ufpb.br\/ppgcc\/wp-json\/wp\/v2\/comments?post=758"}],"version-history":[{"count":0,"href":"https:\/\/www.ccsa.ufpb.br\/ppgcc\/wp-json\/wp\/v2\/posts\/758\/revisions"}],"wp:featuredmedia":[{"embeddable":true,"href":"https:\/\/www.ccsa.ufpb.br\/ppgcc\/wp-json\/wp\/v2\/media\/585"}],"wp:attachment":[{"href":"https:\/\/www.ccsa.ufpb.br\/ppgcc\/wp-json\/wp\/v2\/media?parent=758"}],"wp:term":[{"taxonomy":"category","embeddable":true,"href":"https:\/\/www.ccsa.ufpb.br\/ppgcc\/wp-json\/wp\/v2\/categories?post=758"},{"taxonomy":"post_tag","embeddable":true,"href":"https:\/\/www.ccsa.ufpb.br\/ppgcc\/wp-json\/wp\/v2\/tags?post=758"}],"curies":[{"name":"wp","href":"https:\/\/api.w.org\/{rel}","templated":true}]}}