{"id":774,"date":"2021-11-08T08:45:00","date_gmt":"2021-11-08T11:45:00","guid":{"rendered":"https:\/\/www.ccsa.ufpb.br\/ppgcc2\/sem-categoria\/defesas-de-dissertacoes-e-teses-de-dezembro-de-2021\/"},"modified":"2021-11-08T08:45:00","modified_gmt":"2021-11-08T11:45:00","slug":"defesas-de-dissertacoes-e-teses-de-dezembro-de-2021","status":"publish","type":"post","link":"https:\/\/www.ccsa.ufpb.br\/ppgcc\/noticias\/defesas-de-dissertacoes-e-teses-de-dezembro-de-2021\/","title":{"rendered":"Defesas: dezembro de 2021 a fevereiro de 2022"},"content":{"rendered":"<div id=\"viewlet-above-content-title\"><\/div>\n<h2 class=\"nitfSubtitle\"><\/h2>\n<div class=\"documentDescription\">Disserta\u00e7\u00f5es e Teses<\/div>\n<div id=\"viewlet-below-content-title\">\n<div class=\"horizontal\" id=\"viewlet-social-like\" style=\"display:none\">\n<div class=\"sociallike-network-facebook\">\n<!-- Facebook --><\/p>\n<div class=\"fb-like\" data-action=\"like\" data-layout=\"button_count\" data-send=\"false\" data-share=\"False\" data-show-faces=\"false\"><\/div>\n<\/div>\n<div class=\"sociallike-network-twitter\">\n<!-- Twitter -->\n<\/div>\n<div class=\"sociallike-network-gplus\">\n<!-- Google+ --><\/p>\n<div class=\"g-plus\" data-action=\"share\" data-annotation=\"bubble\" data-href=\"https:\/\/www.ccsa.ufpb.br\/ppgcc\/contents\/noticias\/defesas-de-dissertacoes-e-teses-de-dezembro-de-2021\">\n<\/div>\n<\/div>\n<\/div>\n<\/div>\n<div class=\"newsLeftPane\">\n<\/div>\n<div>\n<p style=\"text-align: justify\"><strong>O Programa de P\u00f3s-Gradua\u00e7\u00e3o em Ci\u00eancias Cont\u00e1beis torna p\u00fablica a lista defesas de disserta\u00e7\u00f5es e teses de dezembro de 2021\u00a0a fevereiro de 2022:<\/strong><\/p>\n<p>\u00a0<\/p>\n<table class=\"plain\">\n<tbody>\n<tr>\n<td style=\"text-align: center\">Discente<\/td>\n<td style=\"text-align: center\">Tipo de defesa<\/td>\n<td style=\"text-align: center\">T\u00edtulo<\/td>\n<td style=\"text-align: center\">Banca examinadora<\/td>\n<td style=\"text-align: center\">Data<\/td>\n<td style=\"text-align: center\">Hor\u00e1rio<\/td>\n<td style=\"text-align: center\">Local\u00a0<\/td>\n<\/tr>\n<tr>\n<td style=\"text-align: center\"><span><span><span><span>Eliane Cortez Braga<\/span><\/span><\/span><\/span><\/td>\n<td><span>Tese<\/span><\/td>\n<td>\n<p align=\"center\" style=\"text-align: center\"><span><span><span>A rela\u00e7\u00e3o entre os aspectos associados ao relacionamento entre empresas e a ado\u00e7\u00e3o do target costing<\/span><\/span><\/span><\/p>\n<\/td>\n<td>\n<p style=\"text-align: center\"><span><span><span>Prof. Dr. Ant\u00f4nio Andr\u00e9 Cunha Callado &#8211; Presidente<\/span><\/span><\/span><\/p>\n<p style=\"text-align: center\"><span><span><span><span>Prof. Dr. Paulo Amilton Maia Leite Filho &#8211; Membro Interno<\/span><\/span><\/span><\/span><\/p>\n<p style=\"text-align: center\"><span><span><span><span><span>Profa. Dra. Renata Paes de Barros C\u00e2mara &#8211; Membro Interno<\/span><\/span><\/span><\/span><\/span><\/p>\n<p style=\"text-align: center\"><span><span><span><span><span><span>Prof. Dr. Altair Borgert &#8211; Membro Externo &#8211; UFSC<\/span><\/span><\/span><\/span><\/span><\/span><\/p>\n<p style=\"text-align: center\"><span><span><span><span><span><span><span>Prof. Dr. Rodney Wernke &#8211; Membro Externo &#8211;\u00a0 UNISUL<\/span><\/span><\/span><\/span><\/span><\/span><\/span><\/p>\n<\/td>\n<td>02\/02\/2022<\/td>\n<td style=\"text-align: center\">9h<\/td>\n<td><a data-saferedirecturl=\"https:\/\/www.google.com\/url?q=https:\/\/meet.google.com\/iks-wzgc-obj&amp;source=gmail&amp;ust=1643463909363000&amp;usg=AOvVaw0poVNbmB9oFBns6QUG5zKa\" href=\"https:\/\/meet.google.com\/iks-wzgc-obj\" rel=\"noreferrer noopener\" target=\"_blank\">https:\/\/meet.google.com\/iks-wzgc-obj<\/a><\/td>\n<\/tr>\n<tr>\n<td style=\"text-align: center\"><span><span><span>Rodolfo Martins dos Santos <\/span><\/span><\/span><\/td>\n<td><span>Disserta\u00e7\u00e3o<\/span><\/td>\n<td>\n<p align=\"center\" style=\"text-align: center\"><span><span>CUSTOS OCULTOS ESTRUTURAIS: UM ESTUDO NA SECRETARIA DE SA\u00daDE DO MUNIC\u00cdPIO PARAIBANO DE SAP\u00c9<\/span><\/span><\/p>\n<\/td>\n<td>\n<p style=\"text-align: center\"><span><span>Prof. Dr. Ant\u00f4nio Andr\u00e9 Cunha Callado &#8211; Presidente<\/span><\/span><\/p>\n<p style=\"text-align: center\"><span><span><span>Prof. Dr. Wenner Glaucio Lucena &#8211; Membro Interno<\/span><\/span><\/span><\/p>\n<p style=\"text-align: center\"><span><span><span><span>Prof. Dr. Adilson Celestino de Liima &#8211; Membro externo &#8211; UFRPE<\/span><\/span><\/span><\/span><\/p>\n<\/td>\n<td>03\/02\/2022<\/td>\n<td style=\"text-align: center\">9h<\/td>\n<td><a data-saferedirecturl=\"https:\/\/www.google.com\/url?q=https:\/\/meet.google.com\/iks-wzgc-obj&amp;source=gmail&amp;ust=1643463909363000&amp;usg=AOvVaw0poVNbmB9oFBns6QUG5zKa\" href=\"https:\/\/meet.google.com\/iks-wzgc-obj\" rel=\"noreferrer noopener\" target=\"_blank\">https:\/\/meet.google.com\/iks-wzgc-obj<\/a><a data-saferedirecturl=\"https:\/\/www.google.com\/url?q=https:\/\/meet.google.com\/muz-qgsi-baf&amp;source=gmail&amp;ust=1638355134818000&amp;usg=AOvVaw19VfJPd3B3cwCjDh1XhZvB\" href=\"https:\/\/meet.google.com\/muz-qgsi-baf\" target=\"_blank\"><\/a><\/td>\n<\/tr>\n<tr>\n<td style=\"text-align: center\"><span><span><span>Thayn\u00e1 de Oliveira Fernandes<\/span><\/span><\/span><\/td>\n<td><span>Disserta\u00e7\u00e3o<\/span><\/td>\n<td>\n<p align=\"center\" style=\"text-align: center\"><span><span>GEST\u00c3O DE RISCOS E FATORES CONTINGENCIAIS: UM ESTUDO NA UNIVERSIDADE FEDERAL DA PARA\u00cdBA<\/span><\/span><\/p>\n<\/td>\n<td>\n<p style=\"text-align: center\"><span><span>Profa Dra. Renata Paes de Barros C\u00e2mara &#8211; Presidente<\/span><\/span><\/p>\n<p style=\"text-align: center\"><span><span><span>Prof. Dr. Dimas Barreto de Queiroz &#8211; Membro Interno<\/span><\/span><\/span><\/p>\n<p style=\"text-align: center\"><span>Prof. Dr. Ant\u00f4nio Firmino da Silva Neto &#8211; UFCG<\/span><\/p>\n<\/td>\n<td>08\/02\/2022<\/td>\n<td style=\"text-align: center\">14h<\/td>\n<td>https:\/\/meet.google.com\/nzb-yezr-aaz<br \/><a data-saferedirecturl=\"https:\/\/www.google.com\/url?q=https:\/\/meet.google.com\/muz-qgsi-baf&amp;source=gmail&amp;ust=1638355134818000&amp;usg=AOvVaw19VfJPd3B3cwCjDh1XhZvB\" href=\"https:\/\/meet.google.com\/muz-qgsi-baf\" target=\"_blank\"><\/a><\/td>\n<\/tr>\n<tr>\n<td style=\"text-align: center\"><span><span><span><span><span>Livia Maria Da Silva Santos<\/span><\/span><\/span><\/span><\/span><\/td>\n<td><span><span>Tese<\/span><\/span><\/td>\n<td>\n<p align=\"center\" style=\"text-align: center\"><span><span><span><span>Influ\u00eancia da discri\u00e7\u00e3o gerencial dos CEOS no desempenho social corporativo: uma an\u00e1lise nas empresas listadas na B3<\/span><\/span><\/span><\/span><\/p>\n<\/td>\n<td style=\"text-align: center\">\n<p>Professores Doutores:<\/p>\n<p>Wenner Glaucio Lopes Lucena (presidente)<\/p>\n<p>Aldo Leonardo Cunha Callado (membro interno)<\/p>\n<p>Darci Schnorrenberger\u00a0(membro externo)<\/p>\n<p>Kleber Domingos de Ara\u00fajo (membro externo)<\/p>\n<p>Luiz Carlos Marques dos Anjos (membro externo)<\/p>\n<\/td>\n<td><span>21\/02\/2022<\/span><\/td>\n<td style=\"text-align: center\"><span>14:00<\/span><\/td>\n<td><a data-saferedirecturl=\"https:\/\/www.google.com\/url?q=https:\/\/meet.google.com\/ucm-abpi-tow&amp;source=gmail&amp;ust=1645007260214000&amp;usg=AOvVaw3ts2ZFe0TliPLdbsHVV3yt\" href=\"https:\/\/meet.google.com\/ucm-abpi-tow\" target=\"_blank\">https:\/\/meet.google.com\/ucm-abpi-tow<\/a><\/td>\n<\/tr>\n<tr>\n<td style=\"text-align: center\"><span><span><span><span>Matheus de Farias Aires<\/span><\/span><\/span><\/span><\/td>\n<td><span>Disserta\u00e7\u00e3o<\/span><\/td>\n<td>\n<p align=\"center\" style=\"text-align: center\"><span><span><span>FATORES CONTINGENCIAIS E SISTEMAS DE CONTROLE GERENCIAL: UMA INVESTIGA\u00c7\u00c3O NOS SUPERMERCADOS PARAIBANOS<\/span><\/span><\/span><\/p>\n<\/td>\n<td>\n<p style=\"text-align: center\"><span><span><span>Prof. Dr. Aldo Leonardo Cunha Callado &#8211; Presidente<\/span><\/span><\/span><\/p>\n<p style=\"text-align: center\"><span><span><span><span>Prof. Dr. Wenner Glaucio Lopes Lucena &#8211; Membro Interno<\/span><\/span><\/span><\/span><\/p>\n<p style=\"text-align: center\"><span><span><span><span><span>Prof. Dr. Antonio Zanin &#8211; Membro Externo &#8211; UFMS<\/span><\/span><\/span><\/span><\/span><\/p>\n<\/td>\n<td>22\/02\/2022<\/td>\n<td style=\"text-align: center\">9h<\/td>\n<td>\n<div dir=\"ltr\">\n<div><span><\/span><\/div>\n<div><a data-saferedirecturl=\"https:\/\/www.google.com\/url?q=https:\/\/us02web.zoom.us\/j\/81435959908?pwd%3DU0NaRDhmbXorU0d0bkJ1MUpNc01TZz09&amp;source=gmail&amp;ust=1645094759816000&amp;usg=AOvVaw1gGaLf8VUeVEwkgQyf7nKm\" href=\"https:\/\/us02web.zoom.us\/j\/81435959908?pwd=U0NaRDhmbXorU0d0bkJ1MUpNc01TZz09\" rel=\"nofollow\" target=\"_blank\"><span>https:\/\/us02web.zoom.us\/j\/81435959908?pwd=U0NaRDhmbXorU0d0bkJ1MUpNc01TZz09<\/span><\/a><\/div>\n<div><span>\u00a0<\/span><\/div>\n<\/div>\n<div dir=\"ltr\"><span>ID da reuni\u00e3o: 814 3595 9908<br \/>Senha de acesso: 160596<\/span><\/div>\n<\/td>\n<\/tr>\n<tr>\n<td style=\"text-align: center\"><span>D\u00eaner Matheus da Silva Viana<\/span><span><span><span><\/span><\/span><\/span><\/td>\n<td><span>Disserta\u00e7\u00e3o<\/span><\/td>\n<td>\n<p align=\"center\" style=\"text-align: center\"><span>USO DO BIG, SAFE DIVIDENDS PARA A FORMA\u00c7\u00c3O DE CARTEIRAS DE A\u00c7\u00d5ES NO BRASIL: UMA AN\u00c1LISE SOB A \u00d3TICA DO DIVIDEND INVESTING<\/span><\/p>\n<\/td>\n<td>\n<p style=\"text-align: center\"><span>Prof. Dr. Lauro Vin\u00edcio de Almeida Lima &#8211; Presidente<\/span><\/p>\n<p style=\"text-align: center\"><span><span>Prof. Dr. Jos\u00e9 Elias Feres de Almeida &#8211; Membro Externo &#8211; UFES<\/span><\/span><\/p>\n<p style=\"text-align: center\"><span><span><span>Prof. Dr. Luiz Felipe de Ara\u00fajo Pontes Gir\u00e3o &#8211; Membro Externo &#8211;\u00a0 TC<\/span><\/span><\/span><\/p>\n<\/td>\n<td>22\/02\/2022<\/td>\n<td style=\"text-align: center\">16h<\/td>\n<td>Sala de Videoconfer\u00eancia do CCSA &#8211; UFPB<a data-saferedirecturl=\"https:\/\/www.google.com\/url?q=https:\/\/meet.google.com\/vjf-natk-bvh?hs%3D224&amp;source=gmail&amp;ust=1643369077585000&amp;usg=AOvVaw2i-M7PWD73im6EHjoH_YTy\" href=\"https:\/\/meet.google.com\/vjf-natk-bvh?hs=224\" target=\"_blank\"><\/a><\/td>\n<\/tr>\n<tr>\n<td style=\"text-align: center\"><span><span><span>Ronaldo Jos\u00e9 R\u00eago de Ara\u00fajo<\/span><\/span><\/span><\/td>\n<td>Tese<\/td>\n<td>\n<p align=\"center\" style=\"text-align: center\"><span><span>INCENTIVOS ELEITORAIS E O GERENCIAMENTO DE RESULTADOS OR\u00c7AMENT\u00c1RIOS POR MEIO DE RESTOS A PAGAR: UM ESTUDO EM MUNIC\u00cdPIOS BRASILEIROS<\/span><\/span><\/p>\n<\/td>\n<td>\n<p style=\"text-align: center\"><span><span>Prof. Dr. Edilson Paulo &#8211; Presidente<\/span><\/span><\/p>\n<p style=\"text-align: center\"><span><span><span>Prof. Dr. Josedilton Alves Diniz &#8211; Membro Interno<\/span><\/span><\/span><\/p>\n<p style=\"text-align: center\"><span><span><span><span>Profa. Dra. Claudia Ferreira da Cruz &#8211; Membro Externo &#8211; UFRJ<\/span><\/span><\/span><\/span><\/p>\n<p style=\"text-align: center\"><span><span><span><span><span>Prof. Dr. Andr\u00e9 Carlos Busanelli de Aquino &#8211; Membro Externo &#8211; USP<\/span><\/span><\/span><\/span><\/span><\/p>\n<p style=\"text-align: center\"><span><span><span><span><span><span>Prof. Dr. F\u00e1bio Moraes da Costa &#8211; FUCAPE &#8211; Membro Externo<\/span><\/span><\/span><\/span><\/span><\/span><\/p>\n<p style=\"text-align: center\">\u00a0<\/p>\n<\/td>\n<td>23\/02\/2022<\/td>\n<td style=\"text-align: center\">14h<\/td>\n<td><a data-saferedirecturl=\"https:\/\/www.google.com\/url?q=https:\/\/meet.google.com\/vjf-natk-bvh?hs%3D224&amp;source=gmail&amp;ust=1643369077585000&amp;usg=AOvVaw2i-M7PWD73im6EHjoH_YTy\" href=\"https:\/\/meet.google.com\/vjf-natk-bvh?hs=224\" target=\"_blank\">meet.google.com\/vjf-natk-bvh<\/a><a data-saferedirecturl=\"https:\/\/www.google.com\/url?q=https:\/\/meet.google.com\/muz-qgsi-baf&amp;source=gmail&amp;ust=1638355134818000&amp;usg=AOvVaw19VfJPd3B3cwCjDh1XhZvB\" href=\"https:\/\/meet.google.com\/muz-qgsi-baf\" target=\"_blank\"><\/a><\/td>\n<\/tr>\n<tr>\n<td style=\"text-align: center\"><span><span><span><span>Yara Magaly Albano Soares<\/span><\/span><\/span><\/span><\/td>\n<td><span>Tese<\/span><\/td>\n<td>\n<p align=\"center\" style=\"text-align: center\"><span><span><span>ECOEFICI\u00caNCIA E A INFORMA\u00c7\u00c3O CONT\u00c1BIL NA PERCEP\u00c7\u00c3O DOS<\/span><br \/><span>GESTORES: UM ESTUDO NAS MINERADORAS DO RIO GRANDE DO NORTE<\/span><\/span><\/span><\/p>\n<\/td>\n<td>\n<p>Profa. Dr\u00aa. Renata Paes de Barros C\u00e2mara \u2013\u00a0\u00a0Presidente\u00a0<\/p>\n<p>Prof. Dr. Ant\u00f4nio Andr\u00e9 Cunha Callado \u2013 Membro Interno\u00a0<\/p>\n<p>Prof\u00aa. Dr\u00aa. Ana L\u00facia de Ara\u00fajo Lima Coelho \u2013 Membro Externo PPGA\/UFPB<\/p>\n<p>Prof\u00aa. Dr\u00aa. Aneide Oliveira Ara\u00fajo \u2013 Membro Externo PPGCCont\/UFRN<\/p>\n<p>Prof. Dr.\u00a0Reinaldo Farias Paiva de Lucena &#8211;\u00a0Membro Externo\u00a0\u2013 UFMS<\/p>\n<\/td>\n<td><span>25\/02\/2022<\/span><\/td>\n<td style=\"text-align: center\">9h<\/td>\n<td><a data-saferedirecturl=\"https:\/\/www.google.com\/url?q=https:\/\/meet.google.com\/vjf-natk-bvh?hs%3D224&amp;source=gmail&amp;ust=1643369077585000&amp;usg=AOvVaw2i-M7PWD73im6EHjoH_YTy\" href=\"https:\/\/meet.google.com\/vjf-natk-bvh?hs=224\" target=\"_blank\"><\/a><\/td>\n<\/tr>\n<tr>\n<td style=\"text-align: center\"><span><span><span>Alex Ferreira Lopes<\/span><span><br \/><\/span><\/span><\/span><\/td>\n<td>Disserta\u00e7\u00e3o<\/td>\n<td>\n<p align=\"center\" style=\"text-align: center\"><span><span>O TOM DE DIVULGA\u00c7\u00c3O NARRATIVA SOB A \u00d3TICA DA TEORIA DO ALTO ESCAL\u00c3O: EVID\u00caNCIAS NO BRASIL<\/span><\/span><\/p>\n<\/td>\n<td>\n<p style=\"text-align: center\"><span><span>Prof. Dr. Wenner Glaucio Lopes Lucena &#8211; Presidente<\/span><\/span><\/p>\n<p style=\"text-align: center\"><span><span><span>Prof. Dr. Adilson de Lima Tavares &#8211; Membro Externo\u00a0 &#8211; UFRN<\/span><\/span><\/span><\/p>\n<p style=\"text-align: center\"><span><span><span><span>Prof. Dr. Anailson Marcio Gomes &#8211; Membro Externo -UFRN<\/span><\/span><\/span><\/span><\/p>\n<\/td>\n<td>25\/02\/2022<\/td>\n<td style=\"text-align: center\">9h<\/td>\n<td><a data-saferedirecturl=\"https:\/\/www.google.com\/url?q=https:\/\/meet.google.com\/ebk-ypbg-dow&amp;source=gmail&amp;ust=1645008750738000&amp;usg=AOvVaw2rys4vSr3Yg96gArWouJ0r\" href=\"https:\/\/meet.google.com\/ebk-ypbg-dow\" target=\"_blank\">https:\/\/meet.google.com\/ebk-ypbg-dow<\/a><a data-saferedirecturl=\"https:\/\/www.google.com\/url?q=https:\/\/meet.google.com\/muz-qgsi-baf&amp;source=gmail&amp;ust=1638355134818000&amp;usg=AOvVaw19VfJPd3B3cwCjDh1XhZvB\" href=\"https:\/\/meet.google.com\/muz-qgsi-baf\" target=\"_blank\"><\/a><\/td>\n<\/tr>\n<tr>\n<td style=\"text-align: center\"><span><span>Jo\u00e3o Paulo Machado Ribeiro<\/span><\/span><\/td>\n<td>Disserta\u00e7\u00e3o<\/td>\n<td>\n<p align=\"center\" style=\"text-align: center\"><span>ESTRAT\u00c9GIAS DE GERENCIAMENTO DE RESULTADOS E VALUE RELEVANCE NOS EST\u00c1GIOS DO CICLO DE VIDA DAS FIRMAS<\/span><\/p>\n<\/td>\n<td>\n<p style=\"text-align: center\"><span>Prof. Dr. Edilson Paulo &#8211; Presidente<\/span><\/p>\n<p style=\"text-align: center\"><span><span>Prof. Dr. Vin\u00edcius Gomes Martins &#8211; Membro Externo &#8211;\u00a0 UFPE<\/span><\/span><\/p>\n<p style=\"text-align: center\"><span><span><span>Prof. Dr. Cristian Ba\u00fa Dal Magro &#8211; Membro Externo &#8211;\u00a0 UNOCHAPEC\u00d3<\/span><\/span><\/span><\/p>\n<\/td>\n<td>09\/12\/2021<\/td>\n<td style=\"text-align: center\">8h<\/td>\n<td><a data-saferedirecturl=\"https:\/\/www.google.com\/url?q=https:\/\/meet.google.com\/muz-qgsi-baf&amp;source=gmail&amp;ust=1638355134818000&amp;usg=AOvVaw19VfJPd3B3cwCjDh1XhZvB\" href=\"https:\/\/meet.google.com\/muz-qgsi-baf\" target=\"_blank\">https:\/\/meet.google.com\/muz-qgsi-baf<\/a><\/td>\n<\/tr>\n<tr>\n<td style=\"text-align: center\"><span><span><span>Maria Auden\u00f4ra Rufino<\/span><\/span><\/span><\/td>\n<td style=\"text-align: center\">Tese<\/td>\n<td>\n<p align=\"center\" style=\"text-align: center\"><span>ALAVANCAGEM, PROPRIEDADE E EFICI\u00caNCIA DE CUSTOS COMO CONDICIONANTES DO PROCESSO DE CAPTURA REGULAT\u00d3RIA EM EMPRESAS MONOPOLISTAS DA ECONOMIA BRASILEIRA<\/span><\/p>\n<\/td>\n<td>\n<p style=\"text-align: center\"><span><span>Prof. Dr. Paulo Roberto N\u00f3brega Cavalcante &#8211; Presidente<\/span><\/span><\/p>\n<p style=\"text-align: center\"><span><span><span>Prof. Dr. Paulo Amilton Maia Leite Filho &#8211; Membro Interno<\/span><\/span><\/span><\/p>\n<p style=\"text-align: center\"><span><span><span><span>Prof. Dr. Orleans Silva Martins &#8211; Membro Externo TC<\/span><\/span><\/span><\/span><\/p>\n<p style=\"text-align: center\"><span><span><span><span><span>Prof. Dr. Gesinaldo Ata\u00edde C\u00e2ndido &#8211;\u00a0 Membro Externo &#8211; UFCG<\/span><\/span><\/span><\/span><\/span><\/p>\n<p style=\"text-align: center\"><span><span><span><span><span><span>Prof. PhD. Jorge Katsumi Niyama &#8211; Membro Externo\u00a0 UnB<\/span><\/span><\/span><\/span><\/span><\/span><\/p>\n<\/td>\n<td style=\"text-align: center\">15\/12\/2021<\/td>\n<td style=\"text-align: center\">9h<\/td>\n<td><a data-saferedirecturl=\"https:\/\/www.google.com\/url?q=https:\/\/meet.google.com\/kvc-fxnk-myt&amp;source=gmail&amp;ust=1639146510687000&amp;usg=AOvVaw1m3YcC5B5OvXMxPkNJw4BC\" href=\"https:\/\/meet.google.com\/kvc-fxnk-myt\" target=\"_blank\">https:\/\/meet.google.com\/kvc-fxnk-myt<\/a><\/td>\n<\/tr>\n<tr>\n<td style=\"text-align: center\"><span><span><span><span><span>Andr\u00e9 Sekunda Gallina<\/span><\/span><\/span><\/span><\/span><\/td>\n<td style=\"text-align: center\">Tese<\/td>\n<td>\n<p align=\"center\" style=\"text-align: center\"><span><span><span><span>A INFORMA\u00c7\u00c3O CONT\u00c1BIL EXPLICA O RISCO DE CR\u00c9DITO?<\/span><\/span><\/span><\/span><\/p>\n<\/td>\n<td>\n<p style=\"text-align: center\"><span><span><span><span>Prof. Dr. Edilson Paulo &#8211; Presidente<\/span><\/span><\/span><\/span><\/p>\n<p style=\"text-align: center\"><span><span><span><span><span>Prof. Dr. Paulo Amilton Maia Leite Filho &#8211;\u00a0 Membro Interno<\/span><\/span><\/span><\/span><\/span><\/p>\n<p style=\"text-align: center\"><span><span><span><span><span><span>Prof. Dr. Fernando Ant\u00f4nio de Barros J\u00fanior &#8211; Membro Externo &#8211;\u00a0 USP<\/span><\/span><\/span><\/span><\/span><\/span><\/p>\n<p style=\"text-align: center\"><span><span><span><span><span><span><span>Prof. Dr. Jos\u00e9 Alonso Borba &#8211; Membro Externo &#8211; UFSC<\/span><\/span><\/span><\/span><\/span><\/span><\/span><\/p>\n<p style=\"text-align: center\"><span><span><span><span><span><span><span><span>Prof. Dr. Wagner Moura Lamounier &#8211; Membro Externo &#8211;\u00a0 UFMG<\/span><\/span><\/span><\/span><\/span><\/span><\/span><\/span><\/p>\n<\/td>\n<td style=\"text-align: center\">15\/12\/2021<\/td>\n<td style=\"text-align: center\">13h<\/td>\n<td><a class=\"external-link\" href=\"http:\/\/meet.google.com\/tbh-bwkp-rgu\" target=\"_self\" title=\"\">http:\/\/meet.google.com\/tbh-bwkp-rgu<\/a><\/td>\n<\/tr>\n<tr>\n<td style=\"text-align: center\"><span><span><span><span><span>Inaj\u00e1 Allane Santos Garcia<\/span><\/span><\/span><\/span><\/span><\/td>\n<td style=\"text-align: center\">Tese<\/td>\n<td>\n<p align=\"center\" style=\"text-align: center\"><span><span><span><span>PERFORMANCE FINANCEIRA DAS FIRMAS LIDERADAS POR CEOS NARCISISTAS: UM ANTES E DEPOIS DA CADEIRA DO PODER<\/span><\/span><\/span><\/span><\/p>\n<\/td>\n<td>\n<p style=\"text-align: center\"><span><span><span><span>Prof. Dr. Wenner Glaucio Lopes Lucena &#8211; Presidente<\/span><\/span><\/span><\/span><\/p>\n<p style=\"text-align: center\"><span><span><span><span><span>Prof. Dra. Ducineli R\u00e9gis Botelho &#8211; Membro Externo &#8211; UnB<\/span><\/span><\/span><\/span><\/span><\/p>\n<p style=\"text-align: center\"><span><span><span><span><span>Prof. Dr. Gerlando Augusto Sampaio &#8211; Membro Externo &#8211; UIUC<\/span><\/span><\/span><\/span><\/span><\/p>\n<p style=\"text-align: center\"><span><span><span><span><span><span>Prof. Dra. M\u00e1rcia Martins Mendes de Luca &#8211; Membro Externo &#8211; UFCE<\/span><\/span><\/span><\/span><\/span><\/span><\/p>\n<p style=\"text-align: center\"><span><span><span><span><span><span>Prof. Dr. Wesley Vieira da Silva &#8211; Membro Externo &#8211; UFAL<\/span><\/span><\/span><\/span><\/span><\/span><\/p>\n<p style=\"text-align: center\">\u00a0<\/p>\n<\/td>\n<td style=\"text-align: center\">15\/12\/2021<\/td>\n<td style=\"text-align: center\">14h<\/td>\n<td><a data-saferedirecturl=\"https:\/\/www.google.com\/url?q=http:\/\/meet.google.com\/vyw-uxfi-hut&amp;source=gmail&amp;ust=1638872858691000&amp;usg=AOvVaw3I75lB2gcYpdNDgn2zLicF\" href=\"http:\/\/meet.google.com\/vyw-uxfi-hut\" target=\"_blank\">meet.google.com\/vyw-uxfi-hut<\/a><\/td>\n<\/tr>\n<tr>\n<td style=\"text-align: center\"><span><span><span><span>Sheila Alice Terto Gajadhar<\/span><\/span><\/span><\/span><\/td>\n<td style=\"text-align: center\">Disserta\u00e7\u00e3o<\/td>\n<td>\n<p align=\"center\" style=\"text-align: center\"><span><span><span>INSTITUCIONALIZA\u00c7\u00c3O DAS PR\u00c1TICAS DE CONTROLE INTERNO EM UMA UNIVERSIDADE P\u00daBLICA: UMA AN\u00c1LISE SOB O ENFOQUE DA TEORIA INSTITUCIONAL<\/span><\/span><\/span><\/p>\n<\/td>\n<td>\n<p style=\"text-align: center\"><span><span><span>Prof. Dr. Ant\u00f4nio Andr\u00e9 Cunha Callado &#8211; Presidente<\/span><\/span><\/span><\/p>\n<p style=\"text-align: center\"><span><span><span><span>Profa. Dra. Renata Paes de Barros C\u00e2mara &#8211; Membro Interno<\/span><\/span><\/span><\/span><\/p>\n<p style=\"text-align: center\"><span><span><span><span><span>Profa. Dra Carla Renata Silva Leit\u00e3o- UFRPE &#8211; Membro Externo &#8211; UFRPE<\/span><\/span><\/span><\/span><\/span><\/p>\n<\/td>\n<td style=\"text-align: center\">16\/12\/2021<\/td>\n<td style=\"text-align: center\">9h<\/td>\n<td><a class=\"external-link\" href=\"https:\/\/meet.google.com\/iks-wzgc-obj\" target=\"_self\" title=\"\">https:\/\/meet.google.com\/iks-wzgc-obj<\/a><\/td>\n<\/tr>\n<tr>\n<td style=\"text-align: center\"><span><span><span><span><span>Eliane Cortez Braga<\/span><\/span><\/span><\/span><\/span><\/td>\n<td style=\"text-align: center\">Tese<\/td>\n<td>\n<p align=\"center\" style=\"text-align: center\"><span><span><span><span>A rela\u00e7\u00e3o entre os aspectos associados ao relacionamento entre empresas e a ado\u00e7\u00e3o do target costing.<\/span><\/span><\/span><\/span><\/p>\n<\/td>\n<td>\n<p style=\"text-align: center\"><span><span><span><span>Prof. Dr. Ant\u00f4nio Andr\u00e9 Cunha Callado &#8211; Presidente<\/span><\/span><\/span><\/span><\/p>\n<p style=\"text-align: center\"><span><span><span><span><span>Profa. Dra. Renata Paes de Barros C\u00e2mara &#8211; Membro Interno<\/span><\/span><\/span><\/span><\/span><\/p>\n<p style=\"text-align: center\"><span><span><span><span><span><span>Prof. Dr. Paulo Amilton Maia Leite Filho\u00a0 &#8211; Membro Interno<\/span><\/span><\/span><\/span><\/span><\/span><\/p>\n<p style=\"text-align: center\"><span><span><span><span><span><span><span>Prof. Dr. Altair Borgert &#8211; Membro Externo &#8211; UFSC<\/span><\/span><\/span><\/span><\/span><\/span><\/span><\/p>\n<p style=\"text-align: center\"><span><span><span><span><span><span><span><span>Prof. Dr. Rodney Wernke &#8211; Membro Externo &#8211;\u00a0 UNISUL\u00a0<\/span><\/span><\/span><\/span><\/span><\/span><\/span><\/span><\/p>\n<\/td>\n<td style=\"text-align: center\">02\/02\/2022<\/td>\n<td style=\"text-align: center\"><\/td>\n<td><a class=\"external-link\" href=\"https:\/\/meet.google.com\/iks-wzgc-obj\" target=\"_self\" title=\"\"><\/a><\/td>\n<\/tr>\n<\/tbody>\n<\/table>\n<p><span><span>\u00a0<\/span><\/span><\/p>\n<\/div>\n<div class=\"newsview\">\n<\/div>\n","protected":false},"excerpt":{"rendered":"<p>Disserta\u00e7\u00f5es e Teses O Programa de P\u00f3s-Gradua\u00e7\u00e3o em Ci\u00eancias Cont\u00e1beis torna p\u00fablica a lista defesas [&hellip;]<\/p>\n","protected":false},"author":567,"featured_media":585,"comment_status":"open","ping_status":"open","sticky":false,"template":"","format":"standard","meta":{"footnotes":""},"categories":[3],"tags":[],"class_list":["post-774","post","type-post","status-publish","format-standard","has-post-thumbnail","hentry","category-noticias"],"_links":{"self":[{"href":"https:\/\/www.ccsa.ufpb.br\/ppgcc\/wp-json\/wp\/v2\/posts\/774","targetHints":{"allow":["GET"]}}],"collection":[{"href":"https:\/\/www.ccsa.ufpb.br\/ppgcc\/wp-json\/wp\/v2\/posts"}],"about":[{"href":"https:\/\/www.ccsa.ufpb.br\/ppgcc\/wp-json\/wp\/v2\/types\/post"}],"author":[{"embeddable":true,"href":"https:\/\/www.ccsa.ufpb.br\/ppgcc\/wp-json\/wp\/v2\/users\/567"}],"replies":[{"embeddable":true,"href":"https:\/\/www.ccsa.ufpb.br\/ppgcc\/wp-json\/wp\/v2\/comments?post=774"}],"version-history":[{"count":0,"href":"https:\/\/www.ccsa.ufpb.br\/ppgcc\/wp-json\/wp\/v2\/posts\/774\/revisions"}],"wp:featuredmedia":[{"embeddable":true,"href":"https:\/\/www.ccsa.ufpb.br\/ppgcc\/wp-json\/wp\/v2\/media\/585"}],"wp:attachment":[{"href":"https:\/\/www.ccsa.ufpb.br\/ppgcc\/wp-json\/wp\/v2\/media?parent=774"}],"wp:term":[{"taxonomy":"category","embeddable":true,"href":"https:\/\/www.ccsa.ufpb.br\/ppgcc\/wp-json\/wp\/v2\/categories?post=774"},{"taxonomy":"post_tag","embeddable":true,"href":"https:\/\/www.ccsa.ufpb.br\/ppgcc\/wp-json\/wp\/v2\/tags?post=774"}],"curies":[{"name":"wp","href":"https:\/\/api.w.org\/{rel}","templated":true}]}}