{"id":790,"date":"2021-07-21T09:39:00","date_gmt":"2021-07-21T12:39:00","guid":{"rendered":"https:\/\/www.ccsa.ufpb.br\/ppgcc2\/sem-categoria\/defesa-de-tese-2021\/"},"modified":"2021-07-21T09:39:00","modified_gmt":"2021-07-21T12:39:00","slug":"defesa-de-tese-2021","status":"publish","type":"post","link":"https:\/\/www.ccsa.ufpb.br\/ppgcc\/noticias\/defesa-de-tese-2021\/","title":{"rendered":"Defesa de  Tese 2021"},"content":{"rendered":"<div id=\"viewlet-above-content-title\"><\/div>\n<h2 class=\"nitfSubtitle\"><\/h2>\n<div class=\"documentDescription\"><\/div>\n<div id=\"viewlet-below-content-title\">\n<div class=\"horizontal\" id=\"viewlet-social-like\" style=\"display:none\">\n<div class=\"sociallike-network-facebook\">\n<!-- Facebook --><\/p>\n<div class=\"fb-like\" data-action=\"like\" data-layout=\"button_count\" data-send=\"false\" data-share=\"False\" data-show-faces=\"false\"><\/div>\n<\/div>\n<div class=\"sociallike-network-twitter\">\n<!-- Twitter -->\n<\/div>\n<div class=\"sociallike-network-gplus\">\n<!-- Google+ --><\/p>\n<div class=\"g-plus\" data-action=\"share\" data-annotation=\"bubble\" data-href=\"https:\/\/www.ccsa.ufpb.br\/ppgcc\/contents\/noticias\/defesa-de-tese-2021\">\n<\/div>\n<\/div>\n<\/div>\n<\/div>\n<div class=\"newsLeftPane\">\n<\/div>\n<div>\n<p>O Programa de P\u00f3s-Gradua\u00e7\u00e3o em Ci\u00eancias Cont\u00e1beis divulga informa\u00e7\u00f5es de defesa de tese do ano de 2021.<\/p>\n<table class=\"plain\">\n<tbody>\n<tr>\n<td style=\"text-align: center\">Discente<\/td>\n<td style=\"text-align: center\">T\u00edtulo da Tese<\/td>\n<td style=\"text-align: center\">Presidente<\/td>\n<td style=\"text-align: center\">Membro Interno<\/td>\n<td style=\"text-align: center\">Membro Interno<\/td>\n<td style=\"text-align: center\">Membro Externo<\/td>\n<td style=\"text-align: center\">Membro Externo<\/td>\n<td style=\"text-align: center\"><span>Membro Externo<\/span><\/td>\n<td style=\"text-align: center\"><span>Membro Externo<\/span><\/td>\n<td style=\"text-align: center\">Data<\/td>\n<td style=\"text-align: center\">Hor\u00e1rio<\/td>\n<td style=\"text-align: center\">Local<\/td>\n<td style=\"text-align: center\">Link de Acesso<\/td>\n<\/tr>\n<tr>\n<td style=\"text-align: center\"><span>Carlos Andr\u00e9 Marinho Vieira <\/span><\/td>\n<td style=\"text-align: center\"><span>Qualidade da auditoria e vieses do sentimento em auditores, empresas e investidores<\/span><\/td>\n<td style=\"text-align: center\"><span>Prof. Dr. M\u00e1rcio Andr\u00e9 Veras Machado<\/span><\/td>\n<td style=\"text-align: center\">x<\/td>\n<td style=\"text-align: center\">x<\/td>\n<td style=\"text-align: center\"><span>Profa. Dra. Cl\u00e1udia Emiko Yoshinaga &#8211; FGV\u00a0<\/span><\/td>\n<td style=\"text-align: center\"><span>Prof. Dr. C\u00e1ssio da N\u00f3brega Bessaria &#8211; UFPB<\/span><\/td>\n<td style=\"text-align: center\"><span>Prof. Dr. Odilanei Morais dos Santos &#8211; UFRJ<\/span><\/td>\n<td style=\"text-align: center\"><span>Prof. Dr. Vin\u00edcius Gomes Martins &#8211; UFPE<\/span><\/td>\n<td style=\"text-align: center\">27\/07\/2021<\/td>\n<td style=\"text-align: center\">9h<\/td>\n<td style=\"text-align: center\">Plataforma Digital<\/td>\n<td style=\"text-align: center\"><a data-saferedirecturl=\"https:\/\/www.google.com\/url?q=http:\/\/meet.google.com\/ufr-wqrx-dcm&amp;source=gmail&amp;ust=1626956511826000&amp;usg=AFQjCNFWHwuce3iSFF9q9jAB0dUix8nUKA\" href=\"http:\/\/meet.google.com\/ufr-wqrx-dcm\" target=\"_blank\">meet.google.com\/ufr-wqrx-dcm<\/a><\/td>\n<\/tr>\n<\/tbody>\n<\/table>\n<\/div>\n<div class=\"newsview\">\n<\/div>\n","protected":false},"excerpt":{"rendered":"<p>O Programa de P\u00f3s-Gradua\u00e7\u00e3o em Ci\u00eancias Cont\u00e1beis divulga informa\u00e7\u00f5es de defesa de tese do ano [&hellip;]<\/p>\n","protected":false},"author":567,"featured_media":585,"comment_status":"open","ping_status":"open","sticky":false,"template":"","format":"standard","meta":{"footnotes":""},"categories":[3],"tags":[],"class_list":["post-790","post","type-post","status-publish","format-standard","has-post-thumbnail","hentry","category-noticias"],"_links":{"self":[{"href":"https:\/\/www.ccsa.ufpb.br\/ppgcc\/wp-json\/wp\/v2\/posts\/790","targetHints":{"allow":["GET"]}}],"collection":[{"href":"https:\/\/www.ccsa.ufpb.br\/ppgcc\/wp-json\/wp\/v2\/posts"}],"about":[{"href":"https:\/\/www.ccsa.ufpb.br\/ppgcc\/wp-json\/wp\/v2\/types\/post"}],"author":[{"embeddable":true,"href":"https:\/\/www.ccsa.ufpb.br\/ppgcc\/wp-json\/wp\/v2\/users\/567"}],"replies":[{"embeddable":true,"href":"https:\/\/www.ccsa.ufpb.br\/ppgcc\/wp-json\/wp\/v2\/comments?post=790"}],"version-history":[{"count":0,"href":"https:\/\/www.ccsa.ufpb.br\/ppgcc\/wp-json\/wp\/v2\/posts\/790\/revisions"}],"wp:featuredmedia":[{"embeddable":true,"href":"https:\/\/www.ccsa.ufpb.br\/ppgcc\/wp-json\/wp\/v2\/media\/585"}],"wp:attachment":[{"href":"https:\/\/www.ccsa.ufpb.br\/ppgcc\/wp-json\/wp\/v2\/media?parent=790"}],"wp:term":[{"taxonomy":"category","embeddable":true,"href":"https:\/\/www.ccsa.ufpb.br\/ppgcc\/wp-json\/wp\/v2\/categories?post=790"},{"taxonomy":"post_tag","embeddable":true,"href":"https:\/\/www.ccsa.ufpb.br\/ppgcc\/wp-json\/wp\/v2\/tags?post=790"}],"curies":[{"name":"wp","href":"https:\/\/api.w.org\/{rel}","templated":true}]}}