{"id":792,"date":"2021-07-20T11:12:00","date_gmt":"2021-07-20T14:12:00","guid":{"rendered":"https:\/\/www.ccsa.ufpb.br\/ppgcc2\/sem-categoria\/calendario-de-aulas-2021-2\/"},"modified":"2021-07-20T11:12:00","modified_gmt":"2021-07-20T14:12:00","slug":"calendario-de-aulas-2021-2","status":"publish","type":"post","link":"https:\/\/www.ccsa.ufpb.br\/ppgcc\/noticias\/calendario-de-aulas-2021-2\/","title":{"rendered":"Calend\u00e1rio de Aulas 2021.2"},"content":{"rendered":"<div id=\"viewlet-above-content-title\"><\/div>\n<h2 class=\"nitfSubtitle\"><\/h2>\n<div class=\"documentDescription\"><\/div>\n<div id=\"viewlet-below-content-title\">\n<div class=\"horizontal\" id=\"viewlet-social-like\" style=\"display:none\">\n<div class=\"sociallike-network-facebook\">\n<!-- Facebook --><\/p>\n<div class=\"fb-like\" data-action=\"like\" data-layout=\"button_count\" data-send=\"false\" data-share=\"False\" data-show-faces=\"false\"><\/div>\n<\/div>\n<div class=\"sociallike-network-twitter\">\n<!-- Twitter -->\n<\/div>\n<div class=\"sociallike-network-gplus\">\n<!-- Google+ --><\/p>\n<div class=\"g-plus\" data-action=\"share\" data-annotation=\"bubble\" data-href=\"https:\/\/www.ccsa.ufpb.br\/ppgcc\/contents\/noticias\/calendario-de-aulas-2021.2\">\n<\/div>\n<\/div>\n<\/div>\n<\/div>\n<div class=\"newsLeftPane\">\n<\/div>\n<div>\n<p>O Programa de P\u00f3s-Gradua\u00e7\u00e3o em Ci\u00eancias Cont\u00e1beis\u00a0 divulga o calend\u00e1rio e o cronograma do per\u00edodo 2021.2:\u00a0<\/p>\n<p>As aulas ter\u00e3o in\u00edcio no dia 09 de agosto.<\/p>\n<p><a class=\"internal-link\" href=\"https:\/\/www.ccsa.ufpb.br\/ppgcc\/contents\/noticias\/calendario-de-aulas-2021.2\/resolveuid\/a52f71b3962343ec87cd313949c46ce5\" target=\"_self\" title=\"\">Cronograma de Aulas 2021.2<\/a><\/p>\n<p><a class=\"internal-link\" href=\"https:\/\/www.ccsa.ufpb.br\/ppgcc\/contents\/noticias\/calendario-de-aulas-2021.2\/resolveuid\/d60aa29ac92c431e81b659c2443a42d0\" target=\"_self\" title=\"\">Calend\u00e1rio de Aulas 2021.2<\/a><\/p>\n<\/div>\n<div class=\"newsview\">\n<\/div>\n","protected":false},"excerpt":{"rendered":"<p>O Programa de P\u00f3s-Gradua\u00e7\u00e3o em Ci\u00eancias Cont\u00e1beis\u00a0 divulga o calend\u00e1rio e o cronograma do per\u00edodo [&hellip;]<\/p>\n","protected":false},"author":567,"featured_media":585,"comment_status":"open","ping_status":"open","sticky":false,"template":"","format":"standard","meta":{"footnotes":""},"categories":[3],"tags":[],"class_list":["post-792","post","type-post","status-publish","format-standard","has-post-thumbnail","hentry","category-noticias"],"_links":{"self":[{"href":"https:\/\/www.ccsa.ufpb.br\/ppgcc\/wp-json\/wp\/v2\/posts\/792","targetHints":{"allow":["GET"]}}],"collection":[{"href":"https:\/\/www.ccsa.ufpb.br\/ppgcc\/wp-json\/wp\/v2\/posts"}],"about":[{"href":"https:\/\/www.ccsa.ufpb.br\/ppgcc\/wp-json\/wp\/v2\/types\/post"}],"author":[{"embeddable":true,"href":"https:\/\/www.ccsa.ufpb.br\/ppgcc\/wp-json\/wp\/v2\/users\/567"}],"replies":[{"embeddable":true,"href":"https:\/\/www.ccsa.ufpb.br\/ppgcc\/wp-json\/wp\/v2\/comments?post=792"}],"version-history":[{"count":0,"href":"https:\/\/www.ccsa.ufpb.br\/ppgcc\/wp-json\/wp\/v2\/posts\/792\/revisions"}],"wp:featuredmedia":[{"embeddable":true,"href":"https:\/\/www.ccsa.ufpb.br\/ppgcc\/wp-json\/wp\/v2\/media\/585"}],"wp:attachment":[{"href":"https:\/\/www.ccsa.ufpb.br\/ppgcc\/wp-json\/wp\/v2\/media?parent=792"}],"wp:term":[{"taxonomy":"category","embeddable":true,"href":"https:\/\/www.ccsa.ufpb.br\/ppgcc\/wp-json\/wp\/v2\/categories?post=792"},{"taxonomy":"post_tag","embeddable":true,"href":"https:\/\/www.ccsa.ufpb.br\/ppgcc\/wp-json\/wp\/v2\/tags?post=792"}],"curies":[{"name":"wp","href":"https:\/\/api.w.org\/{rel}","templated":true}]}}