{"id":806,"date":"2021-03-10T12:22:00","date_gmt":"2021-03-10T15:22:00","guid":{"rendered":"https:\/\/www.ccsa.ufpb.br\/ppgcc2\/sem-categoria\/processo-seletivo-2022-exigencia-teste-anpad\/"},"modified":"2021-03-10T12:22:00","modified_gmt":"2021-03-10T15:22:00","slug":"processo-seletivo-2022-exigencia-teste-anpad","status":"publish","type":"post","link":"https:\/\/www.ccsa.ufpb.br\/ppgcc\/noticias\/processo-seletivo-2022-exigencia-teste-anpad\/","title":{"rendered":"Processo Seletivo 2022 &#8211; exig\u00eancia Teste ANPAD"},"content":{"rendered":"<div id=\"viewlet-above-content-title\"><\/div>\n<h2 class=\"nitfSubtitle\"><\/h2>\n<div class=\"documentDescription\"><\/div>\n<div id=\"viewlet-below-content-title\">\n<div class=\"horizontal\" id=\"viewlet-social-like\" style=\"display:none\">\n<div class=\"sociallike-network-facebook\">\n<!-- Facebook --><\/p>\n<div class=\"fb-like\" data-action=\"like\" data-layout=\"button_count\" data-send=\"false\" data-share=\"False\" data-show-faces=\"false\"><\/div>\n<\/div>\n<div class=\"sociallike-network-twitter\">\n<!-- Twitter -->\n<\/div>\n<div class=\"sociallike-network-gplus\">\n<!-- Google+ --><\/p>\n<div class=\"g-plus\" data-action=\"share\" data-annotation=\"bubble\" data-href=\"https:\/\/www.ccsa.ufpb.br\/ppgcc\/contents\/noticias\/processo-seletivo-2022-exigencia-teste-anpad\">\n<\/div>\n<\/div>\n<\/div>\n<\/div>\n<div class=\"newsLeftPane\">\n<\/div>\n<div>\n<p style=\"text-align: justify\">A coordena\u00e7\u00e3o do PPGCC\/UFPB torna p\u00fablico aos interessados em cursar Mestrado e Doutorado que, no Processo Seletivo para 2022, ser\u00e1 exigido o Teste ANPAD \u2013 Orienta\u00e7\u00f5es Acad\u00eamicas.<\/p>\n<p style=\"text-align: justify\">Para maiores informa\u00e7\u00f5es, consultar o site: <a class=\"external-link\" href=\"https:\/\/testeanpad.org.br\/\" target=\"_self\" title=\"\">https:\/\/testeanpad.org.br\/<\/a><\/p>\n<p style=\"text-align: justify\">Pr\u00f3ximas Edi\u00e7\u00f5es do Teste Anpad:<br \/>&#8211; Edi\u00e7\u00e3o de Junho &#8211; Data de realiza\u00e7\u00e3o: 27\/06\/2021.<br \/>&#8211; Edi\u00e7\u00e3o de Setembro &#8211; Data de realiza\u00e7\u00e3o: 26\/09\/2021.<br \/>&#8211; Edi\u00e7\u00e3o de Novembro &#8211; Data de realiza\u00e7\u00e3o: 28\/11\/2021.<\/p>\n<\/div>\n<div class=\"newsview\">\n<\/div>\n","protected":false},"excerpt":{"rendered":"<p>A coordena\u00e7\u00e3o do PPGCC\/UFPB torna p\u00fablico aos interessados em cursar Mestrado e Doutorado que, no [&hellip;]<\/p>\n","protected":false},"author":567,"featured_media":585,"comment_status":"open","ping_status":"open","sticky":false,"template":"","format":"standard","meta":{"footnotes":""},"categories":[3],"tags":[],"class_list":["post-806","post","type-post","status-publish","format-standard","has-post-thumbnail","hentry","category-noticias"],"_links":{"self":[{"href":"https:\/\/www.ccsa.ufpb.br\/ppgcc\/wp-json\/wp\/v2\/posts\/806","targetHints":{"allow":["GET"]}}],"collection":[{"href":"https:\/\/www.ccsa.ufpb.br\/ppgcc\/wp-json\/wp\/v2\/posts"}],"about":[{"href":"https:\/\/www.ccsa.ufpb.br\/ppgcc\/wp-json\/wp\/v2\/types\/post"}],"author":[{"embeddable":true,"href":"https:\/\/www.ccsa.ufpb.br\/ppgcc\/wp-json\/wp\/v2\/users\/567"}],"replies":[{"embeddable":true,"href":"https:\/\/www.ccsa.ufpb.br\/ppgcc\/wp-json\/wp\/v2\/comments?post=806"}],"version-history":[{"count":0,"href":"https:\/\/www.ccsa.ufpb.br\/ppgcc\/wp-json\/wp\/v2\/posts\/806\/revisions"}],"wp:featuredmedia":[{"embeddable":true,"href":"https:\/\/www.ccsa.ufpb.br\/ppgcc\/wp-json\/wp\/v2\/media\/585"}],"wp:attachment":[{"href":"https:\/\/www.ccsa.ufpb.br\/ppgcc\/wp-json\/wp\/v2\/media?parent=806"}],"wp:term":[{"taxonomy":"category","embeddable":true,"href":"https:\/\/www.ccsa.ufpb.br\/ppgcc\/wp-json\/wp\/v2\/categories?post=806"},{"taxonomy":"post_tag","embeddable":true,"href":"https:\/\/www.ccsa.ufpb.br\/ppgcc\/wp-json\/wp\/v2\/tags?post=806"}],"curies":[{"name":"wp","href":"https:\/\/api.w.org\/{rel}","templated":true}]}}