{"id":835,"date":"2020-10-21T18:28:00","date_gmt":"2020-10-21T21:28:00","guid":{"rendered":"https:\/\/www.ccsa.ufpb.br\/ppgcc2\/sem-categoria\/nota-retificacao-de-datas-processo-seletivo-2021\/"},"modified":"2020-10-21T18:28:00","modified_gmt":"2020-10-21T21:28:00","slug":"nota-retificacao-de-datas-processo-seletivo-2021","status":"publish","type":"post","link":"https:\/\/www.ccsa.ufpb.br\/ppgcc\/noticias\/nota-retificacao-de-datas-processo-seletivo-2021\/","title":{"rendered":"NOTA &#8211; RETIFICA\u00c7\u00c3O DE DATAS &#8211; Processo seletivo 2021"},"content":{"rendered":"<div id=\"viewlet-above-content-title\"><\/div>\n<h2 class=\"nitfSubtitle\"><\/h2>\n<div class=\"documentDescription\"><\/div>\n<div id=\"viewlet-below-content-title\">\n<div class=\"horizontal\" id=\"viewlet-social-like\" style=\"display:none\">\n<div class=\"sociallike-network-facebook\">\n<!-- Facebook --><\/p>\n<div class=\"fb-like\" data-action=\"like\" data-layout=\"button_count\" data-send=\"false\" data-share=\"False\" data-show-faces=\"false\"><\/div>\n<\/div>\n<div class=\"sociallike-network-twitter\">\n<!-- Twitter -->\n<\/div>\n<div class=\"sociallike-network-gplus\">\n<!-- Google+ --><\/p>\n<div class=\"g-plus\" data-action=\"share\" data-annotation=\"bubble\" data-href=\"https:\/\/www.ccsa.ufpb.br\/ppgcc\/contents\/noticias\/nota-retificacao-de-datas-processo-seletivo-2021\">\n<\/div>\n<\/div>\n<\/div>\n<\/div>\n<div class=\"newsLeftPane\">\n<\/div>\n<div>\n<p style=\"text-align: center\"><strong>NOTA<\/strong><br \/><strong>RETIFICA\u00c7\u00c3O DE DATAS<\/strong><\/p>\n<p style=\"text-align: center\"><strong><\/strong><br \/>A comiss\u00e3o organizadora do Processo Seletivo PPGCC\/UFPB 2021 informa que, devido a problemas t\u00e9cnicos, os prazos divulgados no Item 10 do Edital n\u00ba 01\/2020 ser\u00e3o dilatados da seguinte forma:<\/p>\n<p style=\"text-align: justify\">Divulga\u00e7\u00e3o do resultado da an\u00e1lise curricular (Etapa 1): <strong>23\/10\/2020<\/strong><br \/>Prazo para solicita\u00e7\u00e3o de reconsidera\u00e7\u00e3o do resultado da an\u00e1lise curricular (Etapa 1): <strong>At\u00e9 26\/10\/2020<\/strong><br \/>Divulga\u00e7\u00e3o das respostas aos pedidos de reconsidera\u00e7\u00e3o da an\u00e1lise curricular (Etapa 1): <strong>30\/10\/2020<\/strong><br \/>Entrega do projeto de pesquisa: <strong>02\/11\/2020 a 03\/11\/2020<\/strong><br \/>para o e-mail: processoseletivoppgcc@gmail.com<\/p>\n<p style=\"text-align: justify\">Comiss\u00e3o de Sele\u00e7\u00e3o<br \/>Dimas Barr\u00eato Queiroz (presidente)<br \/>Aldo Leonardo Cunha Callado (membro)<br \/>M\u00e1rcia Reis Machado (membro)<\/p>\n<p style=\"text-align: justify\">\u00a0<\/p>\n<p style=\"text-align: justify\"><a class=\"internal-link\" href=\"https:\/\/www.ccsa.ufpb.br\/ppgcc\/contents\/noticias\/nota-retificacao-de-datas-processo-seletivo-2021\/nota-retificacao-de-datas-att.pdf\" target=\"_self\" title=\"\">Nota retifica\u00e7\u00e3o de datas<\/a><\/p>\n<\/div>\n<div class=\"newsview\">\n<\/div>\n","protected":false},"excerpt":{"rendered":"<p>NOTARETIFICA\u00c7\u00c3O DE DATAS A comiss\u00e3o organizadora do Processo Seletivo PPGCC\/UFPB 2021 informa que, devido a [&hellip;]<\/p>\n","protected":false},"author":567,"featured_media":585,"comment_status":"open","ping_status":"open","sticky":false,"template":"","format":"standard","meta":{"footnotes":""},"categories":[3],"tags":[],"class_list":["post-835","post","type-post","status-publish","format-standard","has-post-thumbnail","hentry","category-noticias"],"_links":{"self":[{"href":"https:\/\/www.ccsa.ufpb.br\/ppgcc\/wp-json\/wp\/v2\/posts\/835","targetHints":{"allow":["GET"]}}],"collection":[{"href":"https:\/\/www.ccsa.ufpb.br\/ppgcc\/wp-json\/wp\/v2\/posts"}],"about":[{"href":"https:\/\/www.ccsa.ufpb.br\/ppgcc\/wp-json\/wp\/v2\/types\/post"}],"author":[{"embeddable":true,"href":"https:\/\/www.ccsa.ufpb.br\/ppgcc\/wp-json\/wp\/v2\/users\/567"}],"replies":[{"embeddable":true,"href":"https:\/\/www.ccsa.ufpb.br\/ppgcc\/wp-json\/wp\/v2\/comments?post=835"}],"version-history":[{"count":0,"href":"https:\/\/www.ccsa.ufpb.br\/ppgcc\/wp-json\/wp\/v2\/posts\/835\/revisions"}],"wp:featuredmedia":[{"embeddable":true,"href":"https:\/\/www.ccsa.ufpb.br\/ppgcc\/wp-json\/wp\/v2\/media\/585"}],"wp:attachment":[{"href":"https:\/\/www.ccsa.ufpb.br\/ppgcc\/wp-json\/wp\/v2\/media?parent=835"}],"wp:term":[{"taxonomy":"category","embeddable":true,"href":"https:\/\/www.ccsa.ufpb.br\/ppgcc\/wp-json\/wp\/v2\/categories?post=835"},{"taxonomy":"post_tag","embeddable":true,"href":"https:\/\/www.ccsa.ufpb.br\/ppgcc\/wp-json\/wp\/v2\/tags?post=835"}],"curies":[{"name":"wp","href":"https:\/\/api.w.org\/{rel}","templated":true}]}}