{"id":845,"date":"2020-08-26T08:20:00","date_gmt":"2020-08-26T11:20:00","guid":{"rendered":"https:\/\/www.ccsa.ufpb.br\/ppgcc2\/sem-categoria\/defesa-de-dissertacao-3\/"},"modified":"2020-08-26T08:20:00","modified_gmt":"2020-08-26T11:20:00","slug":"defesa-de-dissertacao-3","status":"publish","type":"post","link":"https:\/\/www.ccsa.ufpb.br\/ppgcc\/noticias\/defesa-de-dissertacao-3\/","title":{"rendered":"Defesa de Disserta\u00e7\u00e3o"},"content":{"rendered":"<div id=\"viewlet-above-content-title\"><\/div>\n<h2 class=\"nitfSubtitle\"><\/h2>\n<div class=\"documentDescription\"><\/div>\n<div id=\"viewlet-below-content-title\">\n<div class=\"horizontal\" id=\"viewlet-social-like\" style=\"display:none\">\n<div class=\"sociallike-network-facebook\">\n<!-- Facebook --><\/p>\n<div class=\"fb-like\" data-action=\"like\" data-layout=\"button_count\" data-send=\"false\" data-share=\"False\" data-show-faces=\"false\"><\/div>\n<\/div>\n<div class=\"sociallike-network-twitter\">\n<!-- Twitter -->\n<\/div>\n<div class=\"sociallike-network-gplus\">\n<!-- Google+ --><\/p>\n<div class=\"g-plus\" data-action=\"share\" data-annotation=\"bubble\" data-href=\"https:\/\/www.ccsa.ufpb.br\/ppgcc\/contents\/noticias\/defesa-de-dissertacao-3\">\n<\/div>\n<\/div>\n<\/div>\n<\/div>\n<div class=\"newsLeftPane\">\n<\/div>\n<div>\n<p>Discente: Samylla Gabryella Sales Barbosa<\/p>\n<p>T\u00edtulo: A RELA\u00c7\u00c3O ENTRE O DESEMPENHO E A INFORMA\u00c7\u00c3O AMBIENTAL DE EMPRESAS\u00a0BRASILEIRAS PARTICIPANTES DA GRI SUSTAINABILITY DISCLOSURE DATABASE<\/p>\n<p>Banca Examinadora:<\/p>\n<p>Profa Dra. Renata Paes de Barros Camara \u2013 Presidente<\/p>\n<p>Prof. Dr. Ant\u00f4nio Andr\u00e9 Cunha Callado \u2013 Membro Interno<\/p>\n<p>Profa. Dra. Ana L\u00facia de Ara\u00fajo Lima Coelho \u2013 Membro Externo &#8211; UFPB<\/p>\n<p>Data: 26\/08\/2020<\/p>\n<p>Hora: 9h30min<\/p>\n<p>Informa\u00e7\u00f5es \u00a0para acesso:<\/p>\n<p>https:\/\/us02web.zoom.us\/j\/81010709779?pwd=ekNObkN4ZXRZT1pSN2JLM2t3RW5QZz09<\/p>\n<p>ID da reuni\u00e3o: 810 1070 9779<\/p>\n<p>Senha de acesso: sam2020<\/p>\n<\/div>\n<div class=\"newsview\">\n<\/div>\n","protected":false},"excerpt":{"rendered":"<p>Discente: Samylla Gabryella Sales Barbosa T\u00edtulo: A RELA\u00c7\u00c3O ENTRE O DESEMPENHO E A INFORMA\u00c7\u00c3O AMBIENTAL [&hellip;]<\/p>\n","protected":false},"author":567,"featured_media":585,"comment_status":"open","ping_status":"open","sticky":false,"template":"","format":"standard","meta":{"footnotes":""},"categories":[3],"tags":[],"class_list":["post-845","post","type-post","status-publish","format-standard","has-post-thumbnail","hentry","category-noticias"],"_links":{"self":[{"href":"https:\/\/www.ccsa.ufpb.br\/ppgcc\/wp-json\/wp\/v2\/posts\/845","targetHints":{"allow":["GET"]}}],"collection":[{"href":"https:\/\/www.ccsa.ufpb.br\/ppgcc\/wp-json\/wp\/v2\/posts"}],"about":[{"href":"https:\/\/www.ccsa.ufpb.br\/ppgcc\/wp-json\/wp\/v2\/types\/post"}],"author":[{"embeddable":true,"href":"https:\/\/www.ccsa.ufpb.br\/ppgcc\/wp-json\/wp\/v2\/users\/567"}],"replies":[{"embeddable":true,"href":"https:\/\/www.ccsa.ufpb.br\/ppgcc\/wp-json\/wp\/v2\/comments?post=845"}],"version-history":[{"count":0,"href":"https:\/\/www.ccsa.ufpb.br\/ppgcc\/wp-json\/wp\/v2\/posts\/845\/revisions"}],"wp:featuredmedia":[{"embeddable":true,"href":"https:\/\/www.ccsa.ufpb.br\/ppgcc\/wp-json\/wp\/v2\/media\/585"}],"wp:attachment":[{"href":"https:\/\/www.ccsa.ufpb.br\/ppgcc\/wp-json\/wp\/v2\/media?parent=845"}],"wp:term":[{"taxonomy":"category","embeddable":true,"href":"https:\/\/www.ccsa.ufpb.br\/ppgcc\/wp-json\/wp\/v2\/categories?post=845"},{"taxonomy":"post_tag","embeddable":true,"href":"https:\/\/www.ccsa.ufpb.br\/ppgcc\/wp-json\/wp\/v2\/tags?post=845"}],"curies":[{"name":"wp","href":"https:\/\/api.w.org\/{rel}","templated":true}]}}