{"id":854,"date":"2020-05-29T14:44:00","date_gmt":"2020-05-29T17:44:00","guid":{"rendered":"https:\/\/www.ccsa.ufpb.br\/ppgcc2\/sem-categoria\/defesa-de-dissertacao-29-05-2020\/"},"modified":"2020-05-29T14:44:00","modified_gmt":"2020-05-29T17:44:00","slug":"defesa-de-dissertacao-29-05-2020","status":"publish","type":"post","link":"https:\/\/www.ccsa.ufpb.br\/ppgcc\/noticias\/defesa-de-dissertacao-29-05-2020\/","title":{"rendered":"Defesa de disserta\u00e7\u00e3o 29\/05\/2020"},"content":{"rendered":"<div id=\"viewlet-above-content-title\"><\/div>\n<h2 class=\"nitfSubtitle\"><\/h2>\n<div class=\"documentDescription\">Discente \u00cdGOR FIGUEIR\u00caDO LEITE<\/div>\n<div id=\"viewlet-below-content-title\">\n<div class=\"horizontal\" id=\"viewlet-social-like\" style=\"display:none\">\n<div class=\"sociallike-network-facebook\">\n<!-- Facebook --><\/p>\n<div class=\"fb-like\" data-action=\"like\" data-layout=\"button_count\" data-send=\"false\" data-share=\"False\" data-show-faces=\"false\"><\/div>\n<\/div>\n<div class=\"sociallike-network-twitter\">\n<!-- Twitter -->\n<\/div>\n<div class=\"sociallike-network-gplus\">\n<!-- Google+ --><\/p>\n<div class=\"g-plus\" data-action=\"share\" data-annotation=\"bubble\" data-href=\"https:\/\/www.ccsa.ufpb.br\/ppgcc\/contents\/noticias\/defesa-de-dissertacao-29-05-2020\">\n<\/div>\n<\/div>\n<\/div>\n<\/div>\n<div class=\"newsLeftPane\">\n<\/div>\n<div>\n<p>\u00a0<span>A coordena\u00e7\u00e3o do PPGCC\/UFPB divulga a defesa de disserta\u00e7\u00e3o que acontecer\u00e1 nesta sexta-feira, dia 29\/05, do discente Igor Figueiredo Leite.<span><br \/><\/span><\/span><\/p>\n<table class=\"plain\">\n<tbody>\n<tr>\n<td><strong>Discente<\/strong><\/td>\n<td><strong>T\u00edtulo do projeto<\/strong><\/td>\n<td><strong>Data<\/strong><\/td>\n<td><strong>Hora<\/strong><\/td>\n<td><strong>Presidente<\/strong><\/td>\n<td><strong>Membro Interno<\/strong><\/td>\n<td><strong>Membro Externo<\/strong><\/td>\n<td><strong>Link para participa\u00e7\u00e3o<\/strong><\/td>\n<\/tr>\n<tr>\n<td><span>Igor Figueiredo Leite<\/span><\/td>\n<td>A INFLU\u00caNCIA DE INFORMA\u00c7\u00d5ES SOCIOAMBIENTAIS E DE GOVERNAN\u00c7A NA DECIS\u00c3O DO INVESTIDOR<\/td>\n<td>29\/05\/2020<\/td>\n<td>15h<\/td>\n<td>Profa. Dra. M\u00e1rcia Reis Machado<\/td>\n<td>Prof. Dr. Wenner Glaucio Lopes Lucena<\/td>\n<td>Prof. Dr. Adriano Leal Bruni<\/td>\n<td><a class=\"external-link\" href=\"https:\/\/meet.google.com\/ybe-jeot-fnq\" target=\"_self\" title=\"\">https:\/\/meet.google.com\/ybe-jeot-fnq<\/a><\/td>\n<\/tr>\n<\/tbody>\n<\/table>\n<\/div>\n<div class=\"newsview\">\n<\/div>\n","protected":false},"excerpt":{"rendered":"<p>Discente \u00cdGOR FIGUEIR\u00caDO LEITE \u00a0A coordena\u00e7\u00e3o do PPGCC\/UFPB divulga a defesa de disserta\u00e7\u00e3o que acontecer\u00e1 [&hellip;]<\/p>\n","protected":false},"author":567,"featured_media":585,"comment_status":"open","ping_status":"open","sticky":false,"template":"","format":"standard","meta":{"footnotes":""},"categories":[3],"tags":[],"class_list":["post-854","post","type-post","status-publish","format-standard","has-post-thumbnail","hentry","category-noticias"],"_links":{"self":[{"href":"https:\/\/www.ccsa.ufpb.br\/ppgcc\/wp-json\/wp\/v2\/posts\/854","targetHints":{"allow":["GET"]}}],"collection":[{"href":"https:\/\/www.ccsa.ufpb.br\/ppgcc\/wp-json\/wp\/v2\/posts"}],"about":[{"href":"https:\/\/www.ccsa.ufpb.br\/ppgcc\/wp-json\/wp\/v2\/types\/post"}],"author":[{"embeddable":true,"href":"https:\/\/www.ccsa.ufpb.br\/ppgcc\/wp-json\/wp\/v2\/users\/567"}],"replies":[{"embeddable":true,"href":"https:\/\/www.ccsa.ufpb.br\/ppgcc\/wp-json\/wp\/v2\/comments?post=854"}],"version-history":[{"count":0,"href":"https:\/\/www.ccsa.ufpb.br\/ppgcc\/wp-json\/wp\/v2\/posts\/854\/revisions"}],"wp:featuredmedia":[{"embeddable":true,"href":"https:\/\/www.ccsa.ufpb.br\/ppgcc\/wp-json\/wp\/v2\/media\/585"}],"wp:attachment":[{"href":"https:\/\/www.ccsa.ufpb.br\/ppgcc\/wp-json\/wp\/v2\/media?parent=854"}],"wp:term":[{"taxonomy":"category","embeddable":true,"href":"https:\/\/www.ccsa.ufpb.br\/ppgcc\/wp-json\/wp\/v2\/categories?post=854"},{"taxonomy":"post_tag","embeddable":true,"href":"https:\/\/www.ccsa.ufpb.br\/ppgcc\/wp-json\/wp\/v2\/tags?post=854"}],"curies":[{"name":"wp","href":"https:\/\/api.w.org\/{rel}","templated":true}]}}