{"id":856,"date":"2020-05-20T14:00:00","date_gmt":"2020-05-20T17:00:00","guid":{"rendered":"https:\/\/www.ccsa.ufpb.br\/ppgcc2\/sem-categoria\/premio-capes-de-teses-2020\/"},"modified":"2020-05-20T14:00:00","modified_gmt":"2020-05-20T17:00:00","slug":"premio-capes-de-teses-2020","status":"publish","type":"post","link":"https:\/\/www.ccsa.ufpb.br\/ppgcc\/noticias\/premio-capes-de-teses-2020\/","title":{"rendered":"Pr\u00eamio Capes de Teses 2020"},"content":{"rendered":"<div id=\"viewlet-above-content-title\"><\/div>\n<h2 class=\"nitfSubtitle\"><\/h2>\n<div class=\"documentDescription\">Kleber Morais de Sousa concorre representando o PPGCC\/CCSA\/UFPB<\/div>\n<div id=\"viewlet-below-content-title\">\n<div class=\"horizontal\" id=\"viewlet-social-like\" style=\"display:none\">\n<div class=\"sociallike-network-facebook\">\n<!-- Facebook --><\/p>\n<div class=\"fb-like\" data-action=\"like\" data-layout=\"button_count\" data-send=\"false\" data-share=\"False\" data-show-faces=\"false\"><\/div>\n<\/div>\n<div class=\"sociallike-network-twitter\">\n<!-- Twitter -->\n<\/div>\n<div class=\"sociallike-network-gplus\">\n<!-- Google+ --><\/p>\n<div class=\"g-plus\" data-action=\"share\" data-annotation=\"bubble\" data-href=\"https:\/\/www.ccsa.ufpb.br\/ppgcc\/contents\/noticias\/premio-capes-de-teses-2020\">\n<\/div>\n<\/div>\n<\/div>\n<\/div>\n<div class=\"newsLeftPane\">\n<\/div>\n<div>\n<p style=\"text-align: justify\">A tese do egresso Kleber Morais de Sousa foi selecionada para participar do pr\u00eamio Capes de Teses 2020.<\/p>\n<p style=\"text-align: justify\">Cada programa de p\u00f3s-gradua\u00e7\u00e3o pode inscrever uma tese, das\u00a0 defendidas em 2019, conforme Edital 10\/2020-Capes.\u00a0<\/p>\n<p style=\"text-align: justify\">Ap\u00f3s per\u00edodo de divulga\u00e7\u00e3o e de inscri\u00e7\u00e3o, houve o processo seletivo interno, conforme normas indicadas no edital e a tese do aluno Kleber Morais de Sousa foi selecionada para participar do Pr\u00eamio Capes de Teses 2020.<\/p>\n<\/div>\n<div class=\"newsview\">\n<\/div>\n","protected":false},"excerpt":{"rendered":"<p>Kleber Morais de Sousa concorre representando o PPGCC\/CCSA\/UFPB A tese do egresso Kleber Morais de [&hellip;]<\/p>\n","protected":false},"author":567,"featured_media":585,"comment_status":"open","ping_status":"open","sticky":false,"template":"","format":"standard","meta":{"footnotes":""},"categories":[3],"tags":[],"class_list":["post-856","post","type-post","status-publish","format-standard","has-post-thumbnail","hentry","category-noticias"],"_links":{"self":[{"href":"https:\/\/www.ccsa.ufpb.br\/ppgcc\/wp-json\/wp\/v2\/posts\/856","targetHints":{"allow":["GET"]}}],"collection":[{"href":"https:\/\/www.ccsa.ufpb.br\/ppgcc\/wp-json\/wp\/v2\/posts"}],"about":[{"href":"https:\/\/www.ccsa.ufpb.br\/ppgcc\/wp-json\/wp\/v2\/types\/post"}],"author":[{"embeddable":true,"href":"https:\/\/www.ccsa.ufpb.br\/ppgcc\/wp-json\/wp\/v2\/users\/567"}],"replies":[{"embeddable":true,"href":"https:\/\/www.ccsa.ufpb.br\/ppgcc\/wp-json\/wp\/v2\/comments?post=856"}],"version-history":[{"count":0,"href":"https:\/\/www.ccsa.ufpb.br\/ppgcc\/wp-json\/wp\/v2\/posts\/856\/revisions"}],"wp:featuredmedia":[{"embeddable":true,"href":"https:\/\/www.ccsa.ufpb.br\/ppgcc\/wp-json\/wp\/v2\/media\/585"}],"wp:attachment":[{"href":"https:\/\/www.ccsa.ufpb.br\/ppgcc\/wp-json\/wp\/v2\/media?parent=856"}],"wp:term":[{"taxonomy":"category","embeddable":true,"href":"https:\/\/www.ccsa.ufpb.br\/ppgcc\/wp-json\/wp\/v2\/categories?post=856"},{"taxonomy":"post_tag","embeddable":true,"href":"https:\/\/www.ccsa.ufpb.br\/ppgcc\/wp-json\/wp\/v2\/tags?post=856"}],"curies":[{"name":"wp","href":"https:\/\/api.w.org\/{rel}","templated":true}]}}