{"id":868,"date":"2020-04-16T13:58:00","date_gmt":"2020-04-16T16:58:00","guid":{"rendered":"https:\/\/www.ccsa.ufpb.br\/ppgcc2\/sem-categoria\/ppgcc-ufpb-em-teletrabalho\/"},"modified":"2020-04-16T13:58:00","modified_gmt":"2020-04-16T16:58:00","slug":"ppgcc-ufpb-em-teletrabalho","status":"publish","type":"post","link":"https:\/\/www.ccsa.ufpb.br\/ppgcc\/noticias\/ppgcc-ufpb-em-teletrabalho\/","title":{"rendered":"PPGCC-UFPB em teletrabalho"},"content":{"rendered":"<div id=\"viewlet-above-content-title\"><\/div>\n<h2 class=\"nitfSubtitle\"><\/h2>\n<div class=\"documentDescription\"><\/div>\n<div id=\"viewlet-below-content-title\">\n<div class=\"horizontal\" id=\"viewlet-social-like\" style=\"display:none\">\n<div class=\"sociallike-network-facebook\">\n<!-- Facebook --><\/p>\n<div class=\"fb-like\" data-action=\"like\" data-layout=\"button_count\" data-send=\"false\" data-share=\"False\" data-show-faces=\"false\"><\/div>\n<\/div>\n<div class=\"sociallike-network-twitter\">\n<!-- Twitter -->\n<\/div>\n<div class=\"sociallike-network-gplus\">\n<!-- Google+ --><\/p>\n<div class=\"g-plus\" data-action=\"share\" data-annotation=\"bubble\" data-href=\"https:\/\/www.ccsa.ufpb.br\/ppgcc\/contents\/noticias\/ppgcc-ufpb-em-teletrabalho\">\n<\/div>\n<\/div>\n<\/div>\n<\/div>\n<div class=\"newsLeftPane\">\n<\/div>\n<div>\n<p style=\"text-align: justify\">O PPGCC-UFPB, seguindo as orienta\u00e7\u00f5es da OMS, do Minist\u00e9rio da Sa\u00fade e da pr\u00f3pria Universidade Federal da Para\u00edba, vem atendendo suas demandas em regime de teletrabalho.\u00a0<\/p>\n<p style=\"text-align: justify\">Qualquer interessado pode entrar em contato com as secret\u00e1rias do programa de segunda a sexta, por e-mail (atendimento de 7h \u00e0s 19h) , telefone e WhatsApp (das 7h \u00e0s 13h).\u00a0<\/p>\n<p style=\"text-align: justify\">E-mail:\u00a0<span>ppgccufpb@gmail.com<\/span><\/p>\n<p style=\"text-align: justify\">Telefone\/WhatsApp: (83)\u00a098771-6539<\/p>\n<p style=\"text-align: justify\">A coordena\u00e7\u00e3o e secretaria do programa est\u00e3o a disposi\u00e7\u00e3o para d\u00favidas e solicita\u00e7\u00f5es dos discentes, docentes e terceiros interessados.\u00a0<\/p>\n<p style=\"text-align: justify\">Lembrando sempre que, se poss\u00edvel, fique em casa. Juntos sairemos dessa.\u00a0<\/p>\n<\/div>\n<div class=\"newsview\">\n<\/div>\n","protected":false},"excerpt":{"rendered":"<p>O PPGCC-UFPB, seguindo as orienta\u00e7\u00f5es da OMS, do Minist\u00e9rio da Sa\u00fade e da pr\u00f3pria Universidade [&hellip;]<\/p>\n","protected":false},"author":567,"featured_media":585,"comment_status":"open","ping_status":"open","sticky":false,"template":"","format":"standard","meta":{"footnotes":""},"categories":[3],"tags":[],"class_list":["post-868","post","type-post","status-publish","format-standard","has-post-thumbnail","hentry","category-noticias"],"_links":{"self":[{"href":"https:\/\/www.ccsa.ufpb.br\/ppgcc\/wp-json\/wp\/v2\/posts\/868","targetHints":{"allow":["GET"]}}],"collection":[{"href":"https:\/\/www.ccsa.ufpb.br\/ppgcc\/wp-json\/wp\/v2\/posts"}],"about":[{"href":"https:\/\/www.ccsa.ufpb.br\/ppgcc\/wp-json\/wp\/v2\/types\/post"}],"author":[{"embeddable":true,"href":"https:\/\/www.ccsa.ufpb.br\/ppgcc\/wp-json\/wp\/v2\/users\/567"}],"replies":[{"embeddable":true,"href":"https:\/\/www.ccsa.ufpb.br\/ppgcc\/wp-json\/wp\/v2\/comments?post=868"}],"version-history":[{"count":0,"href":"https:\/\/www.ccsa.ufpb.br\/ppgcc\/wp-json\/wp\/v2\/posts\/868\/revisions"}],"wp:featuredmedia":[{"embeddable":true,"href":"https:\/\/www.ccsa.ufpb.br\/ppgcc\/wp-json\/wp\/v2\/media\/585"}],"wp:attachment":[{"href":"https:\/\/www.ccsa.ufpb.br\/ppgcc\/wp-json\/wp\/v2\/media?parent=868"}],"wp:term":[{"taxonomy":"category","embeddable":true,"href":"https:\/\/www.ccsa.ufpb.br\/ppgcc\/wp-json\/wp\/v2\/categories?post=868"},{"taxonomy":"post_tag","embeddable":true,"href":"https:\/\/www.ccsa.ufpb.br\/ppgcc\/wp-json\/wp\/v2\/tags?post=868"}],"curies":[{"name":"wp","href":"https:\/\/api.w.org\/{rel}","templated":true}]}}