{"id":892,"date":"2019-10-04T11:33:00","date_gmt":"2019-10-04T14:33:00","guid":{"rendered":"https:\/\/www.ccsa.ufpb.br\/ppgcc2\/sem-categoria\/nota-informativa-pedidos-de-reconsideracao\/"},"modified":"2019-10-04T11:33:00","modified_gmt":"2019-10-04T14:33:00","slug":"nota-informativa-pedidos-de-reconsideracao","status":"publish","type":"post","link":"https:\/\/www.ccsa.ufpb.br\/ppgcc\/noticias\/nota-informativa-pedidos-de-reconsideracao\/","title":{"rendered":"Nota informativa &#8211; Pedidos de reconsidera\u00e7\u00e3o"},"content":{"rendered":"<div id=\"viewlet-above-content-title\"><\/div>\n<h2 class=\"nitfSubtitle\"><\/h2>\n<div class=\"documentDescription\"><\/div>\n<div id=\"viewlet-below-content-title\">\n<div class=\"horizontal\" id=\"viewlet-social-like\" style=\"display:none\">\n<div class=\"sociallike-network-facebook\">\n<!-- Facebook --><\/p>\n<div class=\"fb-like\" data-action=\"like\" data-layout=\"button_count\" data-send=\"false\" data-share=\"False\" data-show-faces=\"false\"><\/div>\n<\/div>\n<div class=\"sociallike-network-twitter\">\n<!-- Twitter -->\n<\/div>\n<div class=\"sociallike-network-gplus\">\n<!-- Google+ --><\/p>\n<div class=\"g-plus\" data-action=\"share\" data-annotation=\"bubble\" data-href=\"https:\/\/www.ccsa.ufpb.br\/ppgcc\/contents\/noticias\/nota-informativa-pedidos-de-reconsideracao\">\n<\/div>\n<\/div>\n<\/div>\n<\/div>\n<div class=\"newsLeftPane\">\n<\/div>\n<div>\n<p style=\"text-align: justify\">Alguns candidatos est\u00e3o enfrentando dificuldades em enviar pedidos de reconsidera\u00e7\u00e3o \u00e0 homologa\u00e7\u00e3o das inscri\u00e7\u00f5es do Processo Seletivo PPGCC 2020 via SIGAA.<\/p>\n<p style=\"text-align: justify\">O sistema encontra-se sobrecarregado devido ao per\u00edodo de matr\u00edculas e outras atividades da UFPB e,\u00a0 dessa forma, pode apresentar falhas t\u00e9cnicas.<\/p>\n<p style=\"text-align: justify\">Assim, a Comiss\u00e3o do Processo Seletivo informa que receber\u00e1 tamb\u00e9m por e-mail o pedido de reconsidera\u00e7\u00e3o dos candidatos que n\u00e3o conseguirem enviar via sistema.<\/p>\n<p style=\"text-align: justify\">Os candidatos poder\u00e3o enviar, at\u00e9 \u00e0s <strong>23h59min do dia de hoje (04)<\/strong>, para o e-mail &lt;<span><strong>processoseletivoppgcc@gmail.com<\/strong>&gt; o pedido de reconsidera\u00e7\u00e3o e respectivos comprovantes bem como a comprova\u00e7\u00e3o (print da tela) de que n\u00e3o conseguiram efetuar a a\u00e7\u00e3o via SIGAA.<\/span><\/p>\n<\/div>\n<div class=\"newsview\">\n<\/div>\n","protected":false},"excerpt":{"rendered":"<p>Alguns candidatos est\u00e3o enfrentando dificuldades em enviar pedidos de reconsidera\u00e7\u00e3o \u00e0 homologa\u00e7\u00e3o das inscri\u00e7\u00f5es do [&hellip;]<\/p>\n","protected":false},"author":567,"featured_media":585,"comment_status":"open","ping_status":"open","sticky":false,"template":"","format":"standard","meta":{"footnotes":""},"categories":[3],"tags":[],"class_list":["post-892","post","type-post","status-publish","format-standard","has-post-thumbnail","hentry","category-noticias"],"_links":{"self":[{"href":"https:\/\/www.ccsa.ufpb.br\/ppgcc\/wp-json\/wp\/v2\/posts\/892","targetHints":{"allow":["GET"]}}],"collection":[{"href":"https:\/\/www.ccsa.ufpb.br\/ppgcc\/wp-json\/wp\/v2\/posts"}],"about":[{"href":"https:\/\/www.ccsa.ufpb.br\/ppgcc\/wp-json\/wp\/v2\/types\/post"}],"author":[{"embeddable":true,"href":"https:\/\/www.ccsa.ufpb.br\/ppgcc\/wp-json\/wp\/v2\/users\/567"}],"replies":[{"embeddable":true,"href":"https:\/\/www.ccsa.ufpb.br\/ppgcc\/wp-json\/wp\/v2\/comments?post=892"}],"version-history":[{"count":0,"href":"https:\/\/www.ccsa.ufpb.br\/ppgcc\/wp-json\/wp\/v2\/posts\/892\/revisions"}],"wp:featuredmedia":[{"embeddable":true,"href":"https:\/\/www.ccsa.ufpb.br\/ppgcc\/wp-json\/wp\/v2\/media\/585"}],"wp:attachment":[{"href":"https:\/\/www.ccsa.ufpb.br\/ppgcc\/wp-json\/wp\/v2\/media?parent=892"}],"wp:term":[{"taxonomy":"category","embeddable":true,"href":"https:\/\/www.ccsa.ufpb.br\/ppgcc\/wp-json\/wp\/v2\/categories?post=892"},{"taxonomy":"post_tag","embeddable":true,"href":"https:\/\/www.ccsa.ufpb.br\/ppgcc\/wp-json\/wp\/v2\/tags?post=892"}],"curies":[{"name":"wp","href":"https:\/\/api.w.org\/{rel}","templated":true}]}}