{"id":910,"date":"2019-08-14T09:03:00","date_gmt":"2019-08-14T12:03:00","guid":{"rendered":"https:\/\/www.ccsa.ufpb.br\/ppgcc2\/sem-categoria\/bancas-de-qualificacao-de-tese\/"},"modified":"2019-08-14T09:03:00","modified_gmt":"2019-08-14T12:03:00","slug":"bancas-de-qualificacao-de-tese","status":"publish","type":"post","link":"https:\/\/www.ccsa.ufpb.br\/ppgcc\/noticias\/bancas-de-qualificacao-de-tese\/","title":{"rendered":"Bancas de qualifica\u00e7\u00e3o de tese"},"content":{"rendered":"<div id=\"viewlet-above-content-title\"><\/div>\n<h2 class=\"nitfSubtitle\"><\/h2>\n<div class=\"documentDescription\">PPGCC\/UFPB divulga as informa\u00e7\u00f5es das pr\u00f3ximas bancas p\u00fablicas de qualifica\u00e7\u00e3o de tese<\/div>\n<div id=\"viewlet-below-content-title\">\n<div class=\"horizontal\" id=\"viewlet-social-like\" style=\"display:none\">\n<div class=\"sociallike-network-facebook\">\n<!-- Facebook --><\/p>\n<div class=\"fb-like\" data-action=\"like\" data-layout=\"button_count\" data-send=\"false\" data-share=\"False\" data-show-faces=\"false\"><\/div>\n<\/div>\n<div class=\"sociallike-network-twitter\">\n<!-- Twitter -->\n<\/div>\n<div class=\"sociallike-network-gplus\">\n<!-- Google+ --><\/p>\n<div class=\"g-plus\" data-action=\"share\" data-annotation=\"bubble\" data-href=\"https:\/\/www.ccsa.ufpb.br\/ppgcc\/contents\/noticias\/bancas-de-qualificacao-de-tese\">\n<\/div>\n<\/div>\n<\/div>\n<\/div>\n<div class=\"newsLeftPane\">\n<\/div>\n<div>\n<table class=\"plain\">\n<tbody>\n<tr>\n<td>\n<p align=\"center\">Aluno<\/p>\n<\/td>\n<td>\n<p align=\"center\">Orientador<\/p>\n<\/td>\n<td>\n<p align=\"center\">T\u00edtulo do projeto<\/p>\n<\/td>\n<td>\n<p align=\"center\">Presidente<\/p>\n<\/td>\n<td>\n<p align=\"center\">Membro Interno &#8211; PPGCC-UFPB<\/p>\n<\/td>\n<td>\n<p align=\"center\">Membro Interno &#8211; PPGCC-UFPB<\/p>\n<\/td>\n<td>\n<p align=\"center\">Membro Externo &#8211; IES<\/p>\n<\/td>\n<td>\n<p align=\"center\">Membro Externo &#8211; IES<\/p>\n<\/td>\n<td>\n<p align=\"center\">Membro Externo &#8211; IES<\/p>\n<\/td>\n<td>\n<p align=\"center\">Membro Externo &#8211; IES<\/p>\n<\/td>\n<td>\n<p align=\"center\">Data do Exame<\/p>\n<\/td>\n<td>\n<p align=\"center\">Hor\u00e1rio do Exame<\/p>\n<\/td>\n<td>\n<p align=\"center\">Local do Exame<\/p>\n<\/td>\n<\/tr>\n<tr>\n<td>\n<p align=\"center\">Carlos Andre Marinho Vieira<\/p>\n<\/td>\n<td>\n<p align=\"center\">Prof. Dr. M\u00e1rcio Andr\u00e9 Veras Machado<\/p>\n<\/td>\n<td>\n<p align=\"center\">Sentimento, auditoria e qualidade da informa\u00e7\u00e3o cont\u00e1bil<\/p>\n<\/td>\n<td>\n<p align=\"center\">Prof. Dr. M\u00e1rcio Andr\u00e9 Veras Machado<\/p>\n<\/td>\n<td>\n<p align=\"center\">_<\/p>\n<\/td>\n<td>\n<p align=\"center\">_<\/p>\n<\/td>\n<td>\n<p align=\"center\">Profa. Dra. Cl\u00e1udia Emiko Yoshinaga &#8211; FGV EASPE<\/p>\n<\/td>\n<td>\n<p align=\"center\">Prof. Dr. C\u00e1ssio da N\u00f3brega Bessaria &#8211; UFPB<\/p>\n<\/td>\n<td>\n<p align=\"center\">Prof. Dr. Odilanei Morais dos Santos &#8211; UFRJ<\/p>\n<\/td>\n<td>\n<p align=\"center\">Prof. Dr. Vin\u00edcius Gomes Martins &#8211; UFPE<\/p>\n<\/td>\n<td>\n<p align=\"center\">27\/08\/2019<\/p>\n<\/td>\n<td>\n<p align=\"center\">8h<\/p>\n<\/td>\n<td>\n<p align=\"center\">Sala de V\u00eddeoconfer\u00eancia do CCSA<\/p>\n<\/td>\n<\/tr>\n<tr>\n<td>\n<p align=\"center\">Davi Jonatas Cunha Araujo<\/p>\n<\/td>\n<td>\n<p align=\"center\">Prof\u00aa Dra. Renata Paes de Barros C\u00e2mara<\/p>\n<\/td>\n<td>\n<p>Informa\u00e7\u00e3o Cont\u00e1bil Ambiental, Ambiente Institucional e Manuten\u00e7\u00e3o do Desenvolvimento Sustent\u00e1vel<\/p>\n<\/td>\n<td>\n<p align=\"center\">Prof\u00aa Dra. Renata Paes de Barros C\u00e2mara<\/p>\n<\/td>\n<td>\n<p align=\"center\">Prof. Dr. Ant\u00f4nio Andr\u00e9 Cunha Callado<\/p>\n<\/td>\n<td>\n<p align=\"center\">_<\/p>\n<\/td>\n<td>\n<p align=\"center\">Profa. Dra. Cl\u00e1udia Ferreira da Cruz &#8211; \u00a0UFRJ<\/p>\n<\/td>\n<td>\n<p align=\"center\">Prof. Dr. Anailson M\u00e1rcio Gomes &#8211; \u00a0UFRN<\/p>\n<\/td>\n<td>\n<p align=\"center\">Prof. Dr. Thiago Alexandre das Neves Almeida &#8211; UFCG<\/p>\n<\/td>\n<td>\n<p align=\"center\">_<\/p>\n<\/td>\n<td>\n<p align=\"center\">27\/08\/2019<\/p>\n<\/td>\n<td>\n<p align=\"center\">10h<\/p>\n<\/td>\n<td>\n<p align=\"center\">Sala 08 do Bloco do P\u00f3s-Gradua\u00e7\u00e3o<\/p>\n<\/td>\n<\/tr>\n<\/tbody>\n<\/table>\n<\/div>\n<div class=\"newsview\">\n<\/div>\n","protected":false},"excerpt":{"rendered":"<p>PPGCC\/UFPB divulga as informa\u00e7\u00f5es das pr\u00f3ximas bancas p\u00fablicas de qualifica\u00e7\u00e3o de tese Aluno Orientador T\u00edtulo [&hellip;]<\/p>\n","protected":false},"author":567,"featured_media":585,"comment_status":"open","ping_status":"open","sticky":false,"template":"","format":"standard","meta":{"footnotes":""},"categories":[3],"tags":[],"class_list":["post-910","post","type-post","status-publish","format-standard","has-post-thumbnail","hentry","category-noticias"],"_links":{"self":[{"href":"https:\/\/www.ccsa.ufpb.br\/ppgcc\/wp-json\/wp\/v2\/posts\/910","targetHints":{"allow":["GET"]}}],"collection":[{"href":"https:\/\/www.ccsa.ufpb.br\/ppgcc\/wp-json\/wp\/v2\/posts"}],"about":[{"href":"https:\/\/www.ccsa.ufpb.br\/ppgcc\/wp-json\/wp\/v2\/types\/post"}],"author":[{"embeddable":true,"href":"https:\/\/www.ccsa.ufpb.br\/ppgcc\/wp-json\/wp\/v2\/users\/567"}],"replies":[{"embeddable":true,"href":"https:\/\/www.ccsa.ufpb.br\/ppgcc\/wp-json\/wp\/v2\/comments?post=910"}],"version-history":[{"count":0,"href":"https:\/\/www.ccsa.ufpb.br\/ppgcc\/wp-json\/wp\/v2\/posts\/910\/revisions"}],"wp:featuredmedia":[{"embeddable":true,"href":"https:\/\/www.ccsa.ufpb.br\/ppgcc\/wp-json\/wp\/v2\/media\/585"}],"wp:attachment":[{"href":"https:\/\/www.ccsa.ufpb.br\/ppgcc\/wp-json\/wp\/v2\/media?parent=910"}],"wp:term":[{"taxonomy":"category","embeddable":true,"href":"https:\/\/www.ccsa.ufpb.br\/ppgcc\/wp-json\/wp\/v2\/categories?post=910"},{"taxonomy":"post_tag","embeddable":true,"href":"https:\/\/www.ccsa.ufpb.br\/ppgcc\/wp-json\/wp\/v2\/tags?post=910"}],"curies":[{"name":"wp","href":"https:\/\/api.w.org\/{rel}","templated":true}]}}