{"id":921,"date":"2019-07-04T08:47:00","date_gmt":"2019-07-04T11:47:00","guid":{"rendered":"https:\/\/www.ccsa.ufpb.br\/ppgcc2\/sem-categoria\/calendario-e-cronograma-de-aulas-2019-1-2\/"},"modified":"2019-07-04T08:47:00","modified_gmt":"2019-07-04T11:47:00","slug":"calendario-e-cronograma-de-aulas-2019-1-2","status":"publish","type":"post","link":"https:\/\/www.ccsa.ufpb.br\/ppgcc\/noticias\/calendario-e-cronograma-de-aulas-2019-1-2\/","title":{"rendered":"Calend\u00e1rio e cronograma de aulas 2019.2"},"content":{"rendered":"<div id=\"viewlet-above-content-title\"><\/div>\n<h2 class=\"nitfSubtitle\"><\/h2>\n<div class=\"documentDescription\">Calend\u00e1rio e cronograma de aulas 2019.2 atualizados<\/div>\n<div id=\"viewlet-below-content-title\">\n<div class=\"horizontal\" id=\"viewlet-social-like\" style=\"display:none\">\n<div class=\"sociallike-network-facebook\">\n<!-- Facebook --><\/p>\n<div class=\"fb-like\" data-action=\"like\" data-layout=\"button_count\" data-send=\"false\" data-share=\"False\" data-show-faces=\"false\"><\/div>\n<\/div>\n<div class=\"sociallike-network-twitter\">\n<!-- Twitter -->\n<\/div>\n<div class=\"sociallike-network-gplus\">\n<!-- Google+ --><\/p>\n<div class=\"g-plus\" data-action=\"share\" data-annotation=\"bubble\" data-href=\"https:\/\/www.ccsa.ufpb.br\/ppgcc\/contents\/noticias\/calendario-e-cronograma-de-aulas-2019-1.2\">\n<\/div>\n<\/div>\n<\/div>\n<\/div>\n<div class=\"newsLeftPane\">\n<\/div>\n<div>\n<p>A coordena\u00e7\u00e3o deste programa divulga o calend\u00e1rio e o cronograma de aulas 2019.2 atualizados:<\/p>\n<p><a class=\"internal-link\" href=\"https:\/\/www.ccsa.ufpb.br\/ppgcc\/contents\/noticias\/calendario-e-cronograma-de-aulas-2019-1.2\/calendario-2019-2-2.pdf\" target=\"_self\" title=\"\">Calend\u00e1rio de aulas 2019.2<\/a><a class=\"internal-link\" href=\"https:\/\/www.ccsa.ufpb.br\/ppgcc\/contents\/noticias\/calendario-e-cronograma-de-aulas-2019-1.2\/calendario-2019-2.pdf\" target=\"_self\" title=\"\">\u00a0<\/a><\/p>\n<p><a class=\"internal-link\" href=\"https:\/\/www.ccsa.ufpb.br\/ppgcc\/contents\/noticias\/calendario-e-cronograma-de-aulas-2019-1.2\/cronograma-semestre-2019-2-2.pdf\" target=\"_self\" title=\"\">Cronograma de aulas 2019.2<\/a><a class=\"internal-link\" href=\"https:\/\/www.ccsa.ufpb.br\/ppgcc\/contents\/noticias\/calendario-e-cronograma-de-aulas-2019-1.2\/resolveuid\/103ce228ea0241fea539000c5019d559\" target=\"_self\" title=\"\">\u00a0<\/a><\/p>\n<p><a class=\"internal-link\" href=\"https:\/\/www.ccsa.ufpb.br\/ppgcc\/contents\/noticias\/calendario-e-cronograma-de-aulas-2019-1.2\/resolveuid\/56ef7bde510e4a4081195b14c60c58a6\" target=\"_self\" title=\"\">Calend\u00e1rio de Prazos 2019.2<\/a><\/p>\n<\/div>\n<div class=\"newsview\">\n<\/div>\n","protected":false},"excerpt":{"rendered":"<p>Calend\u00e1rio e cronograma de aulas 2019.2 atualizados A coordena\u00e7\u00e3o deste programa divulga o calend\u00e1rio e [&hellip;]<\/p>\n","protected":false},"author":567,"featured_media":585,"comment_status":"open","ping_status":"open","sticky":false,"template":"","format":"standard","meta":{"footnotes":""},"categories":[3],"tags":[],"class_list":["post-921","post","type-post","status-publish","format-standard","has-post-thumbnail","hentry","category-noticias"],"_links":{"self":[{"href":"https:\/\/www.ccsa.ufpb.br\/ppgcc\/wp-json\/wp\/v2\/posts\/921","targetHints":{"allow":["GET"]}}],"collection":[{"href":"https:\/\/www.ccsa.ufpb.br\/ppgcc\/wp-json\/wp\/v2\/posts"}],"about":[{"href":"https:\/\/www.ccsa.ufpb.br\/ppgcc\/wp-json\/wp\/v2\/types\/post"}],"author":[{"embeddable":true,"href":"https:\/\/www.ccsa.ufpb.br\/ppgcc\/wp-json\/wp\/v2\/users\/567"}],"replies":[{"embeddable":true,"href":"https:\/\/www.ccsa.ufpb.br\/ppgcc\/wp-json\/wp\/v2\/comments?post=921"}],"version-history":[{"count":0,"href":"https:\/\/www.ccsa.ufpb.br\/ppgcc\/wp-json\/wp\/v2\/posts\/921\/revisions"}],"wp:featuredmedia":[{"embeddable":true,"href":"https:\/\/www.ccsa.ufpb.br\/ppgcc\/wp-json\/wp\/v2\/media\/585"}],"wp:attachment":[{"href":"https:\/\/www.ccsa.ufpb.br\/ppgcc\/wp-json\/wp\/v2\/media?parent=921"}],"wp:term":[{"taxonomy":"category","embeddable":true,"href":"https:\/\/www.ccsa.ufpb.br\/ppgcc\/wp-json\/wp\/v2\/categories?post=921"},{"taxonomy":"post_tag","embeddable":true,"href":"https:\/\/www.ccsa.ufpb.br\/ppgcc\/wp-json\/wp\/v2\/tags?post=921"}],"curies":[{"name":"wp","href":"https:\/\/api.w.org\/{rel}","templated":true}]}}