{"id":957,"date":"2018-11-12T16:59:00","date_gmt":"2018-11-12T18:59:00","guid":{"rendered":"https:\/\/www.ccsa.ufpb.br\/ppgcc2\/sem-categoria\/defesas-de-teses-programadas\/"},"modified":"2018-11-12T16:59:00","modified_gmt":"2018-11-12T18:59:00","slug":"defesas-de-teses-programadas","status":"publish","type":"post","link":"https:\/\/www.ccsa.ufpb.br\/ppgcc\/noticias\/defesas-de-teses-programadas\/","title":{"rendered":"Defesas de teses programadas"},"content":{"rendered":"<div id=\"viewlet-above-content-title\"><\/div>\n<h2 class=\"nitfSubtitle\"><\/h2>\n<div class=\"documentDescription\">Este programa de p\u00f3s-gradua\u00e7\u00e3o divulga as defesas de tese marcadas<\/div>\n<div id=\"viewlet-below-content-title\">\n<div class=\"horizontal\" id=\"viewlet-social-like\" style=\"display:none\">\n<div class=\"sociallike-network-facebook\">\n<!-- Facebook --><\/p>\n<div class=\"fb-like\" data-action=\"like\" data-layout=\"button_count\" data-send=\"false\" data-share=\"False\" data-show-faces=\"false\"><\/div>\n<\/div>\n<div class=\"sociallike-network-twitter\">\n<!-- Twitter -->\n<\/div>\n<div class=\"sociallike-network-gplus\">\n<!-- Google+ --><\/p>\n<div class=\"g-plus\" data-action=\"share\" data-annotation=\"bubble\" data-href=\"https:\/\/www.ccsa.ufpb.br\/ppgcc\/contents\/noticias\/defesas-de-teses-programadas\">\n<\/div>\n<\/div>\n<\/div>\n<\/div>\n<div class=\"newsLeftPane\">\n<\/div>\n<div>\n<p>Defesas de tese:<\/p>\n<table class=\"plain\">\n<colgroup>\n<col width=\"216\" \/>\n<col width=\"192\" \/>\n<col width=\"119\" \/>\n<col width=\"120\" \/>\n<col width=\"145\" \/>\n<col width=\"182\" \/>\n<col width=\"125\" \/>\n<col width=\"148\" \/>\n<col width=\"207\" \/>\n<col width=\"187\" \/>\n<col width=\"173\" \/> <\/colgroup>\n<tbody>\n<tr>\n<td class=\"xl66\">ALUNO<\/td>\n<td class=\"xl66\">LINHA DE PESQUISA<\/td>\n<td class=\"xl67\">T\u00cdTULO DA TESE\u00a0<\/td>\n<td class=\"xl67\">PRESIDENTE\u00a0 DA BANCA EXAMINADORA &#8211; PPGCC\/UFPB<\/td>\n<td class=\"xl67\">MEMBRO INTERNO PPGCC\/UFPB<\/td>\n<td class=\"xl67\">MEMBRO INTERNO PPGCC\/UFPB<\/td>\n<td class=\"xl67\">MEMBRO EXTERNO<\/td>\n<td class=\"xl67\">MEMBRO EXTERNO<\/td>\n<td class=\"xl66\">DATA DA DEFESA\u00a0<\/td>\n<td class=\"xl66\">HOR\u00c1RIO DA DEFESA<\/td>\n<td class=\"xl66\">LOCAL DA DEFESA<\/td>\n<\/tr>\n<tr>\n<td class=\"xl69\">FABIANO FERREIRA BATISTA<\/td>\n<td class=\"xl70\">INFORMA\u00c7\u00c3O CONT\u00c1BIL PARA USU\u00c1RIOS\u00a0 EXTERNOS<\/td>\n<td class=\"xl65\">QUALIDADE DA INFORMA\u00c7\u00c3O CONT\u00c1BIL NA ESCOLHA DA MENSURA\u00c7\u00c3O DAS PROPRIEDADES PARA INVESTIMENTO<\/td>\n<td class=\"xl65\">PROF. EDILSON PAULO<\/td>\n<td class=\"xl65\">PROF. DR. WENNER GLAUCIO LOPES LUCENA<\/td>\n<td class=\"xl65\">PROF. DR. PAULO ROBERTO N\u00d3BREGA CAVALCANTE<\/td>\n<td class=\"xl65\">PROF. DR. VIN\u00cdCIUS GOMES MARTINS &#8211;\u00a0 UFPE<\/td>\n<td class=\"xl71\">PROF. DR. JOS\u00c9 ALONSO BORBA-UFSC<\/td>\n<td class=\"xl72\">30\/11\/2018<\/td>\n<td class=\"xl73\">15h (Hor\u00e1rio de Bras\u00edlia) 14h (Hor\u00e1rio Local)<\/td>\n<td class=\"xl73\">Sala de Multim\u00eddia do CCSA<\/td>\n<\/tr>\n<tr>\n<td class=\"xl75\">KARLA KATIUSCIA N\u00d3BREGA DE ALMEIDA<\/td>\n<td class=\"xl70\">INFORMA\u00c7\u00c3O CONT\u00c1BIL PARA USU\u00c1RIOS INTERNOS<\/td>\n<td class=\"xl65\">CONTROLE GERENCIAL NAS RELA\u00c7\u00d5ES ENTRE ORGANIZA\u00c7\u00d5ES: UM ESTUDO SOB A PERSPECTIVA DA TEORIA DOS CUSTOS DE TRANSA\u00c7\u00c3O<\/td>\n<td class=\"xl65\">PROF. DR. ANT\u00d4NIO ANDR\u00c9 CUNHA CALLADO<\/td>\n<td class=\"xl65\">PROFA PROF\u00aa\u00a0 SIMONE BASTOS PAIVA<\/td>\n<td class=\"xl65\">PROF. DR. WENNER GLAUCIO LOPES LUCENA<\/td>\n<td class=\"xl65\">PROF. DR. GESINALDO ATA\u00cdDE C\u00c2NDIDO &#8211; UFCG<\/td>\n<td class=\"xl65\">PROF. DR. JOS\u00c9 RIBAMAR MARQUES DE CARVALHO &#8211; UFPB<\/td>\n<td class=\"xl72\">14\/12\/2018<\/td>\n<td class=\"xl73\">9h30min<\/td>\n<td class=\"xl73\">Sala de Multim\u00eddia do CCSA<\/td>\n<\/tr>\n<\/tbody>\n<\/table>\n<\/div>\n<div class=\"newsview\">\n<\/div>\n","protected":false},"excerpt":{"rendered":"<p>Este programa de p\u00f3s-gradua\u00e7\u00e3o divulga as defesas de tese marcadas Defesas de tese: ALUNO LINHA [&hellip;]<\/p>\n","protected":false},"author":567,"featured_media":585,"comment_status":"open","ping_status":"open","sticky":false,"template":"","format":"standard","meta":{"footnotes":""},"categories":[3],"tags":[],"class_list":["post-957","post","type-post","status-publish","format-standard","has-post-thumbnail","hentry","category-noticias"],"_links":{"self":[{"href":"https:\/\/www.ccsa.ufpb.br\/ppgcc\/wp-json\/wp\/v2\/posts\/957","targetHints":{"allow":["GET"]}}],"collection":[{"href":"https:\/\/www.ccsa.ufpb.br\/ppgcc\/wp-json\/wp\/v2\/posts"}],"about":[{"href":"https:\/\/www.ccsa.ufpb.br\/ppgcc\/wp-json\/wp\/v2\/types\/post"}],"author":[{"embeddable":true,"href":"https:\/\/www.ccsa.ufpb.br\/ppgcc\/wp-json\/wp\/v2\/users\/567"}],"replies":[{"embeddable":true,"href":"https:\/\/www.ccsa.ufpb.br\/ppgcc\/wp-json\/wp\/v2\/comments?post=957"}],"version-history":[{"count":0,"href":"https:\/\/www.ccsa.ufpb.br\/ppgcc\/wp-json\/wp\/v2\/posts\/957\/revisions"}],"wp:featuredmedia":[{"embeddable":true,"href":"https:\/\/www.ccsa.ufpb.br\/ppgcc\/wp-json\/wp\/v2\/media\/585"}],"wp:attachment":[{"href":"https:\/\/www.ccsa.ufpb.br\/ppgcc\/wp-json\/wp\/v2\/media?parent=957"}],"wp:term":[{"taxonomy":"category","embeddable":true,"href":"https:\/\/www.ccsa.ufpb.br\/ppgcc\/wp-json\/wp\/v2\/categories?post=957"},{"taxonomy":"post_tag","embeddable":true,"href":"https:\/\/www.ccsa.ufpb.br\/ppgcc\/wp-json\/wp\/v2\/tags?post=957"}],"curies":[{"name":"wp","href":"https:\/\/api.w.org\/{rel}","templated":true}]}}