{"id":963,"date":"2018-09-20T08:02:00","date_gmt":"2018-09-20T11:02:00","guid":{"rendered":"https:\/\/www.ccsa.ufpb.br\/ppgcc2\/sem-categoria\/divulgacao-da-prova-escrita-com-gabarito-do-processo-seletivo-2019\/"},"modified":"2018-09-20T08:02:00","modified_gmt":"2018-09-20T11:02:00","slug":"divulgacao-da-prova-escrita-com-gabarito-do-processo-seletivo-2019","status":"publish","type":"post","link":"https:\/\/www.ccsa.ufpb.br\/ppgcc\/noticias\/divulgacao-da-prova-escrita-com-gabarito-do-processo-seletivo-2019\/","title":{"rendered":"Divulga\u00e7\u00e3o da Prova Escrita com gabarito do Processo Seletivo 2019"},"content":{"rendered":"<div id=\"viewlet-above-content-title\"><\/div>\n<h2 class=\"nitfSubtitle\"><\/h2>\n<div class=\"documentDescription\"><\/div>\n<div id=\"viewlet-below-content-title\">\n<div class=\"horizontal\" id=\"viewlet-social-like\" style=\"display:none\">\n<div class=\"sociallike-network-facebook\">\n<!-- Facebook --><\/p>\n<div class=\"fb-like\" data-action=\"like\" data-layout=\"button_count\" data-send=\"false\" data-share=\"False\" data-show-faces=\"false\"><\/div>\n<\/div>\n<div class=\"sociallike-network-twitter\">\n<!-- Twitter -->\n<\/div>\n<div class=\"sociallike-network-gplus\">\n<!-- Google+ --><\/p>\n<div class=\"g-plus\" data-action=\"share\" data-annotation=\"bubble\" data-href=\"https:\/\/www.ccsa.ufpb.br\/ppgcc\/contents\/noticias\/divulgacao-da-prova-escrita-com-gabarito-do-processo-seletivo-2019\">\n<\/div>\n<\/div>\n<\/div>\n<\/div>\n<div class=\"newsLeftPane\">\n<\/div>\n<div>\n<p style=\"text-align: justify\">A Comiss\u00e3o de Sele\u00e7\u00e3o do Processo Seletivo 2019 divulga as Provas Escritas com gabaritos do Processo Seletivo 2019. Os documentos est\u00e3o dispon\u00edveis na Aba: Editais-2019<\/p>\n<p style=\"text-align: justify\">Os candidatos que discordarem do gabarito oficial ou da coer\u00eancia de alguma quest\u00e3o das provas de mestrado e doutorado poder\u00e3o solicitar altera\u00e7\u00e3o do gabarito ou anula\u00e7\u00e3o da quest\u00e3o. Nesses casos, os candidatos dever\u00e3o preencher o formul\u00e1rio dispon\u00edvel na Aba: Editais &#8211; 2019, e encaminhar para o e-mail do Processo Seletivo(processoseletivoppgcc@gmail.com) at\u00e9 o dia 24\/09\/2018. Todos os pedidos ser\u00e3o avaliados pela comiss\u00e3o de sele\u00e7\u00e3o e os resultados ser\u00e3o publicados no <i>site<\/i> do PPGCC at\u00e9 o dia 26\/09\/2018<\/p>\n<\/div>\n<div class=\"newsview\">\n<\/div>\n","protected":false},"excerpt":{"rendered":"<p>A Comiss\u00e3o de Sele\u00e7\u00e3o do Processo Seletivo 2019 divulga as Provas Escritas com gabaritos do [&hellip;]<\/p>\n","protected":false},"author":567,"featured_media":585,"comment_status":"open","ping_status":"open","sticky":false,"template":"","format":"standard","meta":{"footnotes":""},"categories":[3],"tags":[],"class_list":["post-963","post","type-post","status-publish","format-standard","has-post-thumbnail","hentry","category-noticias"],"_links":{"self":[{"href":"https:\/\/www.ccsa.ufpb.br\/ppgcc\/wp-json\/wp\/v2\/posts\/963","targetHints":{"allow":["GET"]}}],"collection":[{"href":"https:\/\/www.ccsa.ufpb.br\/ppgcc\/wp-json\/wp\/v2\/posts"}],"about":[{"href":"https:\/\/www.ccsa.ufpb.br\/ppgcc\/wp-json\/wp\/v2\/types\/post"}],"author":[{"embeddable":true,"href":"https:\/\/www.ccsa.ufpb.br\/ppgcc\/wp-json\/wp\/v2\/users\/567"}],"replies":[{"embeddable":true,"href":"https:\/\/www.ccsa.ufpb.br\/ppgcc\/wp-json\/wp\/v2\/comments?post=963"}],"version-history":[{"count":0,"href":"https:\/\/www.ccsa.ufpb.br\/ppgcc\/wp-json\/wp\/v2\/posts\/963\/revisions"}],"wp:featuredmedia":[{"embeddable":true,"href":"https:\/\/www.ccsa.ufpb.br\/ppgcc\/wp-json\/wp\/v2\/media\/585"}],"wp:attachment":[{"href":"https:\/\/www.ccsa.ufpb.br\/ppgcc\/wp-json\/wp\/v2\/media?parent=963"}],"wp:term":[{"taxonomy":"category","embeddable":true,"href":"https:\/\/www.ccsa.ufpb.br\/ppgcc\/wp-json\/wp\/v2\/categories?post=963"},{"taxonomy":"post_tag","embeddable":true,"href":"https:\/\/www.ccsa.ufpb.br\/ppgcc\/wp-json\/wp\/v2\/tags?post=963"}],"curies":[{"name":"wp","href":"https:\/\/api.w.org\/{rel}","templated":true}]}}