{"id":980,"date":"2018-08-13T13:47:00","date_gmt":"2018-08-13T16:47:00","guid":{"rendered":"https:\/\/www.ccsa.ufpb.br\/ppgcc2\/sem-categoria\/lista-dos-exames-de-qualificacao-turma-2016\/"},"modified":"2018-08-13T13:47:00","modified_gmt":"2018-08-13T16:47:00","slug":"lista-dos-exames-de-qualificacao-turma-2016","status":"publish","type":"post","link":"https:\/\/www.ccsa.ufpb.br\/ppgcc\/noticias\/lista-dos-exames-de-qualificacao-turma-2016\/","title":{"rendered":"LISTA DOS EXAMES DE QUALIFICA\u00c7\u00c3O TURMA 2016"},"content":{"rendered":"<div id=\"viewlet-above-content-title\"><\/div>\n<h2 class=\"nitfSubtitle\"><\/h2>\n<div class=\"documentDescription\">O PPGCC divulga a lista dos exames de qualifica\u00e7\u00e3o p\u00fablicos da turma de doutorado 2016.<\/div>\n<div id=\"viewlet-below-content-title\">\n<div class=\"horizontal\" id=\"viewlet-social-like\" style=\"display:none\">\n<div class=\"sociallike-network-facebook\">\n<!-- Facebook --><\/p>\n<div class=\"fb-like\" data-action=\"like\" data-layout=\"button_count\" data-send=\"false\" data-share=\"False\" data-show-faces=\"false\"><\/div>\n<\/div>\n<div class=\"sociallike-network-twitter\">\n<!-- Twitter -->\n<\/div>\n<div class=\"sociallike-network-gplus\">\n<!-- Google+ --><\/p>\n<div class=\"g-plus\" data-action=\"share\" data-annotation=\"bubble\" data-href=\"https:\/\/www.ccsa.ufpb.br\/ppgcc\/contents\/noticias\/lista-dos-exames-de-qualificacao-turma-2016\">\n<\/div>\n<\/div>\n<\/div>\n<\/div>\n<div class=\"newsLeftPane\">\n<\/div>\n<div>\n<table class=\"plain\">\n<tbody>\n<tr>\n<td nowrap=\"\">\n<p align=\"center\">Aluno<\/p>\n<\/td>\n<td nowrap=\"\">\n<p align=\"center\">Linha de Pesquisa<\/p>\n<\/td>\n<td nowrap=\"\">\n<p align=\"center\">Orientador<\/p>\n<\/td>\n<td nowrap=\"\">\n<p align=\"center\">T\u00edtulo do projeto<\/p>\n<\/td>\n<td nowrap=\"\">\n<p align=\"center\">Presidente<\/p>\n<\/td>\n<td nowrap=\"\">\n<p align=\"center\">Membro Interno &#8211; PPGCC-UFPB<\/p>\n<\/td>\n<td nowrap=\"\">\n<p align=\"center\">Membro Interno &#8211; PPGCC-UFPB<\/p>\n<\/td>\n<td nowrap=\"\">\n<p align=\"center\">Membro Externo &#8211; IES<\/p>\n<\/td>\n<td nowrap=\"\">\n<p align=\"center\">Membro Externo &#8211; IES<\/p>\n<\/td>\n<td nowrap=\"\">\n<p align=\"center\">Membro Externo &#8211; IES<\/p>\n<\/td>\n<td nowrap=\"\">\n<p align=\"center\">Membro Suplente Interno\u00a0 &#8211; PPGCC-UFPB<\/p>\n<\/td>\n<td nowrap=\"\">\n<p align=\"center\">Membro Suplente Externo-IES<\/p>\n<\/td>\n<td nowrap=\"\">\n<p align=\"center\">Data do Exame<\/p>\n<\/td>\n<td nowrap=\"\">\n<p align=\"center\">Hor\u00e1rio do Exame<\/p>\n<\/td>\n<td nowrap=\"\">\n<p align=\"center\">Local do Exame<\/p>\n<\/td>\n<\/tr>\n<tr>\n<td>\n<p align=\"center\">\u00a0Gilberto Magalh\u00e3es da Silva Filho<\/p>\n<\/td>\n<td>\n<p align=\"center\">Internos<\/p>\n<\/td>\n<td>\n<p align=\"center\">Prof. Dr. Paulo Amilton Maia Leite Filho<\/p>\n<\/td>\n<td nowrap=\"\">\n<p align=\"center\">FATORES DETERMINANTES DA INTEN\u00c7\u00c3O DE DEN\u00daNCIA OU DO SIL\u00caNCIO CONIVENTE DA FRAUDE CONT\u00c1BIL: um estudo \u00e0 luz das teorias do comportamento planejado e do tri\u00e2ngulo de fraude<\/p>\n<\/td>\n<td>\n<p align=\"center\">Prof. Dr. Paulo Amilton Maia Leite Filho<\/p>\n<\/td>\n<td nowrap=\"\">\n<p align=\"center\">Prof. Dr. Paulo Aguiar do Monte<\/p>\n<\/td>\n<td nowrap=\"\">\n<p align=\"center\">Prof. Dr. Paulo Roberto N\u00f3brega Cavalcante<\/p>\n<\/td>\n<td nowrap=\"\"><\/td>\n<td nowrap=\"\">\n<p align=\"center\">Prof. Dr. Jos\u00e9 Dion\u00edsio Gomes da Silva-UFRN<\/p>\n<\/td>\n<td nowrap=\"\">\n<p align=\"center\">Prof. Dr. Carlos Eduardo Pimentel-UFPB<\/p>\n<\/td>\n<td nowrap=\"\">\n<p align=\"center\">Prof. Dr. Wenner Glaucio Lopes Lucena<\/p>\n<\/td>\n<td nowrap=\"\">\n<p align=\"center\">Prof. Dr. Sin\u00e9zio Fernandes Maia-UFPB<\/p>\n<\/td>\n<td nowrap=\"\">\n<p align=\"center\">15\/08\/2018<\/p>\n<\/td>\n<td nowrap=\"\">\n<p align=\"center\">9h<\/p>\n<\/td>\n<td nowrap=\"\">\n<p align=\"center\">Sala 08 do Bloco de P\u00f3s-Gradua\u00e7\u00e3o do CCSA<\/p>\n<\/td>\n<\/tr>\n<tr>\n<td>\n<p align=\"center\">Emanoel Truta do Bomfim<\/p>\n<\/td>\n<td>\n<p align=\"center\">Internos<\/p>\n<\/td>\n<td>\n<p align=\"center\">Prof. Dr. Aldo Leonardo Cunha Callado<\/p>\n<\/td>\n<td nowrap=\"\">\n<p align=\"center\">FATORES CONTINGENCIAIS, ESTRAT\u00c9GIAS COMPETITIVAS E DESEMPENHO FINANCEIRO<\/p>\n<\/td>\n<td>\n<p align=\"center\">Prof. Dr. Aldo Leonardo Cunha Callado<\/p>\n<\/td>\n<td nowrap=\"\">\n<p align=\"center\">Prof. Dr. Wenner Glaucio Lopes Lucena<\/p>\n<\/td>\n<td nowrap=\"\">\n<p align=\"center\">Prof. Dr. Paulo Aguiar do Monte<\/p>\n<\/td>\n<td nowrap=\"\"><\/td>\n<td nowrap=\"\">\n<p align=\"center\">Prof. Dr. Cl\u00e1udio Ara\u00fajo Wanderley-UFPE<\/p>\n<\/td>\n<td nowrap=\"\">\n<p align=\"center\">Prof. Dr. Carlos Alberto Diehl-UNISINOS<\/p>\n<\/td>\n<td>\n<p align=\"center\">Prof. Dr. Paulo Amilton Maia Leite Filho<\/p>\n<\/td>\n<td nowrap=\"\">\n<p align=\"center\">Prof. Dr. Andr\u00e9 Gustavo Carvalho Machado-UFPB<\/p>\n<\/td>\n<td nowrap=\"\">\n<p align=\"center\">24\/08\/2018<\/p>\n<\/td>\n<td nowrap=\"\">\n<p align=\"center\">17h<\/p>\n<\/td>\n<td nowrap=\"\">\n<p align=\"center\">Sala 08 do Bloco de P\u00f3s-Gradua\u00e7\u00e3o do CCSA<\/p>\n<\/td>\n<\/tr>\n<tr>\n<td>\n<p align=\"center\">Evaldo Jos\u00e9 da Silva<\/p>\n<\/td>\n<td>\n<p align=\"center\">Externos<\/p>\n<\/td>\n<td>\n<p align=\"center\">Prof. Dr. Paulo Roberto N\u00f3brega Cavalcante<\/p>\n<\/td>\n<td nowrap=\"\">\n<p align=\"center\">A EXPLORA\u00c7\u00c3O DA CAPACIDADE FISCAL E A QUALIDADE DE VIDA DA POPULA\u00c7\u00c3O NOS MUNIC\u00cdPIOS BRASILEIROS<\/p>\n<\/td>\n<td>\n<p align=\"center\">Prof. Dr. Paulo Roberto N\u00f3brega Cavalcante<\/p>\n<\/td>\n<td nowrap=\"\">\n<p align=\"center\">Prof. Dr. Josedilton Alves Diniz<\/p>\n<\/td>\n<td nowrap=\"\">\n<p align=\"center\">Prof. Dr. Dimas Barreto de Queiroz<\/p>\n<\/td>\n<td nowrap=\"\"><\/td>\n<td nowrap=\"\">\n<p align=\"center\">Prof. Dr. Jos\u00e9 Dion\u00edsio Gomes da Silva-UFRN<\/p>\n<\/td>\n<td nowrap=\"\">\n<p align=\"center\">Prof. Dr. Jeronymo Jos\u00e9 Libonati &#8211; UFPE<\/p>\n<\/td>\n<td nowrap=\"\">\n<p align=\"center\">Prof\u00aa Dra. Renata Paes de Barros C\u00e2mara<\/p>\n<\/td>\n<td nowrap=\"\">\n<p align=\"center\">Prof. Dr. Al\u00e9ssio Tony Cavalcante de Almeida &#8211; UFPB<\/p>\n<\/td>\n<td nowrap=\"\">\n<p align=\"center\">29\/08\/2018<\/p>\n<\/td>\n<td nowrap=\"\">\n<p align=\"center\">15h<\/p>\n<\/td>\n<td nowrap=\"\">\n<p align=\"center\">Sala 08 do Bloco de P\u00f3s-Gradua\u00e7\u00e3o do CCSA<\/p>\n<\/td>\n<\/tr>\n<tr>\n<td>\n<p align=\"center\">Augusto Cezar da Cunha e Silva Filho<\/p>\n<\/td>\n<td>\n<p align=\"center\">Externos<\/p>\n<\/td>\n<td>\n<p align=\"center\">Prof\u00aa Dra M\u00e1rcia Reis Machado<\/p>\n<\/td>\n<td nowrap=\"\">\n<p align=\"center\">COMPARABILIDADE DOS RELAT\u00d3RIOS FINANCEIROS E PERFORMANCE DOS ANALISTAS<\/p>\n<\/td>\n<td nowrap=\"\">\n<p align=\"center\">Prof\u00aa Dra. M\u00e1rcia Reis Machado<\/p>\n<\/td>\n<td nowrap=\"\">\n<p align=\"center\">Prof. Dr. Orleans Silva Martins<\/p>\n<\/td>\n<td nowrap=\"\">\n<p align=\"center\"><span>Prof. Dr. Paulo Roberto N\u00f3brega Cavalcante<\/span><\/p>\n<\/td>\n<td nowrap=\"\"><\/td>\n<td nowrap=\"\">\n<p align=\"center\">Prof\u00aa Dra. Sirlei Lemes &#8211; UFU<\/p>\n<\/td>\n<td nowrap=\"\">\n<p align=\"center\">Prof. Dr. Marcelo \u00c1lvaro da Silva Macedo &#8211; UFRJ<\/p>\n<\/td>\n<td nowrap=\"\">\n<p align=\"center\">Prof. Dr. Edilson Paulo<\/p>\n<\/td>\n<td nowrap=\"\">\n<p align=\"center\">Prof. Dr. Vinicius Gomes Martins<\/p>\n<\/td>\n<td nowrap=\"\">\n<p align=\"center\">27\/08\/2018<\/p>\n<\/td>\n<td nowrap=\"\">\n<p align=\"center\">14h<\/p>\n<\/td>\n<td nowrap=\"\">\n<p align=\"center\">Sala 08 do Bloco de P\u00f3s-Gradua\u00e7\u00e3o do CCSA<\/p>\n<\/td>\n<\/tr>\n<tr>\n<td>\n<p align=\"center\">Ariane Firmeza Mota<\/p>\n<\/td>\n<td>\n<p align=\"center\">Externos<\/p>\n<\/td>\n<td>\n<p align=\"center\">Prof. Dr. Edilson Paulo<\/p>\n<\/td>\n<td>\n<p align=\"center\">GESTOR E AS POL\u00cdTICAS GOVERNAMENTAIS COMO DETERMINANTES DA IDIOSSINCRASIA DAS FIRMAS NO GERENCIAMENTO DE RESULTADOS<\/p>\n<\/td>\n<td>\n<p align=\"center\">Prof. Dr. Edilson Paulo<\/p>\n<\/td>\n<td nowrap=\"\">\n<p align=\"center\">Prof. Dr. Wenner Glaucio Lopes Lucena<\/p>\n<\/td>\n<td nowrap=\"\">\n<p align=\"center\">Prof. Dr. Dimas Barreto de Queiroz<\/p>\n<\/td>\n<td nowrap=\"\"><\/td>\n<td nowrap=\"\">\n<p align=\"center\">Prof. Dr. Jomar Miranda Rodrigues-UnB<\/p>\n<\/td>\n<td nowrap=\"\">\n<p align=\"center\">Prof. Dr. Luiz Carlos Marques dos Anjos &#8211; UFPE<\/p>\n<\/td>\n<td nowrap=\"\">\n<p align=\"center\">Prof. Dr. Paulo Amilton Maia Leite Filho<\/p>\n<\/td>\n<td nowrap=\"\">\n<p align=\"center\">Prof. Dr. Clayton Levy Lima de Melo &#8211; UFRN<\/p>\n<\/td>\n<td nowrap=\"\">\n<p align=\"center\">27\/08\/2018<\/p>\n<\/td>\n<td nowrap=\"\">\n<p align=\"center\">15h<\/p>\n<\/td>\n<td nowrap=\"\">\n<p align=\"center\">Sala de v\u00eddeoconfer\u00eancia do CCSA<\/p>\n<\/td>\n<\/tr>\n<tr>\n<td>\n<p>Paulo Henrique Nobre Parente<\/p>\n<\/td>\n<td>\n<p align=\"center\">Externos<\/p>\n<\/td>\n<td>\n<p align=\"center\">Prof. Dr. Edilson Paulo<\/p>\n<\/td>\n<td nowrap=\"\">\n<p align=\"center\">GERENCIAMENTO DE PERCEP\u00c7\u00d5ES E CONEX\u00c3O POL\u00cdTICA NO BRASIL<\/p>\n<\/td>\n<td>\n<p align=\"center\">Prof. Dr. Edilson Paulo<\/p>\n<\/td>\n<td nowrap=\"\">\n<p align=\"center\">Prof. Dr. Luiz Felipe de Ara\u00fajo Pontes Gir\u00e3o<\/p>\n<\/td>\n<td nowrap=\"\"><\/td>\n<td nowrap=\"\">\n<p align=\"center\">Prof. Dr. Silvio Hiroshi Nakao-USP<\/p>\n<\/td>\n<td nowrap=\"\">\n<p align=\"center\">Prof\u00aa Dra. Isabel Maria Estima Costa Loreun\u00e7o- ISCTE<\/p>\n<\/td>\n<td nowrap=\"\">\n<p align=\"center\">Prof. Dr. Paulo Roberto da Cunha &#8211; FURB<\/p>\n<\/td>\n<td nowrap=\"\">\n<p align=\"center\">Prof. Dr. Paulo Roberto Nobrega Cavalcante<\/p>\n<\/td>\n<td nowrap=\"\">\n<p align=\"center\">Prof. Dr. Odilanei Moraes dos Santos &#8211; UFRJ<\/p>\n<\/td>\n<td nowrap=\"\">\n<p align=\"center\">05\/09\/2018<\/p>\n<\/td>\n<td nowrap=\"\">\n<p align=\"center\">14h<\/p>\n<\/td>\n<td nowrap=\"\">\n<p align=\"center\">Sala 08 do Bloco de P\u00f3s-Gradua\u00e7\u00e3o do CCSA<\/p>\n<\/td>\n<\/tr>\n<\/tbody>\n<\/table>\n<\/div>\n<div class=\"newsview\">\n<\/div>\n","protected":false},"excerpt":{"rendered":"<p>O PPGCC divulga a lista dos exames de qualifica\u00e7\u00e3o p\u00fablicos da turma de doutorado 2016. [&hellip;]<\/p>\n","protected":false},"author":567,"featured_media":585,"comment_status":"open","ping_status":"open","sticky":false,"template":"","format":"standard","meta":{"footnotes":""},"categories":[3],"tags":[],"class_list":["post-980","post","type-post","status-publish","format-standard","has-post-thumbnail","hentry","category-noticias"],"_links":{"self":[{"href":"https:\/\/www.ccsa.ufpb.br\/ppgcc\/wp-json\/wp\/v2\/posts\/980","targetHints":{"allow":["GET"]}}],"collection":[{"href":"https:\/\/www.ccsa.ufpb.br\/ppgcc\/wp-json\/wp\/v2\/posts"}],"about":[{"href":"https:\/\/www.ccsa.ufpb.br\/ppgcc\/wp-json\/wp\/v2\/types\/post"}],"author":[{"embeddable":true,"href":"https:\/\/www.ccsa.ufpb.br\/ppgcc\/wp-json\/wp\/v2\/users\/567"}],"replies":[{"embeddable":true,"href":"https:\/\/www.ccsa.ufpb.br\/ppgcc\/wp-json\/wp\/v2\/comments?post=980"}],"version-history":[{"count":0,"href":"https:\/\/www.ccsa.ufpb.br\/ppgcc\/wp-json\/wp\/v2\/posts\/980\/revisions"}],"wp:featuredmedia":[{"embeddable":true,"href":"https:\/\/www.ccsa.ufpb.br\/ppgcc\/wp-json\/wp\/v2\/media\/585"}],"wp:attachment":[{"href":"https:\/\/www.ccsa.ufpb.br\/ppgcc\/wp-json\/wp\/v2\/media?parent=980"}],"wp:term":[{"taxonomy":"category","embeddable":true,"href":"https:\/\/www.ccsa.ufpb.br\/ppgcc\/wp-json\/wp\/v2\/categories?post=980"},{"taxonomy":"post_tag","embeddable":true,"href":"https:\/\/www.ccsa.ufpb.br\/ppgcc\/wp-json\/wp\/v2\/tags?post=980"}],"curies":[{"name":"wp","href":"https:\/\/api.w.org\/{rel}","templated":true}]}}