{"id":989,"date":"2018-06-01T10:08:00","date_gmt":"2018-06-01T13:08:00","guid":{"rendered":"https:\/\/www.ccsa.ufpb.br\/ppgcc2\/sem-categoria\/exames-de-pre-banca-do-projeto-de-dissertacao-1\/"},"modified":"2018-06-01T10:08:00","modified_gmt":"2018-06-01T13:08:00","slug":"exames-de-pre-banca-do-projeto-de-dissertacao-1","status":"publish","type":"post","link":"https:\/\/www.ccsa.ufpb.br\/ppgcc\/noticias\/exames-de-pre-banca-do-projeto-de-dissertacao-1\/","title":{"rendered":"Exames de Pr\u00e9-banca do Projeto de Disserta\u00e7\u00e3o"},"content":{"rendered":"<div id=\"viewlet-above-content-title\"><\/div>\n<h2 class=\"nitfSubtitle\"><\/h2>\n<div class=\"documentDescription\"><\/div>\n<div id=\"viewlet-below-content-title\">\n<div class=\"horizontal\" id=\"viewlet-social-like\" style=\"display:none\">\n<div class=\"sociallike-network-facebook\">\n<!-- Facebook --><\/p>\n<div class=\"fb-like\" data-action=\"like\" data-layout=\"button_count\" data-send=\"false\" data-share=\"False\" data-show-faces=\"false\"><\/div>\n<\/div>\n<div class=\"sociallike-network-twitter\">\n<!-- Twitter -->\n<\/div>\n<div class=\"sociallike-network-gplus\">\n<!-- Google+ --><\/p>\n<div class=\"g-plus\" data-action=\"share\" data-annotation=\"bubble\" data-href=\"https:\/\/www.ccsa.ufpb.br\/ppgcc\/contents\/noticias\/exames-de-pre-banca-do-projeto-de-dissertacao-1\">\n<\/div>\n<\/div>\n<\/div>\n<\/div>\n<div class=\"newsLeftPane\">\n<\/div>\n<div>\n<table class=\"plain\">\n<tbody>\n<tr>\n<th><span>Aluno<\/span><\/th>\n<th><span>Linha de Pesquisa<\/span><\/th>\n<th><span>Orientador<\/span><\/th>\n<th><span>T\u00edtulo do projeto<\/span><\/th>\n<th><span>Presidente<\/span><\/th>\n<th><span>Membro Interno &#8211; PPGCC-UFPB<\/span><\/th>\n<th><span>Membro Externo &#8211; IES<\/span><\/th>\n<th><span>Membro Suplente &#8211; PPGCC-UFPB<\/span><\/th>\n<th><span>Data do Exame<\/span><\/th>\n<th><span>Hor\u00e1rio do Exame<\/span><\/th>\n<th><span>Local do Exame<\/span><\/th>\n<\/tr>\n<tr>\n<td><span>Adilia Ribeiro Coutinho Suassuna Dutra Florentino<\/span><\/td>\n<td><span>Informa\u00e7\u00e3o Cont\u00e1bil para Usu\u00e1rios Internos<\/span><\/td>\n<td><span>Prof. Dr. Ant\u00f4nio Andr\u00e9 Cunha\u00a0 Callado<\/span><\/td>\n<td><span>ADO\u00c7\u00c3O DE ARTEFATOS GERENCIAIS: UM ESTUDO EMP\u00cdRICO A PARTIR DA TEORIA DA CONTIG\u00caNCIA NO \u00c2MBITO DE EMPRESAS DO SETOR HOTELEIRO DE JO\u00c3O PESSOA<\/span><\/td>\n<td><span>Prof. Dr. Ant\u00f4nio Andr\u00e9 Cunha\u00a0 Callado<\/span><\/td>\n<td><span>Prof\u00aa Dra. Renata Paes de Barros C\u00e2mara<\/span><\/td>\n<td><span>Prof\u00aa Dra Carla Renata Silva Leit\u00e3o<\/span><\/td>\n<td><span>Prof\u00aa Dra Simone Bastos Paiva<\/span><\/td>\n<td><span>11\/06\/2018<\/span><\/td>\n<td><span>11h<\/span><\/td>\n<td><span>Sala 08 do Bloco de P\u00f3s-Gradua\u00e7\u00e3o do CCSA<\/span><\/td>\n<\/tr>\n<tr>\n<td><span>Aluska Ramos de Lira<\/span><\/td>\n<td><span>Informa\u00e7\u00e3o Cont\u00e1bil para Usu\u00e1rios Externos<\/span><\/td>\n<td><span>Prof. Dr. JosediltonAlves Diniz<\/span><\/td>\n<td><span>FATORES DETERMINANTES DO N\u00cdVEL DE RECURSOS INTERNOS NOS MUNIC\u00cdPIOS BRASILEIROS<\/span><\/td>\n<td><span>Prof. Dr. JosediltonAlves Diniz<\/span><\/td>\n<td><span>Prof. Dr. Dimas Barreto de Queiroz<\/span><\/td>\n<td>Prof. Dr. Severino Ces\u00e1rio de Lima-UFRN<\/td>\n<td><span>Prof\u00aa Dra. Rossana Guerra de Sousa<\/span><\/td>\n<td><span>04\/06\/2018<\/span><\/td>\n<td><span>9h<\/span><\/td>\n<td><span>Sala 15 do Bloco de P\u00f3s-Gradua\u00e7\u00e3o do CCSA<\/span><\/td>\n<\/tr>\n<tr>\n<td><span>Djones Derkyan Teixeira dos Santos<\/span><\/td>\n<td><span>Informa\u00e7\u00e3o Cont\u00e1bil para Usu\u00e1rios Externos<\/span><\/td>\n<td><span>Prof\u00aa Dra. Rossana Guerra de Sousa<\/span><\/td>\n<td><span>O PERFIL SOCIOECON\u00d4MICO DA POPULA\u00c7\u00c3O E SUA INFLU\u00caNCIA NA CONDI\u00c7\u00c3O FINANCEIRA GOVERNAMENTAL: UM ESTUDO NOS ESTADOS BRASILEIROS<\/span><\/td>\n<td><span>Prof\u00aa Dra Rossana Guerra de Sousa<\/span><\/td>\n<td><span>Prof. Dr. JosediltonAlves Diniz<\/span><\/td>\n<td><span>Prof. Dr. Severino Ces\u00e1rio de Lima-UFRN<\/span><\/td>\n<td><span>Prof. Dr. Dimas Barreto de Queiroz<\/span><\/td>\n<td><span>04\/06\/2018<\/span><\/td>\n<td><span>10h30min<\/span><\/td>\n<td><span>Sala 15 do Bloco de P\u00f3s-Gradua\u00e7\u00e3o do CCSA<\/span><\/td>\n<\/tr>\n<tr>\n<td><span>Kamilla Alves Barreto<\/span><\/td>\n<td><span>Informa\u00e7\u00e3o Cont\u00e1bil para Usu\u00e1rios Internos<\/span><\/td>\n<td><span>Prof. Dr. Aldo Leonardo\u00a0 Cunha\u00a0 Callado<\/span><\/td>\n<td><span>PR\u00c1TICAS DE CONTABILIDADE GERENCIAL E FATORES CONTIGENCIAIS EM AGROIND\u00daSTRIAS PARAIBANAS<\/span><\/td>\n<td><span>Prof. Dr. Aldo Leonardo\u00a0 Cunha\u00a0 Callado<\/span><\/td>\n<td><span>Prof\u00aa Dra. Renata Paes de Barros C\u00e2mara<\/span><\/td>\n<td><span>Prof. Dr. Adilson Celestino de Lima-UFRPE<\/span><\/td>\n<td><span>Prof. Dr. Wenner Glaucio Lopes Lucena<\/span><\/td>\n<td><span>05\/06\/2018<\/span><\/td>\n<td><span>9h30min<\/span><\/td>\n<td><span>Sala 08 do Bloco de P\u00f3s-Gradua\u00e7\u00e3o do CCSA<\/span><\/td>\n<\/tr>\n<tr>\n<td><span>Leandro da Costa Santos<\/span><\/td>\n<td><span>Informa\u00e7\u00e3o Cont\u00e1bil para Usu\u00e1rios Externos<\/span><\/td>\n<td><span>Prof\u00aa Dra. M\u00e1rcia Reis Machado<\/span><\/td>\n<td><span>A INFLU\u00caNCIA DA ESTRUTURA DE PROPRIEDADE E CONTROLE DAS EMPRESAS ESTATAIS NO PROCESSO DE GERA\u00c7\u00c3O DE RIQUEZA<\/span><\/td>\n<td><span>Prof\u00aa Dra Marcia Reis Machado<\/span><\/td>\n<td><span>Prof. Dr. Paulo Roberto N\u00f3brega Cavalcante<\/span><\/td>\n<td><span>Prof. Dr. Rodrigo de Souza Gon\u00e7alves-UnB<\/span><\/td>\n<td><span>Prof. Dr. JosediltonAlves Diniz<\/span><\/td>\n<td><span>06\/06\/2018<\/span><\/td>\n<td><span>9h<\/span><\/td>\n<td><span>Sala de video conferencia do CCSA<\/span><\/td>\n<\/tr>\n<tr>\n<td><span>L\u00edvia Maria Freire de Morais<\/span><\/td>\n<td><span>Informa\u00e7\u00e3o Cont\u00e1bil para Usu\u00e1rios Internos<\/span><\/td>\n<td><span>Prof. Dr. Dimas Barreto Queiroz<\/span><\/td>\n<td><span>CICLOS POL\u00cdTICO-OR\u00c7AMENT\u00c1RIOS E MUDAN\u00c7AS NA COMPOSI\u00c7\u00c3O DOS GASTOS P\u00daBLICOS: UM ESTUDO NOS MUNIC\u00cdPIOS BRASILEIROS<\/span><\/td>\n<td><span>Prof. Dr. Dimas Barreto de Queiroz<\/span><\/td>\n<td><span>Prof\u00aa Dra. Rossana Guerra de Sousa<\/span><\/td>\n<td><span>Prof. Dr.Jevuks Matheus de Ara\u00fajo-UFPB<\/span><\/td>\n<td><span>Prof. Dr. Josedilton Alves Diniz<\/span><\/td>\n<td><span>08\/06\/2018<\/span><\/td>\n<td><span>17h<\/span><\/td>\n<td><span>Sala 08 do Bloco de P\u00f3s-Gradua\u00e7\u00e3o do CCSA<\/span><\/td>\n<\/tr>\n<tr>\n<td><span>Thais Lira de Figueiredo Sarmento<\/span><\/td>\n<td><span>Informa\u00e7\u00e3o Cont\u00e1bil para Usu\u00e1rios Internos<\/span><\/td>\n<td><span>Prof\u00aa Dra. Renata Paes de Barros C\u00e2mara<\/span><\/td>\n<td><span>PR\u00c1TICAS E MONITORIA DO DESEMPENHO AMBIENTAL: Uma an\u00e1lise atrav\u00e9s da Teoria do Ciclo de Vida Organizacional<\/span><\/td>\n<td><span>Prof\u00aa Dra. Renata Paes de Barros C\u00e2mara<\/span><\/td>\n<td><span>Prof. Dr. Ant\u00f4nio Andr\u00e9 Cunha\u00a0 Callado<\/span><\/td>\n<td><span>Prof\u00aa Dra. Patricia Alves Ramiro-UFPB<\/span><\/td>\n<td><span>Prof. Dr. Aldo Leonardo Cunha Callado<\/span><\/td>\n<td><span>11\/06\/2018<\/span><\/td>\n<td><span>12h<\/span><\/td>\n<td>\n<p align=\"center\"><span>Sala 08 do Bloco de P\u00f3s-Gradua\u00e7\u00e3o do CCSA<\/span><\/p>\n<\/td>\n<\/tr>\n<tr>\n<td><span><span>Rayane de Lima Silva<\/span><\/span><\/td>\n<td><span><span>Informa\u00e7\u00e3o Cont\u00e1bil para Usu\u00e1rios Internos<\/span><\/span><\/td>\n<td><span><span>Prof. Dr. Paulo Amilton Maia Leite Filho<\/span><\/span><\/td>\n<td><span><span>A AN\u00c1LISE DA RELA\u00c7\u00c3O ENTRE A REMUNERA\u00c7\u00c3O DO PROFISSIONAL CONT\u00c1BIL E A UTILIDADE DA INFORMA\u00c7\u00c3O CONT\u00c1BIL<\/span><\/span><\/td>\n<td><span><span>Prof. Dr. Paulo Amilton Maia Leite Filho<\/span><\/span><\/td>\n<td><span><span>Prof. Dr. Paulo Roberto N\u00f3brega Cavalcante<\/span><\/span><\/td>\n<td><span><span>Prof. Dr. Sin\u00e9zio Fernandes Maia &#8211; UFPB<\/span><\/span><\/td>\n<td><span><span>Prof. Dr. Paulo Aguiar do Monte<\/span><\/span><\/td>\n<td><span><span>05\/06\/2018<\/span><\/span><\/td>\n<td><span><span>8h<\/span><\/span><\/td>\n<td>\n<p align=\"center\"><span>Sala 03 do bloco de P\u00f3s-Gradua\u00e7\u00e3o<\/span><\/p>\n<\/td>\n<\/tr>\n<tr>\n<td><span><span><span>Jos\u00e9 Ricardo Revor\u00eado da Silva<\/span><\/span><\/span><\/td>\n<td><span><span><span>Informa\u00e7\u00e3o Cont\u00e1bil para Usu\u00e1rios Externos<\/span><\/span><\/span><\/td>\n<td><span><span><span>Prof. Dr. Edilson Paulo<\/span><\/span><\/span><\/td>\n<td><span><span><span>INFORMA\u00c7\u00d5ES CONT\u00c1BEIS E ATIVIDADE ECON\u00d4MICA: A RELA\u00c7\u00c3O ENTRE O DESEMPENHO DAS FIRMAS E CRESCIMENTO ECON\u00d4MICO DO BRASIL<\/span><\/span><\/span><\/td>\n<td><span><span><span>Prof. Dr. Dimas Barreto de Queiroz<\/span><\/span><\/span><\/td>\n<td><span><span><span>Prof. Dr. Luiz Felipe de Araujo Pontes Gir\u00e3o<\/span><\/span><\/span><\/td>\n<td><span><span><span>Prof. Dr. Renato Henrique Gurgel Mota &#8211;\u00a0 UFRN<\/span><\/span><\/span><\/td>\n<td><span><span><span>Prof. Dr. Paulo Amilton Maia Leite Filho<\/span><\/span><\/span><\/td>\n<td><span><span>04\/06\/2018<\/span><\/span><\/td>\n<td><span><span>17h30min<\/span><\/span><\/td>\n<td>\n<p align=\"center\"><span><span>Sala de V\u00eddeoconfer\u00eancia do CCSA<\/span><\/span><\/p>\n<\/td>\n<\/tr>\n<\/tbody>\n<\/table>\n<\/div>\n<div class=\"newsview\">\n<\/div>\n","protected":false},"excerpt":{"rendered":"<p>Aluno Linha de Pesquisa Orientador T\u00edtulo do projeto Presidente Membro Interno &#8211; PPGCC-UFPB Membro Externo [&hellip;]<\/p>\n","protected":false},"author":567,"featured_media":585,"comment_status":"open","ping_status":"open","sticky":false,"template":"","format":"standard","meta":{"footnotes":""},"categories":[3],"tags":[],"class_list":["post-989","post","type-post","status-publish","format-standard","has-post-thumbnail","hentry","category-noticias"],"_links":{"self":[{"href":"https:\/\/www.ccsa.ufpb.br\/ppgcc\/wp-json\/wp\/v2\/posts\/989","targetHints":{"allow":["GET"]}}],"collection":[{"href":"https:\/\/www.ccsa.ufpb.br\/ppgcc\/wp-json\/wp\/v2\/posts"}],"about":[{"href":"https:\/\/www.ccsa.ufpb.br\/ppgcc\/wp-json\/wp\/v2\/types\/post"}],"author":[{"embeddable":true,"href":"https:\/\/www.ccsa.ufpb.br\/ppgcc\/wp-json\/wp\/v2\/users\/567"}],"replies":[{"embeddable":true,"href":"https:\/\/www.ccsa.ufpb.br\/ppgcc\/wp-json\/wp\/v2\/comments?post=989"}],"version-history":[{"count":0,"href":"https:\/\/www.ccsa.ufpb.br\/ppgcc\/wp-json\/wp\/v2\/posts\/989\/revisions"}],"wp:featuredmedia":[{"embeddable":true,"href":"https:\/\/www.ccsa.ufpb.br\/ppgcc\/wp-json\/wp\/v2\/media\/585"}],"wp:attachment":[{"href":"https:\/\/www.ccsa.ufpb.br\/ppgcc\/wp-json\/wp\/v2\/media?parent=989"}],"wp:term":[{"taxonomy":"category","embeddable":true,"href":"https:\/\/www.ccsa.ufpb.br\/ppgcc\/wp-json\/wp\/v2\/categories?post=989"},{"taxonomy":"post_tag","embeddable":true,"href":"https:\/\/www.ccsa.ufpb.br\/ppgcc\/wp-json\/wp\/v2\/tags?post=989"}],"curies":[{"name":"wp","href":"https:\/\/api.w.org\/{rel}","templated":true}]}}